{"id":17717,"date":"2022-09-14T22:12:54","date_gmt":"2022-09-15T01:12:54","guid":{"rendered":"https:\/\/revistaepocadigital.com.ar\/?p=17717"},"modified":"2022-09-14T22:45:41","modified_gmt":"2022-09-15T01:45:41","slug":"mauricio-di-yorio-un-actor-que-va-por-mas","status":"publish","type":"post","link":"https:\/\/revistaepocadigital.com.ar\/?p=17717","title":{"rendered":"Mauricio Di Yorio, un actor que puede llegar alto"},"content":{"rendered":"<h2><strong><span style=\"color: #222222; font-family: Verdana, Geneva, sans-serif; font-size: 15px;\">EL APELLIDO DI YORIO.<\/span><\/strong><\/h2>\n<h6>Ligado \u00edntimamente a la historia cardalense desde hace d\u00e9cadas, inmerso de lleno en la comunidad, en sus cosas, en el quehacer diario.<\/h6>\n<h6><span style=\"color: #222px;\">Representante de la nueva generaci\u00f3n del apellido Di Yorio, Mauricio (uno de los hijos de Alberto, muy conocido vecinos de Cardales) se volc\u00f3 a la actuaci\u00f3n; es actor y por sus condiciones y convicciones, contin\u00faa consolid\u00e1ndose y alcanzando reconocimientos.<\/span><\/h6>\n<h2><span style=\"color: #222222; font-family: Verdana, Geneva, sans-serif; font-size: 15px;\">En tal sentido, Mauricio Di Yorio, refleja que sus pasos como actor son m\u00e1s que auspiciosos. Ha sido nominado para la cercana entrega de los conocidos Premios C\u00f3ndor como &#8220;mejor actor de reparto&#8221; por su participaci\u00f3n &#8220;El Perfecto David&#8221;. La pel\u00edcula a estrenarse en los cines el pr\u00f3ximo 9 de diciembre, es\u00a0<\/span><span style=\"color: #222222; font-family: Verdana, Geneva, sans-serif; font-size: 15px;\">un drama con producci\u00f3n argentino-uruguaya, dirigida por Felipe G\u00f3mez Aparicio, ya ha sido exhibida en festivales en el exterior. Narra la historia de un adolescente que busca conseguir un cuerpo perfecto, apoyado en el cuidado y preparaci\u00f3n f\u00edsica excesiva, impulsado por los ideales obsesivos de su madre. Y mientras tanto, Mauricio recibi\u00f3 reconocimientos del intendente de Exaltaci\u00f3n de la Cruz, Diego Nanni, y del Concejo Deliberante del distrito en ocasi\u00f3n de los tradicionales festejos patronales.<\/span><\/h2>\n<p>&nbsp;<\/p>\n<p><img loading=\"lazy\" decoding=\"async\" class=\"size-full wp-image-17804\" src=\"https:\/\/revistaepocadigital.com.ar\/wp-content\/uploads\/2022\/09\/di-yo-h-1-1.jpg\" alt=\"\" width=\"983\" height=\"1229\" srcset=\"https:\/\/revistaepocadigital.com.ar\/wp-content\/uploads\/2022\/09\/di-yo-h-1-1.jpg 983w, https:\/\/revistaepocadigital.com.ar\/wp-content\/uploads\/2022\/09\/di-yo-h-1-1-240x300.jpg 240w, https:\/\/revistaepocadigital.com.ar\/wp-content\/uploads\/2022\/09\/di-yo-h-1-1-960x1200.jpg 960w, https:\/\/revistaepocadigital.com.ar\/wp-content\/uploads\/2022\/09\/di-yo-h-1-1-768x960.jpg 768w, https:\/\/revistaepocadigital.com.ar\/wp-content\/uploads\/2022\/09\/di-yo-h-1-1-696x870.jpg 696w, https:\/\/revistaepocadigital.com.ar\/wp-content\/uploads\/2022\/09\/di-yo-h-1-1-336x420.jpg 336w, https:\/\/revistaepocadigital.com.ar\/wp-content\/uploads\/2022\/09\/di-yo-h-1-1-672x840.jpg 672w\" sizes=\"auto, (max-width: 983px) 100vw, 983px\" \/><\/p>\n<div>\n<div class=\"hf30pyar lq84ybu9 ta68dy8c kpwa50dg lk0hwhjd cmg2g80i\" data-visualcompletion=\"ignore-dynamic\">\n<div>\n<div>\n<div>\n<div class=\"om3e55n1\">\n<div class=\"i85zmo3j rtxb060y alzwoclg k1z55t6l siu44isn oog5qr5w m8h3af8h rj0o91l8 kjdc1dyq p9ctufpz pvreidsc oxkhqvkx n68fow1o nch0832m mfycix9x\">\n<div class=\"i85zmo3j alzwoclg cgu29s5g lq84ybu9 hf30pyar\"><strong>Premios C\u00f3ndor de Plata.<\/strong><\/div>\n<h5>Rubro Revelaci\u00f3n Masculina:<\/h5>\n<h5><strong style=\"font-family: Verdana, Geneva, sans-serif; font-size: 15px; color: #222222;\">\u2022 <\/strong><span style=\"font-family: Verdana, Geneva, sans-serif; font-size: 15px; color: #222222;\">Nahuel Cabral por \u201cLas ranas\u201d.<\/span><\/h5>\n<\/div>\n<\/div>\n<\/div>\n<\/div>\n<\/div>\n<\/div>\n<\/div>\n<p><strong>\u2022<\/strong> <strong>Mauricio Di Yorio por \u201cEl Perfecto David\u201d.<\/strong><\/p>\n<p><strong>\u2022 <\/strong>Daniel Katz por \u201cEl perro que no calla\u201d.<\/p>\n<p><strong>\u2022 <\/strong>Mart\u00edn L\u00f3pez Lacci por \u201cKarnawal\u201d.<\/p>\n<p><strong>\u2022 <\/strong>Rodrigo Torres por \u201cImplosi\u00f3n\u201d.<\/p>\n<figure id=\"attachment_17720\" aria-describedby=\"caption-attachment-17720\" style=\"width: 553px\" class=\"wp-caption aligncenter\"><img loading=\"lazy\" decoding=\"async\" class=\"size-full wp-image-17720\" src=\"https:\/\/revistaepocadigital.com.ar\/wp-content\/uploads\/2022\/09\/di-yori-h.jpg\" alt=\"\" width=\"553\" height=\"396\" srcset=\"https:\/\/revistaepocadigital.com.ar\/wp-content\/uploads\/2022\/09\/di-yori-h.jpg 553w, https:\/\/revistaepocadigital.com.ar\/wp-content\/uploads\/2022\/09\/di-yori-h-300x215.jpg 300w\" sizes=\"auto, (max-width: 553px) 100vw, 553px\" \/><figcaption id=\"caption-attachment-17720\" class=\"wp-caption-text\">Mauricio Di Yorio en &#8220;El Perfecto David&#8221;<\/figcaption><\/figure>\n<p>&nbsp;<\/p>\n","protected":false},"excerpt":{"rendered":"<p>EL APELLIDO DI YORIO. Ligado \u00edntimamente a la historia cardalense desde hace d\u00e9cadas, inmerso de lleno en la comunidad, en sus cosas, en el quehacer diario. Representante de la nueva generaci\u00f3n del apellido Di Yorio, Mauricio (uno de los hijos de Alberto, muy conocido vecinos de Cardales) se volc\u00f3 a la actuaci\u00f3n; es actor y [&hellip;]<\/p>\n","protected":false},"author":4,"featured_media":17806,"comment_status":"open","ping_status":"open","sticky":false,"template":"","format":"standard","meta":{"footnotes":"","jetpack_publicize_message":"","jetpack_publicize_feature_enabled":true,"jetpack_social_post_already_shared":false,"jetpack_social_options":{"image_generator_settings":{"template":"highway","default_image_id":0,"font":"","enabled":false},"version":2}},"categories":[4,12],"tags":[2031,2032,2033],"class_list":["post-17717","post","type-post","status-publish","format-standard","has-post-thumbnail","hentry","category-aqui-los-cardales","category-espectaculos","tag-mauricio-di-yorio","tag-pefecto-david","tag-premios-condor"],"jetpack_publicize_connections":[],"jetpack_featured_media_url":"https:\/\/revistaepocadigital.com.ar\/wp-content\/uploads\/2022\/09\/di-yori-h-2.jpg","jetpack_likes_enabled":true,"_links":{"self":[{"href":"https:\/\/revistaepocadigital.com.ar\/index.php?rest_route=\/wp\/v2\/posts\/17717","targetHints":{"allow":["GET"]}}],"collection":[{"href":"https:\/\/revistaepocadigital.com.ar\/index.php?rest_route=\/wp\/v2\/posts"}],"about":[{"href":"https:\/\/revistaepocadigital.com.ar\/index.php?rest_route=\/wp\/v2\/types\/post"}],"author":[{"embeddable":true,"href":"https:\/\/revistaepocadigital.com.ar\/index.php?rest_route=\/wp\/v2\/users\/4"}],"replies":[{"embeddable":true,"href":"https:\/\/revistaepocadigital.com.ar\/index.php?rest_route=%2Fwp%2Fv2%2Fcomments&post=17717"}],"version-history":[{"count":0,"href":"https:\/\/revistaepocadigital.com.ar\/index.php?rest_route=\/wp\/v2\/posts\/17717\/revisions"}],"wp:featuredmedia":[{"embeddable":true,"href":"https:\/\/revistaepocadigital.com.ar\/index.php?rest_route=\/wp\/v2\/media\/17806"}],"wp:attachment":[{"href":"https:\/\/revistaepocadigital.com.ar\/index.php?rest_route=%2Fwp%2Fv2%2Fmedia&parent=17717"}],"wp:term":[{"taxonomy":"category","embeddable":true,"href":"https:\/\/revistaepocadigital.com.ar\/index.php?rest_route=%2Fwp%2Fv2%2Fcategories&post=17717"},{"taxonomy":"post_tag","embeddable":true,"href":"https:\/\/revistaepocadigital.com.ar\/index.php?rest_route=%2Fwp%2Fv2%2Ftags&post=17717"}],"curies":[{"name":"wp","href":"https:\/\/api.w.org\/{rel}","templated":true}]}}