{"id":17788,"date":"2022-09-14T11:49:47","date_gmt":"2022-09-14T14:49:47","guid":{"rendered":"https:\/\/revistaepocadigital.com.ar\/?p=17788"},"modified":"2022-09-14T11:53:48","modified_gmt":"2022-09-14T14:53:48","slug":"un-dia-muy-especial-2","status":"publish","type":"post","link":"https:\/\/revistaepocadigital.com.ar\/?p=17788","title":{"rendered":"UN D\u00cdA MUY ESPECIAL"},"content":{"rendered":"<p><strong>14 DE SEPTIEMBRE.<\/strong><!--more--><\/p>\n<div class=\"m8h3af8h l7ghb35v kjdc1dyq kmwttqpk gh25dzvf n3t5jt4f\">\n<div dir=\"auto\"><strong>EL MENSAJE DEL INTENDENTE NANNI.<\/strong><\/div>\n<div dir=\"auto\"><\/div>\n<div dir=\"auto\">\u00a1<em>Muy feliz cumplea\u00f1os a nuestro Pueblo!<\/em><\/div>\n<\/div>\n<div class=\"l7ghb35v kjdc1dyq kmwttqpk gh25dzvf jikcssrz n3t5jt4f\">\n<div dir=\"auto\"><em>Son 287 a\u00f1os de historia, y cada uno de nosotros es una parte muy importante de ella.<\/em><\/div>\n<\/div>\n<div class=\"l7ghb35v kjdc1dyq kmwttqpk gh25dzvf jikcssrz n3t5jt4f\">\n<div dir=\"auto\"><em>Somos el primer pueblo hist\u00f3rico de la Provincia de Buenos Aires, fuimos pioneros en diversas cuestiones, y adem\u00e1s logramos ser una comunidad que avanza y se desarrolla, pero sin perder sus ra\u00edces, costumbres y don de gente.<\/em><\/div>\n<\/div>\n<div class=\"l7ghb35v kjdc1dyq kmwttqpk gh25dzvf jikcssrz n3t5jt4f\">\n<div dir=\"auto\"><em>Estoy orgulloso de ser exaltacrucense, y soy feliz de poder devolverle a mi lugar en el mundo, un poco de todo lo que me dio: mi familia, amistades y mucho sentido de pertenencia.<\/em><\/div>\n<\/div>\n<div class=\"l7ghb35v kjdc1dyq kmwttqpk gh25dzvf jikcssrz n3t5jt4f\">\n<div dir=\"auto\"><em>Hoy es un d\u00eda para disfrutar, y para estar juntos.<\/em><\/div>\n<\/div>\n<div class=\"l7ghb35v kjdc1dyq kmwttqpk gh25dzvf jikcssrz n3t5jt4f\">\n<div dir=\"auto\"><em>\u00a1Feliz cumplea\u00f1os!<\/em><\/div>\n<\/div>\n<p>&nbsp;<\/p>\n<p><strong>EL MINISTRO DE SEGURIDAD ENTREG\u00d3 M\u00d3VILES 0 KM A LA POLIC\u00cdA DEL DISTRITO<\/strong><\/p>\n<p>Sergio Berni, ministro de Seguridad de la provincia de Buenos Aires estuvo en Capilla del Se\u00f1or en el comienzo de los festejos, y entreg\u00f3 10 m\u00f3viles policiales 0 km, 100 chalecos antibalas y sistemas de comunicaci\u00f3n encriptada.<br \/>\nEl ministro fue recibido en la municipalidad por el intendente, Diego Nanni, con quien hicieron la entrega oficial de los m\u00f3viles y sus respectivas llaves, luego recorrieron los puestos ubicados en la Plaza San Mart\u00edn con motivo de los festejos patronales, y dialogaron con los vecinos.<\/p>\n<figure id=\"attachment_17792\" aria-describedby=\"caption-attachment-17792\" style=\"width: 300px\" class=\"wp-caption aligncenter\"><img loading=\"lazy\" decoding=\"async\" class=\"size-medium wp-image-17792\" src=\"https:\/\/revistaepocadigital.com.ar\/wp-content\/uploads\/2022\/09\/berni-nan-14-9-300x200.jpg\" alt=\"\" width=\"300\" height=\"200\" srcset=\"https:\/\/revistaepocadigital.com.ar\/wp-content\/uploads\/2022\/09\/berni-nan-14-9-300x200.jpg 300w, https:\/\/revistaepocadigital.com.ar\/wp-content\/uploads\/2022\/09\/berni-nan-14-9-768x512.jpg 768w, https:\/\/revistaepocadigital.com.ar\/wp-content\/uploads\/2022\/09\/berni-nan-14-9-696x464.jpg 696w, https:\/\/revistaepocadigital.com.ar\/wp-content\/uploads\/2022\/09\/berni-nan-14-9-630x420.jpg 630w, https:\/\/revistaepocadigital.com.ar\/wp-content\/uploads\/2022\/09\/berni-nan-14-9.jpg 960w\" sizes=\"auto, (max-width: 300px) 100vw, 300px\" \/><figcaption id=\"caption-attachment-17792\" class=\"wp-caption-text\">Berni y Nanni entregan las llaves de nuevos m\u00f3viles.<\/figcaption><\/figure>\n<p>&nbsp;<\/p>\n<p><strong>EL TR\u00c1NSITO. INFORMACI\u00d3N IMPORTANTE<\/strong><\/p>\n<p>El centro de Capilla del Se\u00f1or ante los festejos patronales. Ten\u00e9 en cuenta los cortes de calles y servicios de transporte<br \/>\nCorte de calles desde la medianoche del martes hasta finalizar los festejos.<br \/>\nRivadavia y Balcarce<br \/>\nJos\u00e9 S. Sosa y Belgrano<br \/>\nMateo S. Casco y Mitre<br \/>\nBol\u00edvar y Moreno<br \/>\nServicios adicionales de colectivos a las 00: 30 horas.<br \/>\nPilar<br \/>\nLos Cardales<br \/>\nArroyo de la Cruz<br \/>\nParada Robles<br \/>\nEl Remanso<br \/>\nParque Sakura<\/p>\n<p>Durante todo el d\u00eda una modificaci\u00f3n en su recorrido, saliendo desde la estaci\u00f3n Mitre, por la calle San Mart\u00edn, en su continuaci\u00f3n por Espa\u00f1a y Eva Per\u00f3n (ex Alsina).<\/p>\n<p><img loading=\"lazy\" decoding=\"async\" class=\"aligncenter size-full wp-image-17795\" src=\"https:\/\/revistaepocadigital.com.ar\/wp-content\/uploads\/2022\/09\/MAP.jpg\" alt=\"\" width=\"526\" height=\"526\" srcset=\"https:\/\/revistaepocadigital.com.ar\/wp-content\/uploads\/2022\/09\/MAP.jpg 526w, https:\/\/revistaepocadigital.com.ar\/wp-content\/uploads\/2022\/09\/MAP-300x300.jpg 300w, https:\/\/revistaepocadigital.com.ar\/wp-content\/uploads\/2022\/09\/MAP-150x150.jpg 150w, https:\/\/revistaepocadigital.com.ar\/wp-content\/uploads\/2022\/09\/MAP-420x420.jpg 420w\" sizes=\"auto, (max-width: 526px) 100vw, 526px\" \/><\/p>\n<p><img loading=\"lazy\" decoding=\"async\" class=\"size-full wp-image-17797\" src=\"https:\/\/revistaepocadigital.com.ar\/wp-content\/uploads\/2022\/09\/BT.jpg\" alt=\"\" width=\"497\" height=\"566\" srcset=\"https:\/\/revistaepocadigital.com.ar\/wp-content\/uploads\/2022\/09\/BT.jpg 497w, https:\/\/revistaepocadigital.com.ar\/wp-content\/uploads\/2022\/09\/BT-263x300.jpg 263w, https:\/\/revistaepocadigital.com.ar\/wp-content\/uploads\/2022\/09\/BT-369x420.jpg 369w\" sizes=\"auto, (max-width: 497px) 100vw, 497px\" \/><\/p>\n","protected":false},"excerpt":{"rendered":"<p>14 DE SEPTIEMBRE.<\/p>\n","protected":false},"author":3,"featured_media":17790,"comment_status":"open","ping_status":"open","sticky":false,"template":"","format":"standard","meta":{"footnotes":"","jetpack_publicize_message":"","jetpack_publicize_feature_enabled":true,"jetpack_social_post_already_shared":false,"jetpack_social_options":{"image_generator_settings":{"template":"highway","default_image_id":0,"font":"","enabled":false},"version":2}},"categories":[17],"tags":[1578,1733],"class_list":["post-17788","post","type-post","status-publish","format-standard","has-post-thumbnail","hentry","category-politica","tag-14-septiembre","tag-berni"],"jetpack_publicize_connections":[],"jetpack_featured_media_url":"https:\/\/revistaepocadigital.com.ar\/wp-content\/uploads\/2022\/09\/14-9n.jpg","jetpack_likes_enabled":true,"_links":{"self":[{"href":"https:\/\/revistaepocadigital.com.ar\/index.php?rest_route=\/wp\/v2\/posts\/17788","targetHints":{"allow":["GET"]}}],"collection":[{"href":"https:\/\/revistaepocadigital.com.ar\/index.php?rest_route=\/wp\/v2\/posts"}],"about":[{"href":"https:\/\/revistaepocadigital.com.ar\/index.php?rest_route=\/wp\/v2\/types\/post"}],"author":[{"embeddable":true,"href":"https:\/\/revistaepocadigital.com.ar\/index.php?rest_route=\/wp\/v2\/users\/3"}],"replies":[{"embeddable":true,"href":"https:\/\/revistaepocadigital.com.ar\/index.php?rest_route=%2Fwp%2Fv2%2Fcomments&post=17788"}],"version-history":[{"count":0,"href":"https:\/\/revistaepocadigital.com.ar\/index.php?rest_route=\/wp\/v2\/posts\/17788\/revisions"}],"wp:featuredmedia":[{"embeddable":true,"href":"https:\/\/revistaepocadigital.com.ar\/index.php?rest_route=\/wp\/v2\/media\/17790"}],"wp:attachment":[{"href":"https:\/\/revistaepocadigital.com.ar\/index.php?rest_route=%2Fwp%2Fv2%2Fmedia&parent=17788"}],"wp:term":[{"taxonomy":"category","embeddable":true,"href":"https:\/\/revistaepocadigital.com.ar\/index.php?rest_route=%2Fwp%2Fv2%2Fcategories&post=17788"},{"taxonomy":"post_tag","embeddable":true,"href":"https:\/\/revistaepocadigital.com.ar\/index.php?rest_route=%2Fwp%2Fv2%2Ftags&post=17788"}],"curies":[{"name":"wp","href":"https:\/\/api.w.org\/{rel}","templated":true}]}}