{"id":17817,"date":"2022-09-15T23:45:07","date_gmt":"2022-09-16T02:45:07","guid":{"rendered":"https:\/\/revistaepocadigital.com.ar\/?p=17817"},"modified":"2022-09-16T00:57:38","modified_gmt":"2022-09-16T03:57:38","slug":"los-que-llevan-alto-y-lejos-el-nombre-de-capilla-del-senor-de-exaltacion-de-la-cruz-no-lo-merecian","status":"publish","type":"post","link":"https:\/\/revistaepocadigital.com.ar\/?p=17817","title":{"rendered":"Los que llevan alto y lejos el nombre de Capilla del Se\u00f1or, de Exaltaci\u00f3n de la Cruz, no lo merec\u00edan"},"content":{"rendered":"<p><strong>EL FIEST\u00d3N DEL 14 DE SEPTIEMBRE.<!--more--><\/strong><\/p>\n<p>Tuvo un pasaje desafortunado. Ocurri\u00f3 cuando en pleno desarrollo de los momentos culminantes entrada la noche, sobre el escenario fue anunciado la entrega de reconocimientos de la intendencia y del Concejo Deliberante, a exaltacrucenses destacados.<\/p>\n<p>Deportistas, artistas, m\u00fasicos, entidades, vecinos, entre tantos. Todos d\u00eda a d\u00eda ponen alma y vida para prepararse, invierten tiempo y dinero, vuelcan sus capacidades, aprenden, sue\u00f1an en pos de sus objetivos que luego m\u00e1s all\u00e1 de alcanzarlos, merecen el gran reconocimiento de todos por lo entregado.<\/p>\n<p>Una plaqueta significa mucho, es un premio que los enaltece porque merecen que sean destacados y aplaudidos por la gente, y mucho m\u00e1s a\u00fan, por su propia gente congregada en forma multitudinaria. \u00bfQue mejor clima y contexto?<\/p>\n<p>Sin embargo, todos los premiados se vieron obligados por imperio de los tiempos que supuestamente demandaba la Bersuit de jugosos honorarios (el show brindado fue muy bueno), a desfilar presurosos por el escenario, recibir la plaqueta entregada por el intendente Nanni, posar unos segundos para la foto con el jefe comunal, y salir del escenario sin el aplauso fervoroso del gent\u00edo, y acaso, luego que algunos pudieran hablar y transmitir sus sensaciones en un momento tan especial.<\/p>\n<p>Los que llevan alto y lejos el nombre de Capilla del Se\u00f1or, de Exaltaci\u00f3n de la Cruz, no lo merec\u00edan.<\/p>\n<p>Foto: gentileza facebook Paul Nosdeo.<\/p>\n<p>&nbsp;<\/p>\n","protected":false},"excerpt":{"rendered":"<p>EL FIEST\u00d3N DEL 14 DE SEPTIEMBRE.<\/p>\n","protected":false},"author":4,"featured_media":17819,"comment_status":"open","ping_status":"open","sticky":false,"template":"","format":"standard","meta":{"footnotes":"","jetpack_publicize_message":"","jetpack_publicize_feature_enabled":true,"jetpack_social_post_already_shared":false,"jetpack_social_options":{"image_generator_settings":{"template":"highway","default_image_id":0,"font":"","enabled":false},"version":2}},"categories":[17],"tags":[897,2034],"class_list":["post-17817","post","type-post","status-publish","format-standard","has-post-thumbnail","hentry","category-politica","tag-14-setiembre","tag-premiados"],"jetpack_publicize_connections":[],"jetpack_featured_media_url":"https:\/\/revistaepocadigital.com.ar\/wp-content\/uploads\/2022\/09\/14-9-publico.jpg","jetpack_likes_enabled":true,"_links":{"self":[{"href":"https:\/\/revistaepocadigital.com.ar\/index.php?rest_route=\/wp\/v2\/posts\/17817","targetHints":{"allow":["GET"]}}],"collection":[{"href":"https:\/\/revistaepocadigital.com.ar\/index.php?rest_route=\/wp\/v2\/posts"}],"about":[{"href":"https:\/\/revistaepocadigital.com.ar\/index.php?rest_route=\/wp\/v2\/types\/post"}],"author":[{"embeddable":true,"href":"https:\/\/revistaepocadigital.com.ar\/index.php?rest_route=\/wp\/v2\/users\/4"}],"replies":[{"embeddable":true,"href":"https:\/\/revistaepocadigital.com.ar\/index.php?rest_route=%2Fwp%2Fv2%2Fcomments&post=17817"}],"version-history":[{"count":0,"href":"https:\/\/revistaepocadigital.com.ar\/index.php?rest_route=\/wp\/v2\/posts\/17817\/revisions"}],"wp:featuredmedia":[{"embeddable":true,"href":"https:\/\/revistaepocadigital.com.ar\/index.php?rest_route=\/wp\/v2\/media\/17819"}],"wp:attachment":[{"href":"https:\/\/revistaepocadigital.com.ar\/index.php?rest_route=%2Fwp%2Fv2%2Fmedia&parent=17817"}],"wp:term":[{"taxonomy":"category","embeddable":true,"href":"https:\/\/revistaepocadigital.com.ar\/index.php?rest_route=%2Fwp%2Fv2%2Fcategories&post=17817"},{"taxonomy":"post_tag","embeddable":true,"href":"https:\/\/revistaepocadigital.com.ar\/index.php?rest_route=%2Fwp%2Fv2%2Ftags&post=17817"}],"curies":[{"name":"wp","href":"https:\/\/api.w.org\/{rel}","templated":true}]}}