{"id":1786,"date":"2019-02-25T17:51:19","date_gmt":"2019-02-25T20:51:19","guid":{"rendered":"https:\/\/revistaepocadigital.com.ar\/?p=1786"},"modified":"2019-02-26T09:53:56","modified_gmt":"2019-02-26T12:53:56","slug":"la-educacion-divino-tesoro","status":"publish","type":"post","link":"https:\/\/revistaepocadigital.com.ar\/?p=1786","title":{"rendered":"La educaci\u00f3n, divino tesoro"},"content":{"rendered":"<p><strong>DESDE EL MUNICIPIO INFORMARON\u00a0 SOBRE LO PREVISTO PARA EL A\u00d1O EN CURSO EN EL DISTRITO.<\/strong><!--more--><\/p>\n<p>La <strong>educaci\u00f3n es vital, fundamental; la Argentina<\/strong> no debe jam\u00e1s dejar de considerar a la educaci\u00f3n como uno de los pilares m\u00e1s importantes y cruciales para el desarrollo, crecimiento social y econ\u00f3mico.<\/p>\n<p>Ante el comienzo de un nuevo <strong>ciclo lectivo<\/strong>, resulta importante volver a remarcar con \u00e9nfasis acerca del valor que adquiere la educaci\u00f3n en cualquier pa\u00eds del mundo. En nuestro pa\u00eds, lamentablemente, semejante valor se ha visto obstaculizado por un sinn\u00famero de situaciones, intereses, pol\u00edticas, que durante muchos a\u00f1os han venido jugando su rol en la Argentina.<\/p>\n<p>Por eso vale insistir con el tema, la educaci\u00f3n est\u00e1 intimanente ligado al futuro de muchos pa\u00edses del mundo y del nuestro por cierto. Hay que <strong>dar pasos irremediablemente hacia adelante y pensando en el valor capital que representa<\/strong> un pueblo educado. Por eso cuando surgen iniciativas, hay que hacerse eco como el caso de la planteada en el terreno local por el municipio como la denominada <em>&#8220;Gesti\u00f3n Municipal Inversi\u00f3n para garantizar el futuro&#8221;<\/em> que se est\u00e1 poniendo en pr\u00e1ctica.<\/p>\n<p>\u00bfDe que se trata?, rese\u00f1an desde la municipalidad que: <em>&#8220;en la planificaci\u00f3n del presente a\u00f1o, el municipio cuenta con un recurso fundamental para continuar y asegurar el desarrollo de las nuevas generaciones en cuestiones formativas. El empleo responsable del fondo educativo, es la herramienta que caracteriza a la gesti\u00f3n y le permite mantener el crecimiento en la educaci\u00f3n, m\u00e1s all\u00e1 de la situaci\u00f3n econ\u00f3mica apremiante que atraviesa el pa\u00eds&#8221;.<\/em><\/p>\n<p>En tal sentido, la comuna ha hecho saber que &#8220;<em>en lo que respecta a la denominada educaci\u00f3n formal, \u00e1rea netamente referida al \u00e1mbito institucional, las inversiones <\/em><em>realizadas y a realizar son m\u00e1s que significativas, y se llevan a cabo de manera paulatina a lo largo del distrito. El fondo educativo es la herramienta que permite el <\/em><em>sustento de los jardines maternales que funcionan en Exaltaci\u00f3n de la Cruz, abarcando desde el equipamiento de las salas (kits escolares), hasta constituir una gra<\/em>n <em>ayuda en casos de vulnerabilidad social&#8221;.<\/em><\/p>\n<p>Luego hicieron saber que es <em>&#8220;el sost\u00e9n que ha permitido el continuo desarrollo de las bibliotecas ubicadas en <strong>Los Cardales y en Diego Gaynor<\/strong>, as\u00ed como tambi\u00e9n facilita\u00a0 <\/em><em>ciertas tareas de mantenimiento que afectan a las instituciones educativas <strong>E.P. N\u00b020 y La Lata<\/strong>. Una de las grandes \u00e1reas en las cuales los j\u00f3venes se ven beneficiados <\/em><em>de primera mano por dicho recurso, tiene que ver con que de \u00e9ste surgen las becas que tantos adolescentes disfrutan, as\u00ed como tambi\u00e9n la posibilidad de financiar el boleto estudiantil y facilitar el mobiliario para escuelas&#8221;.<\/em><\/p>\n<p><img loading=\"lazy\" decoding=\"async\" class=\"alignnone size-large wp-image-1790\" src=\"https:\/\/revistaepocadigital.com.ar\/wp-content\/uploads\/2019\/02\/Escuela14-Exaltacion-FundacionCiro-1024x535.png\" alt=\"\" width=\"696\" height=\"364\" srcset=\"https:\/\/revistaepocadigital.com.ar\/wp-content\/uploads\/2019\/02\/Escuela14-Exaltacion-FundacionCiro-1024x535.png 1024w, https:\/\/revistaepocadigital.com.ar\/wp-content\/uploads\/2019\/02\/Escuela14-Exaltacion-FundacionCiro-300x157.png 300w, https:\/\/revistaepocadigital.com.ar\/wp-content\/uploads\/2019\/02\/Escuela14-Exaltacion-FundacionCiro-768x401.png 768w, https:\/\/revistaepocadigital.com.ar\/wp-content\/uploads\/2019\/02\/Escuela14-Exaltacion-FundacionCiro-696x364.png 696w, https:\/\/revistaepocadigital.com.ar\/wp-content\/uploads\/2019\/02\/Escuela14-Exaltacion-FundacionCiro-1068x558.png 1068w, https:\/\/revistaepocadigital.com.ar\/wp-content\/uploads\/2019\/02\/Escuela14-Exaltacion-FundacionCiro-804x420.png 804w, https:\/\/revistaepocadigital.com.ar\/wp-content\/uploads\/2019\/02\/Escuela14-Exaltacion-FundacionCiro.png 1200w\" sizes=\"auto, (max-width: 696px) 100vw, 696px\" \/><\/p>\n<p>Finalmente informaron desde la comuna mencionaron <em>&#8220;los dos sucesos claves a destacar que se han iniciado y se desarrollar\u00e1n a trav\u00e9s de este medio, son sin duda alguna la reparaci\u00f3n del techo de la E.P. N\u00b04 de <strong>Parada Robles<\/strong>, obra de gran importancia para la gesti\u00f3n y que ser\u00e1 un salto en cuestiones de infraestructura para quienes estudien all\u00ed. Se plasmo, el convenio con la <strong>Universidad de San Antonio de Areco (UNSADA)<\/strong> que significa brindarles a los vecinos del partido la posibilidad de acceder a una carrera universitaria sin la necesidad de viajar.<\/em><\/p>\n<p>Y por otro lado, remarcaron <em>&#8220;poniendo el foco en la educaci\u00f3n no formal, es decir aquellos aspectos que son complementarios a la vida acad\u00e9mica de los j\u00f3venes, el Municipio cuenta con diversas propuestas que son potenciadas gracias al empleo del fondo educativo. Una de las cuestiones que caracteriz\u00f3 al 2018, fue el gran abanico de posibilidades que existi\u00f3 en cuanto a talleres gratuitos para los vecinos. Donde fueron m\u00e1s de 30 las ofertas a disposici\u00f3n, postura que se buscar\u00e1 superar durante el presente a\u00f1o. En estrecha relaci\u00f3n con el crecimiento exponencial de los talleres, existi\u00f3 y se mantiene una fuerte apuesta por el deporte, permitiendo que la gran cantidad de clubes que hay radicados en el pueblo puedan continuar creciendo, dado que los seis cuentan con el apoyo del municipio en cuestiones monetarias. De tal manera, que el fondo educativo permite desde la cesi\u00f3n de elementos hasta la prestaci\u00f3n de servicios de trasporte, para as\u00ed potenciar las funciones sociales que estos realizan, en un momento donde la econom\u00eda apremia y tales espacios de contenci\u00f3n resultan vitales para quienes se est\u00e1n formando&#8221;.<\/em><\/p>\n","protected":false},"excerpt":{"rendered":"<p>DESDE EL MUNICIPIO INFORMARON\u00a0 SOBRE LO PREVISTO PARA EL A\u00d1O EN CURSO EN EL DISTRITO.<\/p>\n","protected":false},"author":3,"featured_media":1789,"comment_status":"open","ping_status":"open","sticky":false,"template":"","format":"standard","meta":{"footnotes":"","jetpack_publicize_message":"","jetpack_publicize_feature_enabled":true,"jetpack_social_post_already_shared":false,"jetpack_social_options":{"image_generator_settings":{"template":"highway","default_image_id":0,"font":"","enabled":false},"version":2}},"categories":[4,17],"tags":[231,179],"class_list":["post-1786","post","type-post","status-publish","format-standard","has-post-thumbnail","hentry","category-aqui-los-cardales","category-politica","tag-educacion","tag-politica"],"jetpack_publicize_connections":[],"jetpack_featured_media_url":"https:\/\/revistaepocadigital.com.ar\/wp-content\/uploads\/2019\/02\/escuela-1.jpg","jetpack_likes_enabled":true,"_links":{"self":[{"href":"https:\/\/revistaepocadigital.com.ar\/index.php?rest_route=\/wp\/v2\/posts\/1786","targetHints":{"allow":["GET"]}}],"collection":[{"href":"https:\/\/revistaepocadigital.com.ar\/index.php?rest_route=\/wp\/v2\/posts"}],"about":[{"href":"https:\/\/revistaepocadigital.com.ar\/index.php?rest_route=\/wp\/v2\/types\/post"}],"author":[{"embeddable":true,"href":"https:\/\/revistaepocadigital.com.ar\/index.php?rest_route=\/wp\/v2\/users\/3"}],"replies":[{"embeddable":true,"href":"https:\/\/revistaepocadigital.com.ar\/index.php?rest_route=%2Fwp%2Fv2%2Fcomments&post=1786"}],"version-history":[{"count":0,"href":"https:\/\/revistaepocadigital.com.ar\/index.php?rest_route=\/wp\/v2\/posts\/1786\/revisions"}],"wp:featuredmedia":[{"embeddable":true,"href":"https:\/\/revistaepocadigital.com.ar\/index.php?rest_route=\/wp\/v2\/media\/1789"}],"wp:attachment":[{"href":"https:\/\/revistaepocadigital.com.ar\/index.php?rest_route=%2Fwp%2Fv2%2Fmedia&parent=1786"}],"wp:term":[{"taxonomy":"category","embeddable":true,"href":"https:\/\/revistaepocadigital.com.ar\/index.php?rest_route=%2Fwp%2Fv2%2Fcategories&post=1786"},{"taxonomy":"post_tag","embeddable":true,"href":"https:\/\/revistaepocadigital.com.ar\/index.php?rest_route=%2Fwp%2Fv2%2Ftags&post=1786"}],"curies":[{"name":"wp","href":"https:\/\/api.w.org\/{rel}","templated":true}]}}