{"id":17888,"date":"2022-09-24T12:57:41","date_gmt":"2022-09-24T15:57:41","guid":{"rendered":"https:\/\/revistaepocadigital.com.ar\/?p=17888"},"modified":"2022-09-25T23:40:12","modified_gmt":"2022-09-26T02:40:12","slug":"otro-sorteo-en-el-sindicato-empleados-de-comercio-el-22-de-septiembre","status":"publish","type":"post","link":"https:\/\/revistaepocadigital.com.ar\/?p=17888","title":{"rendered":"\u00a1Que sorteo en el Sindicato Empleados de Comercio!.  MARCELO OCAMPO, EL GANADOR"},"content":{"rendered":"<p><strong>IMPERDIBLE.<\/strong><!--more--><\/p>\n<p>Destinado a afiliados del sindicato.<\/p>\n<p>El secretario general del sindicato filial Z\u00e1rate, anunci\u00f3 el nombre del afiliado ganador.<\/p>\n<p><strong>EL GANADOR DEL SORTEO RESULT\u00d3\u00a0 MARCELO OCAMPO. \u00a1FELICITACIONES!<\/strong><\/p>\n<p>&nbsp;<\/p>\n<p><strong><img loading=\"lazy\" decoding=\"async\" class=\"aligncenter size-medium wp-image-17982\" src=\"https:\/\/revistaepocadigital.com.ar\/wp-content\/uploads\/2022\/09\/siiii-300x300.jpg\" alt=\"\" width=\"300\" height=\"300\" srcset=\"https:\/\/revistaepocadigital.com.ar\/wp-content\/uploads\/2022\/09\/siiii-300x300.jpg 300w, https:\/\/revistaepocadigital.com.ar\/wp-content\/uploads\/2022\/09\/siiii-150x150.jpg 150w, https:\/\/revistaepocadigital.com.ar\/wp-content\/uploads\/2022\/09\/siiii-422x420.jpg 422w, https:\/\/revistaepocadigital.com.ar\/wp-content\/uploads\/2022\/09\/siiii.jpg 520w\" sizes=\"auto, (max-width: 300px) 100vw, 300px\" \/><\/strong><\/p>\n<p>&nbsp;<\/p>\n<p>&nbsp;<\/p>\n<p>&nbsp;<\/p>\n<p><strong>\u00ba\u00ba\u00ba\u00ba\u00ba\u00ba\u00ba\u00ba\u00ba\u00ba\u00ba\u00ba\u00ba\u00ba\u00ba\u00ba\u00ba\u00ba\u00ba\u00ba\u00ba\u00ba\u00ba\u00ba\u00ba\u00ba\u00ba\u00ba\u00ba\u00ba\u00ba\u00ba\u00ba\u00ba\u00ba\u00ba\u00ba\u00ba\u00ba\u00ba\u00ba\u00ba\u00ba\u00ba\u00ba\u00ba\u00ba\u00ba\u00ba\u00ba\u00ba\u00ba\u00ba\u00ba\u00ba\u00ba\u00ba\u00ba\u00ba\u00ba\u00ba\u00ba\u00ba\u00ba\u00ba\u00ba\u00ba\u00ba\u00ba\u00ba\u00ba\u00ba\u00ba\u00ba\u00ba\u00ba\u00baORGANIZADO LA FILIAL Z\u00c1RATE ENTRE SUS AFILIADOS, ENTRE LOS QUE SE CUENTAN DE EXALTACI\u00d3N DE LA CRUZ.<\/strong><\/p>\n<p><strong>ALMUERZO POR EL DIA DEL JUBILADO. Tambi\u00e9n la entidad concret\u00f3 un almuerzo (21-9) en Z\u00e1rate para celebrar el D\u00eda del Jubilado.<\/strong><!--more--><\/p>\n<p>Tuvo lugar como estaba previsto, el nuevo sorteo.<\/p>\n<p>LILIANA NOEM\u00cd KARLA<\/p>\n<p>La ganadora!. Felicitaciones!<\/p>\n<p>&nbsp;<\/p>\n<figure id=\"attachment_17959\" aria-describedby=\"caption-attachment-17959\" style=\"width: 869px\" class=\"wp-caption aligncenter\"><img loading=\"lazy\" decoding=\"async\" class=\"size-full wp-image-17959\" src=\"https:\/\/revistaepocadigital.com.ar\/wp-content\/uploads\/2022\/09\/sindica-sergio-martin22.jpg\" alt=\"\" width=\"869\" height=\"472\" srcset=\"https:\/\/revistaepocadigital.com.ar\/wp-content\/uploads\/2022\/09\/sindica-sergio-martin22.jpg 869w, https:\/\/revistaepocadigital.com.ar\/wp-content\/uploads\/2022\/09\/sindica-sergio-martin22-300x163.jpg 300w, https:\/\/revistaepocadigital.com.ar\/wp-content\/uploads\/2022\/09\/sindica-sergio-martin22-768x417.jpg 768w, https:\/\/revistaepocadigital.com.ar\/wp-content\/uploads\/2022\/09\/sindica-sergio-martin22-696x378.jpg 696w, https:\/\/revistaepocadigital.com.ar\/wp-content\/uploads\/2022\/09\/sindica-sergio-martin22-773x420.jpg 773w\" sizes=\"auto, (max-width: 869px) 100vw, 869px\" \/><figcaption id=\"caption-attachment-17959\" class=\"wp-caption-text\"><strong>SERGIO MARTIN, SECRETARIO GENERAL DEL SINDICATO EMPLEADOS DE COMERCIO-FILIAL Z\u00c1RATE, LUEGO DEL SORTEO ANUNCIA EL NOMBRE DE LA GANADORA.<\/strong><\/figcaption><\/figure>\n<p>&nbsp;<\/p>\n<p>&nbsp;<\/p>\n<p>&nbsp;<\/p>\n<p><img loading=\"lazy\" decoding=\"async\" class=\"aligncenter size-medium wp-image-17889\" src=\"https:\/\/revistaepocadigital.com.ar\/wp-content\/uploads\/2022\/09\/sinii-300x284.jpg\" alt=\"\" width=\"300\" height=\"284\" srcset=\"https:\/\/revistaepocadigital.com.ar\/wp-content\/uploads\/2022\/09\/sinii-300x284.jpg 300w, https:\/\/revistaepocadigital.com.ar\/wp-content\/uploads\/2022\/09\/sinii-696x658.jpg 696w, https:\/\/revistaepocadigital.com.ar\/wp-content\/uploads\/2022\/09\/sinii-444x420.jpg 444w, https:\/\/revistaepocadigital.com.ar\/wp-content\/uploads\/2022\/09\/sinii.jpg 748w\" sizes=\"auto, (max-width: 300px) 100vw, 300px\" \/><\/p>\n","protected":false},"excerpt":{"rendered":"<p>IMPERDIBLE.<\/p>\n","protected":false},"author":3,"featured_media":18001,"comment_status":"open","ping_status":"open","sticky":false,"template":"","format":"standard","meta":{"footnotes":"","jetpack_publicize_message":"","jetpack_publicize_feature_enabled":true,"jetpack_social_post_already_shared":false,"jetpack_social_options":{"image_generator_settings":{"template":"highway","default_image_id":0,"font":"","enabled":false},"version":2}},"categories":[151],"tags":[37,957],"class_list":["post-17888","post","type-post","status-publish","format-standard","has-post-thumbnail","hentry","category-empleados-de-comercio","tag-destacada","tag-sorteo-sindicato-empleados-comercio"],"jetpack_publicize_connections":[],"jetpack_featured_media_url":"https:\/\/revistaepocadigital.com.ar\/wp-content\/uploads\/2022\/09\/MARTIN-SERGI-1.png","jetpack_likes_enabled":true,"_links":{"self":[{"href":"https:\/\/revistaepocadigital.com.ar\/index.php?rest_route=\/wp\/v2\/posts\/17888","targetHints":{"allow":["GET"]}}],"collection":[{"href":"https:\/\/revistaepocadigital.com.ar\/index.php?rest_route=\/wp\/v2\/posts"}],"about":[{"href":"https:\/\/revistaepocadigital.com.ar\/index.php?rest_route=\/wp\/v2\/types\/post"}],"author":[{"embeddable":true,"href":"https:\/\/revistaepocadigital.com.ar\/index.php?rest_route=\/wp\/v2\/users\/3"}],"replies":[{"embeddable":true,"href":"https:\/\/revistaepocadigital.com.ar\/index.php?rest_route=%2Fwp%2Fv2%2Fcomments&post=17888"}],"version-history":[{"count":0,"href":"https:\/\/revistaepocadigital.com.ar\/index.php?rest_route=\/wp\/v2\/posts\/17888\/revisions"}],"wp:featuredmedia":[{"embeddable":true,"href":"https:\/\/revistaepocadigital.com.ar\/index.php?rest_route=\/wp\/v2\/media\/18001"}],"wp:attachment":[{"href":"https:\/\/revistaepocadigital.com.ar\/index.php?rest_route=%2Fwp%2Fv2%2Fmedia&parent=17888"}],"wp:term":[{"taxonomy":"category","embeddable":true,"href":"https:\/\/revistaepocadigital.com.ar\/index.php?rest_route=%2Fwp%2Fv2%2Fcategories&post=17888"},{"taxonomy":"post_tag","embeddable":true,"href":"https:\/\/revistaepocadigital.com.ar\/index.php?rest_route=%2Fwp%2Fv2%2Ftags&post=17888"}],"curies":[{"name":"wp","href":"https:\/\/api.w.org\/{rel}","templated":true}]}}