{"id":17894,"date":"2022-10-10T00:08:41","date_gmt":"2022-10-10T03:08:41","guid":{"rendered":"https:\/\/revistaepocadigital.com.ar\/?p=17894"},"modified":"2022-10-10T01:16:36","modified_gmt":"2022-10-10T04:16:36","slug":"eden-obras-en-tu-barrio","status":"publish","type":"post","link":"https:\/\/revistaepocadigital.com.ar\/?p=17894","title":{"rendered":"Corte de luz de EDEN, este lunes 10 de octubre en Robles"},"content":{"rendered":"<p dir=\"ltr\"><strong>Conoc\u00e9 cu\u00e1ndo y d\u00f3nde. La informaci\u00f3n de CEPRAL.<\/strong><!--more--><\/p>\n<div class=\"I_ZkbNhI D_FY W_6D6F\" data-test-id=\"message-view-body\">\n<div class=\"msg-body P_wpofO mq_AS\" data-test-id=\"message-view-body-content\">\n<div class=\"jb_0 X_6MGW N_6Fd5\">\n<div id=\"yiv6602851386\">\n<table class=\"yiv6602851386main-template\" border=\"0\" width=\"100%\" cellspacing=\"0\" cellpadding=\"0\" align=\"center\" bgcolor=\"#efefef\">\n<tbody>\n<tr>\n<td align=\"center\" valign=\"top\">\n<table class=\"yiv6602851386templateContainer\" border=\"0\" width=\"590\" cellspacing=\"0\" cellpadding=\"0\">\n<tbody>\n<tr>\n<td align=\"center\" valign=\"top\">\n<table id=\"yiv6602851386Layout_11\" border=\"0\" width=\"100%\" cellspacing=\"0\" cellpadding=\"0\">\n<tbody>\n<tr>\n<td align=\"center\" valign=\"top\">\n<table class=\"yiv6602851386rnb-container\" border=\"0\" width=\"100%\" cellspacing=\"0\" cellpadding=\"0\" bgcolor=\"#ffffff\">\n<tbody>\n<tr>\n<td class=\"yiv6602851386rnb-container-padding\">\n<table class=\"yiv6602851386rnb-columns-container\" border=\"0\" cellspacing=\"0\" cellpadding=\"0\" align=\"center\">\n<tbody>\n<tr>\n<th class=\"yiv6602851386rnb-force-col\" align=\"center\">\n<table class=\"yiv6602851386rnb-col-1\" border=\"0\" cellspacing=\"0\" cellpadding=\"0\" align=\"center\">\n<tbody>\n<tr>\n<td><\/td>\n<\/tr>\n<tr>\n<td height=\"10\"><\/td>\n<\/tr>\n<\/tbody>\n<\/table>\n<\/th>\n<\/tr>\n<\/tbody>\n<\/table>\n<\/td>\n<\/tr>\n<\/tbody>\n<\/table>\n<\/td>\n<\/tr>\n<\/tbody>\n<\/table>\n<\/td>\n<\/tr>\n<tr>\n<td align=\"center\" valign=\"top\">\n<div>\n<table id=\"yiv6602851386Layout_8\" border=\"0\" width=\"100%\" cellspacing=\"0\" cellpadding=\"0\">\n<tbody>\n<tr>\n<td align=\"center\" valign=\"top\"><a rel=\"nofollow noopener noreferrer\" name=\"Layout_8\"><\/a><\/p>\n<table class=\"yiv6602851386rnb-container\" border=\"0\" width=\"100%\" cellspacing=\"0\" cellpadding=\"0\" bgcolor=\"#fcf5f5\">\n<tbody>\n<tr>\n<td class=\"yiv6602851386rnb-container-padding\">\n<table class=\"yiv6602851386rnb-columns-container\" border=\"0\" cellspacing=\"0\" cellpadding=\"0\" align=\"center\">\n<tbody>\n<tr>\n<th class=\"yiv6602851386rnb-force-col\" align=\"center\">\n<table class=\"yiv6602851386rnb-col-1\" border=\"0\" cellspacing=\"0\" cellpadding=\"0\" align=\"center\">\n<tbody>\n<tr>\n<td height=\"10\"><\/td>\n<\/tr>\n<tr>\n<td><\/td>\n<\/tr>\n<tr>\n<td height=\"10\"><\/td>\n<\/tr>\n<\/tbody>\n<\/table>\n<\/th>\n<\/tr>\n<\/tbody>\n<\/table>\n<\/td>\n<\/tr>\n<\/tbody>\n<\/table>\n<\/td>\n<\/tr>\n<\/tbody>\n<\/table>\n<\/div>\n<\/td>\n<\/tr>\n<tr>\n<td align=\"center\" valign=\"top\">\n<div>\n<table class=\"yiv6602851386rnb-del-min-width\" border=\"0\" width=\"100%\" cellspacing=\"0\" cellpadding=\"0\">\n<tbody>\n<tr>\n<td class=\"yiv6602851386rnb-del-min-width\" align=\"center\" valign=\"top\"><a rel=\"nofollow noopener noreferrer\" name=\"Layout_9\"><\/a><\/p>\n<table class=\"yiv6602851386rnb-container\" border=\"0\" width=\"100%\" cellspacing=\"0\" cellpadding=\"0\" bgcolor=\"#ffffff\">\n<tbody>\n<tr>\n<td height=\"0\"><\/td>\n<\/tr>\n<tr>\n<td class=\"yiv6602851386rnb-container-padding\" align=\"left\" valign=\"top\">\n<table class=\"yiv6602851386rnb-columns-container\" border=\"0\" width=\"100%\" cellspacing=\"0\" cellpadding=\"0\">\n<tbody>\n<tr>\n<th class=\"yiv6602851386rnb-force-col\" valign=\"top\">\n<table class=\"yiv6602851386rnb-col-1\" border=\"0\" width=\"100%\" cellspacing=\"0\" cellpadding=\"0\" align=\"left\">\n<tbody>\n<tr>\n<td>\n<div><\/div>\n<p><strong>La Distribuidora EDEN S. A. inform\u00f3 que el LUNES 10\/10\/22 <\/strong>estar\u00e1 realizando tareas de mantenimiento sobre la red de 33kv en el tramo Luj\u00e1n-Capilla del Se\u00f1or que abastece a Parada Robles.<\/p>\n<p>Por esta raz\u00f3n, se realizar\u00e1n<strong>\u00a0dos<\/strong><strong>\u00a0cortes del servicio el\u00e9ctrico de 10 minutos aproximadamente cada uno, que afectar\u00e1n a todos los usuarios de Cepral, y que abarcar\u00e1n los siguientes horarios:<\/strong><\/p>\n<p>&nbsp;<\/p>\n<p><strong>1\u00b0 Corte de 08:00 a 08:10 hs. aproximadamente.<\/strong><\/p>\n<p><strong>2\u00b0 Corte de 16:00 a 16:10 hs. aproximadamente.\u00a0<\/strong><\/p>\n<div><strong>\u00a0\u00a0<\/strong><\/div>\n<p>En caso de clima adverso, se reprogramar\u00e1n las tareas.<\/p>\n<p><strong>Desde Cepral solicitaron &#8220;disculpas por las molestias que se puedan ocasionar, pero es por una raz\u00f3n ajena a nuestra Cooperativa&#8221;.<\/strong><\/p>\n<p>&nbsp;<\/p>\n<p>&nbsp;<\/td>\n<\/tr>\n<\/tbody>\n<\/table>\n<\/th>\n<\/tr>\n<\/tbody>\n<\/table>\n<\/td>\n<\/tr>\n<tr>\n<td height=\"0\"><\/td>\n<\/tr>\n<\/tbody>\n<\/table>\n<\/td>\n<\/tr>\n<\/tbody>\n<\/table>\n<\/div>\n<\/td>\n<\/tr>\n<tr>\n<td align=\"center\" valign=\"top\">\n<div>\n<table id=\"yiv6602851386Layout_3\" class=\"yiv6602851386rnb-del-min-width yiv6602851386rnb-tmpl-width\" border=\"0\" width=\"100%\" cellspacing=\"0\" cellpadding=\"0\">\n<tbody>\n<tr>\n<td class=\"yiv6602851386rnb-del-min-width\" align=\"center\" valign=\"top\" bgcolor=\"#efefef\"><a rel=\"nofollow noopener noreferrer\" name=\"Layout_3\"><\/a><\/p>\n<table class=\"yiv6602851386rnb-container\" border=\"0\" width=\"590\" cellspacing=\"0\" cellpadding=\"0\" align=\"center\" bgcolor=\"#efefef\">\n<tbody>\n<tr>\n<td height=\"10\"><\/td>\n<\/tr>\n<tr>\n<td><\/td>\n<\/tr>\n<tr>\n<td height=\"10\"><\/td>\n<\/tr>\n<\/tbody>\n<\/table>\n<\/td>\n<\/tr>\n<\/tbody>\n<\/table>\n<\/div>\n<\/td>\n<\/tr>\n<tr>\n<td align=\"center\" valign=\"top\">\n<div>\n<table id=\"yiv6602851386Layout_4\" class=\"yiv6602851386rnb-del-min-width yiv6602851386rnb-tmpl-width\" border=\"0\" width=\"100%\" cellspacing=\"0\" cellpadding=\"0\">\n<tbody>\n<tr>\n<td class=\"yiv6602851386rnb-del-min-width\" align=\"center\" valign=\"top\"><a rel=\"nofollow noopener noreferrer\" name=\"Layout_4\"><\/a><\/p>\n<table border=\"0\" width=\"100%\" cellspacing=\"0\" cellpadding=\"0\" align=\"center\" bgcolor=\"#33c0c9\">\n<tbody>\n<tr>\n<td height=\"20\"><\/td>\n<\/tr>\n<tr>\n<td><\/td>\n<\/tr>\n<tr>\n<td height=\"20\"><\/td>\n<\/tr>\n<\/tbody>\n<\/table>\n<\/td>\n<\/tr>\n<\/tbody>\n<\/table>\n<\/div>\n<\/td>\n<\/tr>\n<\/tbody>\n<\/table>\n<\/td>\n<\/tr>\n<\/tbody>\n<\/table>\n<div><img loading=\"lazy\" decoding=\"async\" src=\"https:\/\/ecp.yusercontent.com\/mail?url=https%3A%2F%2F41sau.r.a.d.sendibm1.com%2Fmk%2Fop%2FxcnJ2WD7kmKuS5cFgwrS8lBfbdpYKUGik2KRloYqvoxytmPdvDh5JZJsXt-OO5AYjx_mtpSjmf16JU0q1o_tRf-WIoaJnlC3h_NospuwPZbT28IkrpLxZRTOtiJ6UuqInftNzCUd3Q&amp;t=1665374820&amp;ymreqid=a1e28384-e738-286e-1ccb-b20006013a00&amp;sig=JUhNL4EjGKAEKmZ1YNtsAg--~D\" width=\"1\" height=\"1\" \/><\/div>\n<div style=\"text-align: center;\"><strong>&#8212;&#8212;&#8212;&#8212;&#8212;&#8212;&#8212;&#8212;&#8212;<\/strong><\/div>\n<div>EDEN\u00a0informa que colocar\u00e1 columnas, postes, crucetas y aisladores, con el objetivo de mejorar la calidad del servicio.<\/div>\n<\/div>\n<\/div>\n<\/div>\n<\/div>\n<p dir=\"ltr\">Para poder realizar estas mejoras y como medida de seguridad, es necesario interrumpir el servicio de 12 usuarios mientras se trabaja en la red el\u00e9ctrica.<\/p>\n<p>&nbsp;<\/p>\n<p dir=\"ltr\"><strong>Los trabajos se realizar\u00e1n:<\/strong><\/p>\n<ul>\n<li dir=\"ltr\">\n<p dir=\"ltr\"><strong>el d\u00eda jueves 22 de septiembre;<\/strong><\/p>\n<\/li>\n<li dir=\"ltr\">\n<p dir=\"ltr\"><strong>de 8:30 a 17:30 hs.;<\/strong><\/p>\n<\/li>\n<li dir=\"ltr\">\n<p dir=\"ltr\"><strong>en la zona rural.<\/strong><\/p>\n<\/li>\n<\/ul>\n<p dir=\"ltr\">En caso de presentarse condiciones clim\u00e1ticas adversas, las actividades ser\u00e1n reprogramadas.<\/p>\n<p dir=\"ltr\">&#8212;&#8212;&#8212;&#8212;&#8212;&#8212;&#8212;&#8212;&#8212;&#8212;&#8212;&#8212;&#8212;&#8212;&#8212;&#8212;&#8212;&#8212;&#8212;&#8212;&#8211;<\/p>\n<p dir=\"ltr\">Canales de gesti\u00f3n y reclamos EDEN:<\/p>\n<p dir=\"ltr\">0800-999-3336: reclamos t\u00e9cnicos las 24 hs todos los d\u00edas<\/p>\n<p dir=\"ltr\">0810-999-3336: consultas comerciales de lunes a viernes de 8 a 18 hs.<\/p>\n<p dir=\"ltr\">App EDEN M\u00f3vil<\/p>\n<p dir=\"ltr\">Sucursal Virtual: <a href=\"https:\/\/sucursalvirtual.edensa.com.ar\/signin\" target=\"_blank\" rel=\"nofollow noopener noreferrer\">https:\/\/sucursalvirtual.edensa.com.ar\/<\/a><\/p>\n<p dir=\"ltr\">WhatsApp: 3364 52-6944 <a href=\"http:\/\/wa.me\/543364526944\" target=\"_blank\" rel=\"nofollow noopener noreferrer\">wa.me\/543364526944<\/a><\/p>\n<p dir=\"ltr\">Todas las novedades de EDEN en:<\/p>\n<p dir=\"ltr\">Web: <a href=\"http:\/\/www.edensa.com.ar\/\" target=\"_blank\" rel=\"nofollow noopener noreferrer\">www.edensa.com.ar<\/a><\/p>\n<p dir=\"ltr\">Instagram: @edencomunica<\/p>\n<p dir=\"ltr\">Facebook: EDENComunica<\/p>\n<p dir=\"ltr\">Twitter: @EDENSAcomunica<\/p>\n<p dir=\"ltr\">LinkedIn: <a href=\"https:\/\/www.linkedin.com\/company\/edensa\/\" target=\"_blank\" rel=\"nofollow noopener noreferrer\">https:\/\/www.linkedin.com\/company\/edensa\/<\/a><\/p>\n<p dir=\"ltr\">YouTube: EDEN Comunica<\/p>\n<p dir=\"ltr\">\n","protected":false},"excerpt":{"rendered":"<p>Conoc\u00e9 cu\u00e1ndo y d\u00f3nde. La informaci\u00f3n de CEPRAL.<\/p>\n","protected":false},"author":3,"featured_media":17896,"comment_status":"open","ping_status":"open","sticky":false,"template":"","format":"standard","meta":{"footnotes":"","jetpack_publicize_message":"","jetpack_publicize_feature_enabled":true,"jetpack_social_post_already_shared":false,"jetpack_social_options":{"image_generator_settings":{"template":"highway","default_image_id":0,"font":"","enabled":false},"version":2}},"categories":[5],"tags":[1795,39],"class_list":["post-17894","post","type-post","status-publish","format-standard","has-post-thumbnail","hentry","category-aqui-parada-robles","tag-corte-luz","tag-eden"],"jetpack_publicize_connections":[],"jetpack_featured_media_url":"https:\/\/revistaepocadigital.com.ar\/wp-content\/uploads\/2022\/09\/ede-scaled.jpg","jetpack_likes_enabled":true,"_links":{"self":[{"href":"https:\/\/revistaepocadigital.com.ar\/index.php?rest_route=\/wp\/v2\/posts\/17894","targetHints":{"allow":["GET"]}}],"collection":[{"href":"https:\/\/revistaepocadigital.com.ar\/index.php?rest_route=\/wp\/v2\/posts"}],"about":[{"href":"https:\/\/revistaepocadigital.com.ar\/index.php?rest_route=\/wp\/v2\/types\/post"}],"author":[{"embeddable":true,"href":"https:\/\/revistaepocadigital.com.ar\/index.php?rest_route=\/wp\/v2\/users\/3"}],"replies":[{"embeddable":true,"href":"https:\/\/revistaepocadigital.com.ar\/index.php?rest_route=%2Fwp%2Fv2%2Fcomments&post=17894"}],"version-history":[{"count":0,"href":"https:\/\/revistaepocadigital.com.ar\/index.php?rest_route=\/wp\/v2\/posts\/17894\/revisions"}],"wp:featuredmedia":[{"embeddable":true,"href":"https:\/\/revistaepocadigital.com.ar\/index.php?rest_route=\/wp\/v2\/media\/17896"}],"wp:attachment":[{"href":"https:\/\/revistaepocadigital.com.ar\/index.php?rest_route=%2Fwp%2Fv2%2Fmedia&parent=17894"}],"wp:term":[{"taxonomy":"category","embeddable":true,"href":"https:\/\/revistaepocadigital.com.ar\/index.php?rest_route=%2Fwp%2Fv2%2Fcategories&post=17894"},{"taxonomy":"post_tag","embeddable":true,"href":"https:\/\/revistaepocadigital.com.ar\/index.php?rest_route=%2Fwp%2Fv2%2Ftags&post=17894"}],"curies":[{"name":"wp","href":"https:\/\/api.w.org\/{rel}","templated":true}]}}