{"id":1792,"date":"2019-02-25T15:57:10","date_gmt":"2019-02-25T18:57:10","guid":{"rendered":"https:\/\/revistaepocadigital.com.ar\/?p=1792"},"modified":"2019-02-25T18:05:21","modified_gmt":"2019-02-25T21:05:21","slug":"la-gobernadora-estuvo-cerca-de-exaltacion-de-la-cruz","status":"publish","type":"post","link":"https:\/\/revistaepocadigital.com.ar\/?p=1792","title":{"rendered":"La gobernadora estuvo cerca de Exaltaci\u00f3n de la Cruz"},"content":{"rendered":"<div><b>MARIA EUGENIA VIDAL SE REUNI\u00d3 CON VECINOS DE ESCOBAR Y PILAR.<\/b><\/div>\n<p><!--more--><\/p>\n<p>En el marco de su recorrida por partidos de la provincia de Buenos Aires, el encuentro tuvo como objetivo conocer sus inquietudes y necesidades. Vidal visit\u00f3 a Patricia Erazo, en su casa del Barrio Villa Botte de <strong>Escobar,<\/strong> que junto a su marido e hijos, abrieron hace cuatro a\u00f1os el comedor Los Bajos de Villa Botte, en donde habitualmente asisten familias del barrio. Patricia le coment\u00f3 su proyecto de consolidar la infraestructura del Comedor y la gobernadora se comprometi\u00f3 a apoyarla, en la actualidad le dan la cena a 65 chicos del barrio. Juntas analizaron los planos del futuro centro de d\u00eda. Se hizo saber que el \u00e1rea de Desarrollo Social de Provincia y de Naci\u00f3n la proveen de mercader\u00eda para el comedor, y a su vez la reparten entre los vecinos.<\/p>\n<div>Antes, en <strong>Pilar, Vidal,<\/strong> acompa\u00f1ada por el intendente local, <strong>Nicol\u00e1s Ducot\u00e9<\/strong>, se entrevist\u00f3 con alumnos y docentes del programa <strong>Asistir\u00e9.<\/strong><\/div>\n<div><\/div>\n<div>Fotos: Secretar\u00eda de Medios de la provincia de Buenos Aires.<\/div>\n","protected":false},"excerpt":{"rendered":"<p>MARIA EUGENIA VIDAL SE REUNI\u00d3 CON VECINOS DE ESCOBAR Y PILAR.<\/p>\n","protected":false},"author":3,"featured_media":1793,"comment_status":"open","ping_status":"open","sticky":false,"template":"","format":"standard","meta":{"footnotes":"","jetpack_publicize_message":"","jetpack_publicize_feature_enabled":true,"jetpack_social_post_already_shared":false,"jetpack_social_options":{"image_generator_settings":{"template":"highway","default_image_id":0,"font":"","enabled":false},"version":2}},"categories":[17],"tags":[146,189],"class_list":["post-1792","post","type-post","status-publish","format-standard","has-post-thumbnail","hentry","category-politica","tag-vidal","tag-visitas"],"jetpack_publicize_connections":[],"jetpack_featured_media_url":"https:\/\/revistaepocadigital.com.ar\/wp-content\/uploads\/2019\/02\/vidal-19.-1.jpg","jetpack_likes_enabled":true,"_links":{"self":[{"href":"https:\/\/revistaepocadigital.com.ar\/index.php?rest_route=\/wp\/v2\/posts\/1792","targetHints":{"allow":["GET"]}}],"collection":[{"href":"https:\/\/revistaepocadigital.com.ar\/index.php?rest_route=\/wp\/v2\/posts"}],"about":[{"href":"https:\/\/revistaepocadigital.com.ar\/index.php?rest_route=\/wp\/v2\/types\/post"}],"author":[{"embeddable":true,"href":"https:\/\/revistaepocadigital.com.ar\/index.php?rest_route=\/wp\/v2\/users\/3"}],"replies":[{"embeddable":true,"href":"https:\/\/revistaepocadigital.com.ar\/index.php?rest_route=%2Fwp%2Fv2%2Fcomments&post=1792"}],"version-history":[{"count":0,"href":"https:\/\/revistaepocadigital.com.ar\/index.php?rest_route=\/wp\/v2\/posts\/1792\/revisions"}],"wp:featuredmedia":[{"embeddable":true,"href":"https:\/\/revistaepocadigital.com.ar\/index.php?rest_route=\/wp\/v2\/media\/1793"}],"wp:attachment":[{"href":"https:\/\/revistaepocadigital.com.ar\/index.php?rest_route=%2Fwp%2Fv2%2Fmedia&parent=1792"}],"wp:term":[{"taxonomy":"category","embeddable":true,"href":"https:\/\/revistaepocadigital.com.ar\/index.php?rest_route=%2Fwp%2Fv2%2Fcategories&post=1792"},{"taxonomy":"post_tag","embeddable":true,"href":"https:\/\/revistaepocadigital.com.ar\/index.php?rest_route=%2Fwp%2Fv2%2Ftags&post=1792"}],"curies":[{"name":"wp","href":"https:\/\/api.w.org\/{rel}","templated":true}]}}