{"id":17940,"date":"2022-09-21T19:20:47","date_gmt":"2022-09-21T22:20:47","guid":{"rendered":"https:\/\/revistaepocadigital.com.ar\/?p=17940"},"modified":"2022-09-21T19:20:47","modified_gmt":"2022-09-21T22:20:47","slug":"los-humedales-todo-fuego-es-politico-el-pais-y-el-mundo-en-juego","status":"publish","type":"post","link":"https:\/\/revistaepocadigital.com.ar\/?p=17940","title":{"rendered":"LOS HUMEDALES  Todo fuego es pol\u00edtico. El pa\u00eds y el mundo en juego"},"content":{"rendered":"<p dir=\"ltr\"><strong><img loading=\"lazy\" decoding=\"async\" class=\"aligncenter size-full wp-image-17942\" src=\"https:\/\/revistaepocadigital.com.ar\/wp-content\/uploads\/2022\/09\/incendios_islas_rosario.jpg\" alt=\"\" width=\"1330\" height=\"880\" srcset=\"https:\/\/revistaepocadigital.com.ar\/wp-content\/uploads\/2022\/09\/incendios_islas_rosario.jpg 1330w, https:\/\/revistaepocadigital.com.ar\/wp-content\/uploads\/2022\/09\/incendios_islas_rosario-300x198.jpg 300w, https:\/\/revistaepocadigital.com.ar\/wp-content\/uploads\/2022\/09\/incendios_islas_rosario-1200x794.jpg 1200w, https:\/\/revistaepocadigital.com.ar\/wp-content\/uploads\/2022\/09\/incendios_islas_rosario-768x508.jpg 768w, https:\/\/revistaepocadigital.com.ar\/wp-content\/uploads\/2022\/09\/incendios_islas_rosario-696x461.jpg 696w, https:\/\/revistaepocadigital.com.ar\/wp-content\/uploads\/2022\/09\/incendios_islas_rosario-1068x707.jpg 1068w, https:\/\/revistaepocadigital.com.ar\/wp-content\/uploads\/2022\/09\/incendios_islas_rosario-635x420.jpg 635w, https:\/\/revistaepocadigital.com.ar\/wp-content\/uploads\/2022\/09\/incendios_islas_rosario-1270x840.jpg 1270w\" sizes=\"auto, (max-width: 1330px) 100vw, 1330px\" \/>LOS ARGENTINOS, ENFRASCADOS EN LOS CONSTANTES Y MUY GRAVES APREMIOS DE LA VIDA DIARIA.<\/strong><!--more--><\/p>\n<p><span style=\"font-family: tahoma, sans-serif;\">No percibimos las grav\u00edsimas situaciones climatol\u00f3gicas que atraviesan el mundo, con sus correlatos en esta parte del continente americano y tambi\u00e9n en nuestro pa\u00eds. Las sequ\u00edas que azotan el planeta est\u00e1n provocando desastres y consecuencias presentes y futuras, realmente temibles.<\/span><\/p>\n<p>Una muestra de lo que se habla, en la Argentina, son los incendios forestales y en extensiones de campos que jaquean a poblaciones cercanas (Rosario, ciudades bonaerenses cercanas a los r\u00edos Paran\u00e1 y Uruguay, las sierras de C\u00f3rdoba<\/p>\n<p>Mientras el Congreso se ha reunido apenas seis veces en lo que va del a\u00f1o, y hay legisladores que presentan proyectos para declarar a un ciudad, &#8220;capital nacional del jam\u00f3n crudo&#8221;, los embates al medioambiente y la ecolog\u00eda avanzan. La Ley de Humedales, un camino para afrontar el problema, que resulta fundamental, ha estado esperando dormida su aprobaci\u00f3n.<\/p>\n<p>Esa imperiosa ley, este jueves<span style=\"font-family: tahoma, sans-serif;\"> 22 de septiembre se iba a debatir por fin en el Congreso de la Naci\u00f3n, y lo apoyos y respaldos desde distintos sectores de la sociedad argentina se hicieron notar. Tal el caso Climate Save Argentina sumada a las decenas de organizaciones socioambientales y autoconvocados de la sociedad civil, que ped\u00edan la sanci\u00f3n del proyecto consensuado por la ciudadan\u00eda de la Ley de Humedales.<\/span><\/p>\n<p dir=\"ltr\"><span style=\"font-family: tahoma, sans-serif;\">Han sostenido desde Climate Save Argentina:<\/span><\/p>\n<p dir=\"ltr\"><span style=\"font-family: tahoma, sans-serif;\">&#8220;En los \u00faltimos a\u00f1os, y especialmente en los \u00faltimos meses y semanas, Rosario, el Litoral y el Delta del Paran\u00e1 se han visto inundadas por el humo. Humo que invade las ciudades, llega a nuestros pulmones y nos enferma.\u00a0<\/span><\/p>\n<p dir=\"ltr\"><span style=\"font-family: tahoma, sans-serif;\">El humo que asedia es producto del fuego que arrasa con ecosistemas enteros, asesinando al humedal con su flora y fauna. Denunciamos que entre los causantes de esos fuegos se encuentra el avance de la ganader\u00eda.\u00a0<\/span><\/p>\n<p dir=\"ltr\"><span style=\"font-family: tahoma, sans-serif;\">Ante esto las organizaciones de la sociedad civil y la comunidad cient\u00edfica:\u00a0<\/span><\/p>\n<p dir=\"ltr\"><span style=\"font-family: tahoma, sans-serif;\">Demandamos imperiosamente la sanci\u00f3n de la Ley de Humedales trabajada y consensuada entre organizaciones socioambientales y la sociedad civil. El humedal es nuestro principal reservorio de agua dulce. Su vegetaci\u00f3n produce el ox\u00edgeno que respiramos y es el hogar de miles de especies, es un espacio de importancia vital para nuestro pa\u00eds y el planeta.<\/span><\/p>\n<p dir=\"ltr\"><span style=\"font-family: tahoma, sans-serif;\">Desde Climate Save Argentina y las organizaciones socioambientales, convocamos a los sindicatos, asociaciones gremiales, escuelas, bibliotecas populares, clubes sociales, organizaciones feministas y a todo el pueblo, a que participen de esta y futuras acciones conjuntas, para lograr la sanci\u00f3n de la Ley de Humedales tal como fue consensuada por organizaciones de la sociedad civil y la comunidad cient\u00edfica.<\/span><\/p>\n<p dir=\"ltr\"><span style=\"font-family: tahoma, sans-serif;\">Esta acci\u00f3n formar\u00e1 parte de una serie de actividades y movilizaciones en todo el territorio argentino, en los diversos humedales del pa\u00eds, como parte de un plan federal, coordinado, unificado y ciudadano.<\/span><\/p>\n<p dir=\"ltr\"><span style=\"font-family: tahoma, sans-serif;\">La cita era este jueves en Buenos Aires a las 9 horas frente al Congreso de la Naci\u00f3n y en Rosario a las 15 frente a la Bolsa de Comercio de Rosario.\u00a0<\/span><\/p>\n<p dir=\"ltr\">\n","protected":false},"excerpt":{"rendered":"<p>LOS ARGENTINOS, ENFRASCADOS EN LOS CONSTANTES Y MUY GRAVES APREMIOS DE LA VIDA DIARIA.<\/p>\n","protected":false},"author":3,"featured_media":17944,"comment_status":"open","ping_status":"open","sticky":false,"template":"","format":"standard","meta":{"footnotes":"","jetpack_publicize_message":"","jetpack_publicize_feature_enabled":true,"jetpack_social_post_already_shared":false,"jetpack_social_options":{"image_generator_settings":{"template":"highway","default_image_id":0,"font":"","enabled":false},"version":2}},"categories":[17],"tags":[833],"class_list":["post-17940","post","type-post","status-publish","format-standard","has-post-thumbnail","hentry","category-politica","tag-humedales"],"jetpack_publicize_connections":[],"jetpack_featured_media_url":"https:\/\/revistaepocadigital.com.ar\/wp-content\/uploads\/2022\/09\/Fuego_Islas_Noche_vga.jpg","jetpack_likes_enabled":true,"_links":{"self":[{"href":"https:\/\/revistaepocadigital.com.ar\/index.php?rest_route=\/wp\/v2\/posts\/17940","targetHints":{"allow":["GET"]}}],"collection":[{"href":"https:\/\/revistaepocadigital.com.ar\/index.php?rest_route=\/wp\/v2\/posts"}],"about":[{"href":"https:\/\/revistaepocadigital.com.ar\/index.php?rest_route=\/wp\/v2\/types\/post"}],"author":[{"embeddable":true,"href":"https:\/\/revistaepocadigital.com.ar\/index.php?rest_route=\/wp\/v2\/users\/3"}],"replies":[{"embeddable":true,"href":"https:\/\/revistaepocadigital.com.ar\/index.php?rest_route=%2Fwp%2Fv2%2Fcomments&post=17940"}],"version-history":[{"count":0,"href":"https:\/\/revistaepocadigital.com.ar\/index.php?rest_route=\/wp\/v2\/posts\/17940\/revisions"}],"wp:featuredmedia":[{"embeddable":true,"href":"https:\/\/revistaepocadigital.com.ar\/index.php?rest_route=\/wp\/v2\/media\/17944"}],"wp:attachment":[{"href":"https:\/\/revistaepocadigital.com.ar\/index.php?rest_route=%2Fwp%2Fv2%2Fmedia&parent=17940"}],"wp:term":[{"taxonomy":"category","embeddable":true,"href":"https:\/\/revistaepocadigital.com.ar\/index.php?rest_route=%2Fwp%2Fv2%2Fcategories&post=17940"},{"taxonomy":"post_tag","embeddable":true,"href":"https:\/\/revistaepocadigital.com.ar\/index.php?rest_route=%2Fwp%2Fv2%2Ftags&post=17940"}],"curies":[{"name":"wp","href":"https:\/\/api.w.org\/{rel}","templated":true}]}}