{"id":1795,"date":"2019-02-25T18:38:31","date_gmt":"2019-02-25T21:38:31","guid":{"rendered":"https:\/\/revistaepocadigital.com.ar\/?p=1795"},"modified":"2019-02-25T18:38:31","modified_gmt":"2019-02-25T21:38:31","slug":"cenicienta-un-cuento-musical-en-la-cosmopolita","status":"publish","type":"post","link":"https:\/\/revistaepocadigital.com.ar\/?p=1795","title":{"rendered":"&#8220;Cenicienta un cuento musical&#8221;, en la Cosmopolita"},"content":{"rendered":"<div class=\"msg-body P_wpofO iy_A\" data-test-id=\"message-view-body-content\">\n<div class=\"jb_0 X_6MGW N_6Fd5\">\n<div>\n<div dir=\"ltr\"><strong>LAS TROMPETAS REALES ANUNCIAN QUE EL PR\u00cdNCIPE DEBE CASARSE..<\/strong>.<!--more--><\/div>\n<div dir=\"ltr\"><em>&#8220;S\u00f3lo hay un problema, \u00e9l quiere enamorarse de la mujer que lo acompa\u00f1ar\u00e1 el resto de su vida, y qui\u00e9n podr\u00eda ganarse su alma sino<strong> Cenicienta<\/strong> que es puro coraz\u00f3n&#8221;,<\/em> comenta Fabi\u00e1n Scovenna, director general y de la puesta en escena de <strong>&#8220;Cenicienta un cuento musical&#8221;<\/strong>, el espect\u00e1culo que se va a ofrecer en abril en el<strong> Centro Cultural Cosmopolita de Capilla del Se\u00f1or<\/strong>.<\/div>\n<div dir=\"ltr\"><\/div>\n<div dir=\"ltr\"><em>&#8220;Durante la obra<\/em> -dice Scovenna- l<em>a joven hero\u00edna se enfrentar\u00e1 a los pesares de su Madrastra y Hermanastras, para que con la ayuda de sus amigas ratitas y el encanto del Hada Madrina pueda lograr su cometido&#8221;.<\/em><\/div>\n<\/div>\n<div dir=\"ltr\"><img loading=\"lazy\" decoding=\"async\" class=\"alignnone size-full wp-image-1801\" src=\"https:\/\/revistaepocadigital.com.ar\/wp-content\/uploads\/2019\/02\/ceni-.jpg\" alt=\"\" width=\"640\" height=\"326\" srcset=\"https:\/\/revistaepocadigital.com.ar\/wp-content\/uploads\/2019\/02\/ceni-.jpg 640w, https:\/\/revistaepocadigital.com.ar\/wp-content\/uploads\/2019\/02\/ceni--300x153.jpg 300w\" sizes=\"auto, (max-width: 640px) 100vw, 640px\" \/><\/div>\n<div>\n<div dir=\"ltr\"><\/div>\n<div dir=\"ltr\"><em>&#8220;Acompa\u00f1\u00e1 a <strong>Cenicienta<\/strong> en sus quehaceres el <strong>6, 13 y 27 de abril a las 19 hs en Cosmopolita, Estrada 553, Capilla del Se\u00f1or,<\/strong> pero sobre todo veni a enamorarte de la historia y de sus desopilantes personajes&#8221;, apunta el director.<\/em><\/div>\n<div dir=\"ltr\"><\/div>\n<div dir=\"ltr\"><strong>&#8220;Cenicienta, un cuento musical&#8221;,<\/strong> es una adaptaci\u00f3n de la obra de <strong>Sergio Lombardo y Mart\u00edn Bianchedi,<\/strong> dirigida en esta oportunidad por Fabi\u00e1n Scovenna, acompa\u00f1ado por un elenco de m\u00e1s de 25 artistas en escena.<\/div>\n<div dir=\"ltr\"><\/div>\n<div dir=\"ltr\">Este es el equipo creativo de Cenicienta 2019. Direcci\u00f3n General y Puesta en Escena: Fabi\u00e1n Scovenna. Coreograf\u00edas: Luli Brindisi. Coach Vocal: Meri S\u00e1nchez. Coach Actoral: Sol Salda\u00f1a<\/div>\n<div dir=\"ltr\">Asistente Coreogr\u00e1fico: Sole Capano. Asistente General: Fabi\u00e1n Carlevaro \/ Lucas D\u00edaz. Asistente Administrativo: Marcos Cabrera. Vestuario y Escenograf\u00eda: FS Producciones y Estilo Original. Dise\u00f1o de luces: Gisela Kubricky y Dise\u00f1o de maquillaje: Gabriela Alegre.<\/div>\n<div dir=\"ltr\"><\/div>\n<div dir=\"ltr\">Componen el elenco: Cenicienta: LUCIA DIAZ VELEZ. Madrastra: FABI\u00c1N CARLEVARO. Pr\u00edncipe\u00a0 GUSTAVO DEUZ. Hada Madrina MERI S\u00c1NCHEZ. Clorinda: AMALIA TORRES. Serapia:<\/div>\n<div dir=\"ltr\">MAR\u00cdA JOS\u00c9 ROLD\u00c1N. Dandini: LUCAS D\u00cdAZ. Teodoro: FRANCO Z\u00c1RATE. Pelusa: SOF\u00cdA RODRIGUEZ. Chapita: IRINA CONIL<\/div>\n<div dir=\"ltr\"><\/div>\n<div dir=\"ltr\">ENSAMBLE: FLORENCIA SCOVENNA. MARCOS CABRERA. CAMILA MARTINEZ. JIMENA REYNA. CONSUELO OTTONELLO. MELANY MIGUEZ. ANGEL DI DOM\u00c9NICO. SOL SALDA\u00d1A. GABRIELA ALEGRE. ROCIO MEDINA. CAMILA PIANOVI. VALENTINA PEREYRA. ANA ACEVEDO. LUCIA VARELA. CARLA SPINETTA<\/div>\n<div dir=\"ltr\"><\/div>\n<div dir=\"ltr\">Adquir\u00ed tus entradas escribiendo en Facebook o Instagram a FS producciones.<\/div>\n<div dir=\"ltr\"><\/div>\n<div dir=\"ltr\"><\/div>\n<\/div>\n<\/div>\n<\/div>\n<p>&nbsp;<\/p>\n","protected":false},"excerpt":{"rendered":"<p>LAS TROMPETAS REALES ANUNCIAN QUE EL PR\u00cdNCIPE DEBE CASARSE&#8230;<\/p>\n","protected":false},"author":3,"featured_media":1799,"comment_status":"open","ping_status":"open","sticky":false,"template":"","format":"standard","meta":{"footnotes":"","jetpack_publicize_message":"","jetpack_publicize_feature_enabled":true,"jetpack_social_post_already_shared":false,"jetpack_social_options":{"image_generator_settings":{"template":"highway","default_image_id":0,"font":"","enabled":false},"version":2}},"categories":[12],"tags":[232,37,83],"class_list":["post-1795","post","type-post","status-publish","format-standard","has-post-thumbnail","hentry","category-espectaculos","tag-cenicienta","tag-destacada","tag-scovenna"],"jetpack_publicize_connections":[],"jetpack_featured_media_url":"https:\/\/revistaepocadigital.com.ar\/wp-content\/uploads\/2019\/02\/scovenna-cenicien19.jpg","jetpack_likes_enabled":true,"_links":{"self":[{"href":"https:\/\/revistaepocadigital.com.ar\/index.php?rest_route=\/wp\/v2\/posts\/1795","targetHints":{"allow":["GET"]}}],"collection":[{"href":"https:\/\/revistaepocadigital.com.ar\/index.php?rest_route=\/wp\/v2\/posts"}],"about":[{"href":"https:\/\/revistaepocadigital.com.ar\/index.php?rest_route=\/wp\/v2\/types\/post"}],"author":[{"embeddable":true,"href":"https:\/\/revistaepocadigital.com.ar\/index.php?rest_route=\/wp\/v2\/users\/3"}],"replies":[{"embeddable":true,"href":"https:\/\/revistaepocadigital.com.ar\/index.php?rest_route=%2Fwp%2Fv2%2Fcomments&post=1795"}],"version-history":[{"count":0,"href":"https:\/\/revistaepocadigital.com.ar\/index.php?rest_route=\/wp\/v2\/posts\/1795\/revisions"}],"wp:featuredmedia":[{"embeddable":true,"href":"https:\/\/revistaepocadigital.com.ar\/index.php?rest_route=\/wp\/v2\/media\/1799"}],"wp:attachment":[{"href":"https:\/\/revistaepocadigital.com.ar\/index.php?rest_route=%2Fwp%2Fv2%2Fmedia&parent=1795"}],"wp:term":[{"taxonomy":"category","embeddable":true,"href":"https:\/\/revistaepocadigital.com.ar\/index.php?rest_route=%2Fwp%2Fv2%2Fcategories&post=1795"},{"taxonomy":"post_tag","embeddable":true,"href":"https:\/\/revistaepocadigital.com.ar\/index.php?rest_route=%2Fwp%2Fv2%2Ftags&post=1795"}],"curies":[{"name":"wp","href":"https:\/\/api.w.org\/{rel}","templated":true}]}}