{"id":17962,"date":"2022-09-23T02:47:57","date_gmt":"2022-09-23T05:47:57","guid":{"rendered":"https:\/\/revistaepocadigital.com.ar\/?p=17962"},"modified":"2022-09-23T02:47:57","modified_gmt":"2022-09-23T05:47:57","slug":"cambios-de-mano-en-calles-del-barrio-la-boca","status":"publish","type":"post","link":"https:\/\/revistaepocadigital.com.ar\/?p=17962","title":{"rendered":"CAMBIOS DE MANO EN CALLES DEL BARRIO LA BOCA"},"content":{"rendered":"<div class=\"\" dir=\"auto\">\n<div id=\"jsc_c_208\" class=\"d2hqwtrz r227ecj6 ez8dtbzv gt60zsk1\" data-ad-comet-preview=\"message\" data-ad-preview=\"message\">\n<div class=\"alzwoclg cqf1kptm siwo0mpr gu5uzgus\">\n<div class=\"jroqu855 nthtkgg5\">\n<div class=\"m8h3af8h l7ghb35v kjdc1dyq kmwttqpk gh25dzvf n3t5jt4f\">\n<div dir=\"auto\"><strong>ORDENAMIENTO DE TR\u00c1NSITO EN DICHO BARRIO DE CAPILLA DEL SE\u00d1OR.<!--more--><\/strong><\/div>\n<div dir=\"auto\"><\/div>\n<\/div>\n<div class=\"l7ghb35v kjdc1dyq kmwttqpk gh25dzvf jikcssrz n3t5jt4f\">\n<div dir=\"auto\">Culmin\u00f3 la colocaci\u00f3n de la se\u00f1ales indicadoras de tr\u00e1nsito, que han fijado el nuevo sentido de circulaci\u00f3n en las calles del Barrio La Boca capillense.<\/div>\n<div dir=\"auto\"><\/div>\n<\/div>\n<div class=\"l7ghb35v kjdc1dyq kmwttqpk gh25dzvf jikcssrz n3t5jt4f\">\n<div dir=\"auto\">Personal de la Direcci\u00f3n de Tr\u00e1nsito, se encontrar\u00e1 informando a los conductores sobre el nuevo ordenamiento hasta el pr\u00f3ximo lunes 10 de octubre. Ese d\u00eda el sentido de las calles entrar\u00e1 resuelto, entrar\u00e1 formalmente en vigencia.<\/div>\n<div dir=\"auto\"><\/div>\n<\/div>\n<div class=\"l7ghb35v kjdc1dyq kmwttqpk gh25dzvf jikcssrz n3t5jt4f\">\n<div dir=\"auto\">Por otro lado, tambi\u00e9n informaron desde el municipio, se contin\u00faa con los controles a veh\u00edculos de gran porte en distintos puntos del distrito, utiliz\u00e1ndose la balanza m\u00f3vil.<\/div>\n<div dir=\"auto\"><\/div>\n<div dir=\"auto\"><strong>\u00bfY LA CALLE JOS\u00c9 SOSA?<\/strong><\/div>\n<div dir=\"auto\"><\/div>\n<div dir=\"auto\">A prop\u00f3sito de la modificaci\u00f3n en el sentido de circulaci\u00f3n en calles del Barrio La Boca, otras arterias de la ciudad tambi\u00e9n deber\u00edan ser evaluadas en el mismo sentido. Uno de los casos m\u00e1s notorios, resulta el de la calle Jos\u00e9 Sosa en toda su extensi\u00f3n. La mencionada muestra a diario un intens\u00edsimo movimiento en ambos sentidos, que en determinadas horas se convierte en ca\u00f3tico. Colectivos, camiones, autom\u00f3viles, motociclistas, ciclistas, hacia un lado u otro, sumado a veh\u00edculos estacionados, han convertido a la calle Sosa en un verdadero y riesgoso cuello de botella m\u00e1s a\u00fan consider\u00e1ndose que existen adem\u00e1s de viviendas de vecinos, el Complejo Andr\u00e9s Salgado, establecimientos educativos y un sector del Club Honor y Patria. La calle Jos\u00e9 Sosa deber\u00eda tener un \u00fanico sentido de circulaci\u00f3n.<\/div>\n<div dir=\"auto\"><\/div>\n<\/div>\n<\/div>\n<\/div>\n<\/div>\n<\/div>\n<p><!--more--><\/p>\n","protected":false},"excerpt":{"rendered":"<p>ORDENAMIENTO DE TR\u00c1NSITO EN DICHO BARRIO DE CAPILLA DEL SE\u00d1OR.<\/p>\n","protected":false},"author":4,"featured_media":17964,"comment_status":"open","ping_status":"open","sticky":false,"template":"","format":"standard","meta":{"footnotes":"","jetpack_publicize_message":"","jetpack_publicize_feature_enabled":true,"jetpack_social_post_already_shared":false,"jetpack_social_options":{"image_generator_settings":{"template":"highway","default_image_id":0,"font":"","enabled":false},"version":2}},"categories":[13],"tags":[617],"class_list":["post-17962","post","type-post","status-publish","format-standard","has-post-thumbnail","hentry","category-interes-general","tag-transito"],"jetpack_publicize_connections":[],"jetpack_featured_media_url":"https:\/\/revistaepocadigital.com.ar\/wp-content\/uploads\/2022\/09\/casc.jpg","jetpack_likes_enabled":true,"_links":{"self":[{"href":"https:\/\/revistaepocadigital.com.ar\/index.php?rest_route=\/wp\/v2\/posts\/17962","targetHints":{"allow":["GET"]}}],"collection":[{"href":"https:\/\/revistaepocadigital.com.ar\/index.php?rest_route=\/wp\/v2\/posts"}],"about":[{"href":"https:\/\/revistaepocadigital.com.ar\/index.php?rest_route=\/wp\/v2\/types\/post"}],"author":[{"embeddable":true,"href":"https:\/\/revistaepocadigital.com.ar\/index.php?rest_route=\/wp\/v2\/users\/4"}],"replies":[{"embeddable":true,"href":"https:\/\/revistaepocadigital.com.ar\/index.php?rest_route=%2Fwp%2Fv2%2Fcomments&post=17962"}],"version-history":[{"count":0,"href":"https:\/\/revistaepocadigital.com.ar\/index.php?rest_route=\/wp\/v2\/posts\/17962\/revisions"}],"wp:featuredmedia":[{"embeddable":true,"href":"https:\/\/revistaepocadigital.com.ar\/index.php?rest_route=\/wp\/v2\/media\/17964"}],"wp:attachment":[{"href":"https:\/\/revistaepocadigital.com.ar\/index.php?rest_route=%2Fwp%2Fv2%2Fmedia&parent=17962"}],"wp:term":[{"taxonomy":"category","embeddable":true,"href":"https:\/\/revistaepocadigital.com.ar\/index.php?rest_route=%2Fwp%2Fv2%2Fcategories&post=17962"},{"taxonomy":"post_tag","embeddable":true,"href":"https:\/\/revistaepocadigital.com.ar\/index.php?rest_route=%2Fwp%2Fv2%2Ftags&post=17962"}],"curies":[{"name":"wp","href":"https:\/\/api.w.org\/{rel}","templated":true}]}}