{"id":17970,"date":"2022-09-23T03:15:39","date_gmt":"2022-09-23T06:15:39","guid":{"rendered":"https:\/\/revistaepocadigital.com.ar\/?p=17970"},"modified":"2022-09-23T03:15:39","modified_gmt":"2022-09-23T06:15:39","slug":"raimundo-ortiz-encabeza-el-grupo-de-rescate-universal","status":"publish","type":"post","link":"https:\/\/revistaepocadigital.com.ar\/?p=17970","title":{"rendered":"Raimundo Ortiz encabeza el Grupo de Rescate Universal"},"content":{"rendered":"<p><strong>UNA INSTITUCI\u00d3N SIN GRANDILOCUENCIAS.<\/strong><!--more--><\/p>\n<p>Lo dice Raimundo Ortiz, conocido vecino capillense, bombero voluntario retirado de vasta trayectoria, hombre que tambi\u00e9n supo incursionar en la pol\u00edtica local, multifac\u00e9tico.<\/p>\n<p>Sobre la instituci\u00f3n para rescates, mencion\u00f3 Ortiz, &#8220;deseo que se conozca que aqu\u00ed existe esta noble institucion, sin gandilocuencias, con mas de 248 personas a punto de ahogarse en aguas de distintos cursos de agua, quienes fueran rescatadas a lo largo y lo ancho del pa\u00eds&#8221;.<\/p>\n<p>&#8220;Adem\u00e1s -acot\u00f3 Ortiz- hemos brindado m\u00e1s de 800 cursos en forma ad-honorem. Y como queremos seguir adelante, necesitamos la colaboraci\u00f3n de la gente para continuar bridando servicios en bien de la humanidad, ya sea adenttro y fuera del pais&#8221;.<\/p>\n<p>&nbsp;<\/p>\n<p>nota: pod\u00e9s comuncarte: <a href=\"mailto:raimundortiz@hotmail.com\">raimundortiz@hotmail.com<\/a>\u00a0+5492325420854<\/p>\n","protected":false},"excerpt":{"rendered":"<p>UNA INSTITUCI\u00d3N SIN GRANDILOCUENCIAS.<\/p>\n","protected":false},"author":4,"featured_media":17971,"comment_status":"open","ping_status":"open","sticky":false,"template":"","format":"standard","meta":{"footnotes":"","jetpack_publicize_message":"","jetpack_publicize_feature_enabled":true,"jetpack_social_post_already_shared":false,"jetpack_social_options":{"image_generator_settings":{"template":"highway","default_image_id":0,"font":"","enabled":false},"version":2}},"categories":[6],"tags":[2043,2044],"class_list":["post-17970","post","type-post","status-publish","format-standard","has-post-thumbnail","hentry","category-barrios","tag-grupo-rescate","tag-ortiz"],"jetpack_publicize_connections":[],"jetpack_featured_media_url":"https:\/\/revistaepocadigital.com.ar\/wp-content\/uploads\/2022\/09\/raimundo.jpg","jetpack_likes_enabled":true,"_links":{"self":[{"href":"https:\/\/revistaepocadigital.com.ar\/index.php?rest_route=\/wp\/v2\/posts\/17970","targetHints":{"allow":["GET"]}}],"collection":[{"href":"https:\/\/revistaepocadigital.com.ar\/index.php?rest_route=\/wp\/v2\/posts"}],"about":[{"href":"https:\/\/revistaepocadigital.com.ar\/index.php?rest_route=\/wp\/v2\/types\/post"}],"author":[{"embeddable":true,"href":"https:\/\/revistaepocadigital.com.ar\/index.php?rest_route=\/wp\/v2\/users\/4"}],"replies":[{"embeddable":true,"href":"https:\/\/revistaepocadigital.com.ar\/index.php?rest_route=%2Fwp%2Fv2%2Fcomments&post=17970"}],"version-history":[{"count":0,"href":"https:\/\/revistaepocadigital.com.ar\/index.php?rest_route=\/wp\/v2\/posts\/17970\/revisions"}],"wp:featuredmedia":[{"embeddable":true,"href":"https:\/\/revistaepocadigital.com.ar\/index.php?rest_route=\/wp\/v2\/media\/17971"}],"wp:attachment":[{"href":"https:\/\/revistaepocadigital.com.ar\/index.php?rest_route=%2Fwp%2Fv2%2Fmedia&parent=17970"}],"wp:term":[{"taxonomy":"category","embeddable":true,"href":"https:\/\/revistaepocadigital.com.ar\/index.php?rest_route=%2Fwp%2Fv2%2Fcategories&post=17970"},{"taxonomy":"post_tag","embeddable":true,"href":"https:\/\/revistaepocadigital.com.ar\/index.php?rest_route=%2Fwp%2Fv2%2Ftags&post=17970"}],"curies":[{"name":"wp","href":"https:\/\/api.w.org\/{rel}","templated":true}]}}