{"id":17973,"date":"2022-09-23T09:56:36","date_gmt":"2022-09-23T12:56:36","guid":{"rendered":"https:\/\/revistaepocadigital.com.ar\/?p=17973"},"modified":"2022-09-23T09:56:36","modified_gmt":"2022-09-23T12:56:36","slug":"murio-carlitos-bala-y-se-nos-pianta-un-lagrimon","status":"publish","type":"post","link":"https:\/\/revistaepocadigital.com.ar\/?p=17973","title":{"rendered":"MURI\u00d3 CARLITOS BAL\u00c1 Y SE NOS PIANTA UN LAGRIM\u00d3N"},"content":{"rendered":"<p><strong>EL HOMBRE QUE PERDURAR\u00c1.<\/strong><!--more--><\/p>\n<p>Muri\u00f3 Carlitos Bal\u00e1. Un s\u00edmbolo argentino que perfor\u00f3 generaciones.<\/p>\n<p>Elegimos como portada el sentido mensaje en la red social Facebook, del periodista de Diario Popular, Claudio Pita.<\/p>\n<p>Carlitos Bal\u00e1, \u00a1gracias!<\/p>\n","protected":false},"excerpt":{"rendered":"<p>EL HOMBRE QUE PERDURAR\u00c1.<\/p>\n","protected":false},"author":4,"featured_media":17974,"comment_status":"open","ping_status":"open","sticky":false,"template":"","format":"standard","meta":{"footnotes":"","jetpack_publicize_message":"","jetpack_publicize_feature_enabled":true,"jetpack_social_post_already_shared":false,"jetpack_social_options":{"image_generator_settings":{"template":"highway","default_image_id":0,"font":"","enabled":false},"version":2}},"categories":[13],"tags":[2045],"class_list":["post-17973","post","type-post","status-publish","format-standard","has-post-thumbnail","hentry","category-interes-general","tag-carlitos-bala"],"jetpack_publicize_connections":[],"jetpack_featured_media_url":"https:\/\/revistaepocadigital.com.ar\/wp-content\/uploads\/2022\/09\/bala.jpg","jetpack_likes_enabled":true,"_links":{"self":[{"href":"https:\/\/revistaepocadigital.com.ar\/index.php?rest_route=\/wp\/v2\/posts\/17973","targetHints":{"allow":["GET"]}}],"collection":[{"href":"https:\/\/revistaepocadigital.com.ar\/index.php?rest_route=\/wp\/v2\/posts"}],"about":[{"href":"https:\/\/revistaepocadigital.com.ar\/index.php?rest_route=\/wp\/v2\/types\/post"}],"author":[{"embeddable":true,"href":"https:\/\/revistaepocadigital.com.ar\/index.php?rest_route=\/wp\/v2\/users\/4"}],"replies":[{"embeddable":true,"href":"https:\/\/revistaepocadigital.com.ar\/index.php?rest_route=%2Fwp%2Fv2%2Fcomments&post=17973"}],"version-history":[{"count":0,"href":"https:\/\/revistaepocadigital.com.ar\/index.php?rest_route=\/wp\/v2\/posts\/17973\/revisions"}],"wp:featuredmedia":[{"embeddable":true,"href":"https:\/\/revistaepocadigital.com.ar\/index.php?rest_route=\/wp\/v2\/media\/17974"}],"wp:attachment":[{"href":"https:\/\/revistaepocadigital.com.ar\/index.php?rest_route=%2Fwp%2Fv2%2Fmedia&parent=17973"}],"wp:term":[{"taxonomy":"category","embeddable":true,"href":"https:\/\/revistaepocadigital.com.ar\/index.php?rest_route=%2Fwp%2Fv2%2Fcategories&post=17973"},{"taxonomy":"post_tag","embeddable":true,"href":"https:\/\/revistaepocadigital.com.ar\/index.php?rest_route=%2Fwp%2Fv2%2Ftags&post=17973"}],"curies":[{"name":"wp","href":"https:\/\/api.w.org\/{rel}","templated":true}]}}