{"id":17987,"date":"2022-09-25T16:59:56","date_gmt":"2022-09-25T19:59:56","guid":{"rendered":"https:\/\/revistaepocadigital.com.ar\/?p=17987"},"modified":"2022-09-25T17:03:00","modified_gmt":"2022-09-25T20:03:00","slug":"con-nanni-por-adicciones-y-salud-mental","status":"publish","type":"post","link":"https:\/\/revistaepocadigital.com.ar\/?p=17987","title":{"rendered":"CON NANNI, REUNI\u00d3N POR ADICCIONES Y SALUD MENTAL"},"content":{"rendered":"<p><strong>ANTE LOS TIEMPOS QUE SE VIVEN.<\/strong><\/p>\n<p>Exaltaci\u00f3n de la Cruz no es la excepci\u00f3n. Por eso resulta valiosa e importante ante el tremendo flagelo en ascenso de las adicciones, as\u00ed como la tan seria problem\u00e1tica vinculada a la salud mental, la iniciativa planteada al intendente Diego Nanni, durante la reuni\u00f3n mantenida en el municipio.<\/p>\n<p>Conversaron con el jefe comunal Pablo Mart\u00edn Rossi, abogado y escritor del libro &#8220;Un camino con salida&#8221;, su esposa\u00a0 Viviana Ponce oriunda de Los Cardales, y la conocida vecina Mabel Mil\u00e1n quien estudi\u00f3 con ambos y se ha sumado al proyecto (foto portada).<\/p>\n<p>Rossi ha realizado convenios de trabajo para la prevenci\u00f3n y atenci\u00f3n de consumos problem\u00e1ticos en ambientes laborales en puntos del pa\u00eds, y brinda charlas preventivas de adicciones como capacitador de la plataforma Reducativa. Propuesta tambi\u00e9n trasladada al intendente quien mostr\u00f3 su inter\u00e9s y se\u00f1al\u00f3 que indicar\u00e1 que participen las \u00e1reas de adicciones y tambi\u00e9n de salud mental del municipio.<\/p>\n<p>El objetivo es llevar a cabo capacitaciones sobre adicciones y salud mental en los barrios m\u00e1s vulnerables ubicados en Capilla del Se\u00f1or y Los Cardales. Abordajes esenciales, imperiosamente necesarios que deben extenderse a toda la comunidad exaltacruce\u00f1a, a modo de que sean uno de los veh\u00edculos para enfrentar el incremento en materia de adicciones y las cuestiones que hacen a la salud mental, tan vapuleada en especial en los \u00faltimos a\u00f1os en nuestro pa\u00eds.<\/p>\n<p>&nbsp;<\/p>\n<p>&nbsp;<\/p>\n","protected":false},"excerpt":{"rendered":"<p>ANTE LOS TIEMPOS QUE SE VIVEN. Exaltaci\u00f3n de la Cruz no es la excepci\u00f3n. Por eso resulta valiosa e importante ante el tremendo flagelo en ascenso de las adicciones, as\u00ed como la tan seria problem\u00e1tica vinculada a la salud mental, la iniciativa planteada al intendente Diego Nanni, durante la reuni\u00f3n mantenida en el municipio. Conversaron [&hellip;]<\/p>\n","protected":false},"author":3,"featured_media":17991,"comment_status":"open","ping_status":"open","sticky":false,"template":"","format":"standard","meta":{"footnotes":"","jetpack_publicize_message":"","jetpack_publicize_feature_enabled":true,"jetpack_social_post_already_shared":false,"jetpack_social_options":{"image_generator_settings":{"template":"highway","default_image_id":0,"font":"","enabled":false},"version":2}},"categories":[15],"tags":[2046,37,706],"class_list":["post-17987","post","type-post","status-publish","format-standard","has-post-thumbnail","hentry","category-lo-que-tenes-que-saber","tag-adicciones","tag-destacada","tag-salud-mental"],"jetpack_publicize_connections":[],"jetpack_featured_media_url":"https:\/\/revistaepocadigital.com.ar\/wp-content\/uploads\/2022\/09\/999-1.jpg","jetpack_likes_enabled":true,"_links":{"self":[{"href":"https:\/\/revistaepocadigital.com.ar\/index.php?rest_route=\/wp\/v2\/posts\/17987","targetHints":{"allow":["GET"]}}],"collection":[{"href":"https:\/\/revistaepocadigital.com.ar\/index.php?rest_route=\/wp\/v2\/posts"}],"about":[{"href":"https:\/\/revistaepocadigital.com.ar\/index.php?rest_route=\/wp\/v2\/types\/post"}],"author":[{"embeddable":true,"href":"https:\/\/revistaepocadigital.com.ar\/index.php?rest_route=\/wp\/v2\/users\/3"}],"replies":[{"embeddable":true,"href":"https:\/\/revistaepocadigital.com.ar\/index.php?rest_route=%2Fwp%2Fv2%2Fcomments&post=17987"}],"version-history":[{"count":0,"href":"https:\/\/revistaepocadigital.com.ar\/index.php?rest_route=\/wp\/v2\/posts\/17987\/revisions"}],"wp:featuredmedia":[{"embeddable":true,"href":"https:\/\/revistaepocadigital.com.ar\/index.php?rest_route=\/wp\/v2\/media\/17991"}],"wp:attachment":[{"href":"https:\/\/revistaepocadigital.com.ar\/index.php?rest_route=%2Fwp%2Fv2%2Fmedia&parent=17987"}],"wp:term":[{"taxonomy":"category","embeddable":true,"href":"https:\/\/revistaepocadigital.com.ar\/index.php?rest_route=%2Fwp%2Fv2%2Fcategories&post=17987"},{"taxonomy":"post_tag","embeddable":true,"href":"https:\/\/revistaepocadigital.com.ar\/index.php?rest_route=%2Fwp%2Fv2%2Ftags&post=17987"}],"curies":[{"name":"wp","href":"https:\/\/api.w.org\/{rel}","templated":true}]}}