{"id":18022,"date":"2022-09-27T15:15:32","date_gmt":"2022-09-27T18:15:32","guid":{"rendered":"https:\/\/revistaepocadigital.com.ar\/?p=18022"},"modified":"2022-09-27T15:15:32","modified_gmt":"2022-09-27T18:15:32","slug":"cuanto-va-a-costar-la-luz-segmentacion-tarifaria-informo-cepral","status":"publish","type":"post","link":"https:\/\/revistaepocadigital.com.ar\/?p=18022","title":{"rendered":"Cu\u00e1nto va a costar la luz. Segmentaci\u00f3n Tarifaria, inform\u00f3 CEPRAL"},"content":{"rendered":"<p><strong>UN TEMA DEL QUE MUCHO SE HA HABLADO Y DEBATIDO, A PARTIR DE LO RESUELTO POR EL GOBIERNO NACIONAL<\/strong>.<!--more--><\/p>\n<p>En lo respecta a los usuarios del servicio el\u00e9ctrico de Cepral; desde la entidad se hizo saber que <em>&#8220;con fecha 21\/9\/22, hemos recibido del OCEBA la base de datos con la clasificaci\u00f3n de los diferentes usuarios <\/em><em>para la Segmentaci\u00f3n Tarifaria, seg\u00fan lo indicado en el Decreto 332\/22 que instrument\u00f3 el RASE (Registro de Acceso a los Subsidios de Energ\u00eda)&#8221;.<\/em><\/p>\n<p>Luego ampli\u00f3 Cepral, &#8220;del\u00a0primer an\u00e1lisis de la informaci\u00f3n surge lo siguiente:<br \/>\n1. 6.628 usuarios, Residenciales o Rurales Residenciales es el padr\u00f3n activo.<br \/>\n2. 5.003 usuarios, est\u00e1n sin clasificar o no realizaron el tr\u00e1mite 75.49%, lo que<br \/>\nsignifica que estos usuarios quedar\u00e1n en situaci\u00f3n de<strong> NO PERCIBIR MAS EL<\/strong><br \/>\n<strong>SUBSIDIO y SERAN CALIFICADOS COMO DE ALTOS INGRESOS.<\/strong><br \/>\n<strong>3. 1.625 usuarios, est\u00e1n clasificados 24.51%, lo que significa que estos usuarios<\/strong><br \/>\n<strong>quedar\u00e1n en situaci\u00f3n de PERCIBIR EL SUBSIDIO.<\/strong><\/p>\n<p>A continuaci\u00f3n fueron brindadas <strong>recomendaciones<\/strong> a los usuarios de la cooperativa:<\/p>\n<p>1. Para quienes a\u00fan no realizaron la inscripci\u00f3n o deseen hacer modificaciones, deber\u00e1n hacerlo a la brevedad en https:\/\/www.argentina.gob.ar\/subsidios para poder seguir teniendo la tarifa subsidiada en caso de corresponder. La alternativa es concurrir al ANSES para realizar el tr\u00e1mite personalmente.<br \/>\n2. Seg\u00fan las resoluciones vigentes los usuarios categorizados N1 (Ingresos altos) recibir\u00e1n<br \/>\naumentos graduales desde la pr\u00f3xima facturaci\u00f3n, motivo por el cual si a\u00fan no se registr\u00f3 en el RASE, le sugerimos que lo haga a la brevedad posible y es por ello por lo que, ponemos a disposici\u00f3n nuestro personal para realizar las consultas necesarias. Aquellos usuarios que no se registren o bien queden encuadrados dentro de la citada categor\u00eda, deber\u00e1n afrontar incrementos en la tarifa de energ\u00eda el\u00e9ctrica de hasta el 200 % dispuesto por el OCEBA (Organismo de Control de la Energ\u00eda El\u00e9ctrica de Buenos Aires).<\/p>\n","protected":false},"excerpt":{"rendered":"<p>UN TEMA DEL QUE MUCHO SE HA HABLADO Y DEBATIDO, A PARTIR DE LO RESUELTO POR EL GOBIERNO NACIONAL.<\/p>\n","protected":false},"author":3,"featured_media":18025,"comment_status":"open","ping_status":"open","sticky":false,"template":"","format":"standard","meta":{"footnotes":"","jetpack_publicize_message":"","jetpack_publicize_feature_enabled":true,"jetpack_social_post_already_shared":false,"jetpack_social_options":{"image_generator_settings":{"template":"highway","default_image_id":0,"font":"","enabled":false},"version":2}},"categories":[5],"tags":[29,206,2051],"class_list":["post-18022","post","type-post","status-publish","format-standard","has-post-thumbnail","hentry","category-aqui-parada-robles","tag-cepral","tag-luz","tag-segmentacion-tarifas"],"jetpack_publicize_connections":[],"jetpack_featured_media_url":"https:\/\/revistaepocadigital.com.ar\/wp-content\/uploads\/2022\/09\/luz.jpg","jetpack_likes_enabled":true,"_links":{"self":[{"href":"https:\/\/revistaepocadigital.com.ar\/index.php?rest_route=\/wp\/v2\/posts\/18022","targetHints":{"allow":["GET"]}}],"collection":[{"href":"https:\/\/revistaepocadigital.com.ar\/index.php?rest_route=\/wp\/v2\/posts"}],"about":[{"href":"https:\/\/revistaepocadigital.com.ar\/index.php?rest_route=\/wp\/v2\/types\/post"}],"author":[{"embeddable":true,"href":"https:\/\/revistaepocadigital.com.ar\/index.php?rest_route=\/wp\/v2\/users\/3"}],"replies":[{"embeddable":true,"href":"https:\/\/revistaepocadigital.com.ar\/index.php?rest_route=%2Fwp%2Fv2%2Fcomments&post=18022"}],"version-history":[{"count":0,"href":"https:\/\/revistaepocadigital.com.ar\/index.php?rest_route=\/wp\/v2\/posts\/18022\/revisions"}],"wp:featuredmedia":[{"embeddable":true,"href":"https:\/\/revistaepocadigital.com.ar\/index.php?rest_route=\/wp\/v2\/media\/18025"}],"wp:attachment":[{"href":"https:\/\/revistaepocadigital.com.ar\/index.php?rest_route=%2Fwp%2Fv2%2Fmedia&parent=18022"}],"wp:term":[{"taxonomy":"category","embeddable":true,"href":"https:\/\/revistaepocadigital.com.ar\/index.php?rest_route=%2Fwp%2Fv2%2Fcategories&post=18022"},{"taxonomy":"post_tag","embeddable":true,"href":"https:\/\/revistaepocadigital.com.ar\/index.php?rest_route=%2Fwp%2Fv2%2Ftags&post=18022"}],"curies":[{"name":"wp","href":"https:\/\/api.w.org\/{rel}","templated":true}]}}