{"id":1803,"date":"2019-02-26T01:06:13","date_gmt":"2019-02-26T04:06:13","guid":{"rendered":"https:\/\/revistaepocadigital.com.ar\/?p=1803"},"modified":"2019-02-26T01:25:01","modified_gmt":"2019-02-26T04:25:01","slug":"va-a-seguir-martin-faure-en-el-bloque-oficialista","status":"publish","type":"post","link":"https:\/\/revistaepocadigital.com.ar\/?p=1803","title":{"rendered":"\u00bfVa a seguir Mart\u00edn Faure en el bloque oficialista?"},"content":{"rendered":"<p><strong>EN EL PER\u00cdODO 2019 DEL CONCEJO DELIBERANTE, OCUPA LA BANCA DE MARIA LUZ BOZZANI.<\/strong><!--more--><\/p>\n<p>Y la presencia de<strong> Faure<\/strong> como concejal titular ha dado lugar a especulaciones en particular, acerca de si su postura va a coincidir con las del oficialismo o, si saltar\u00e1 el cerco y su sumar\u00e1 al bloque de Unidad Ciudadana. EPOCA habl\u00f3 con Faure.<\/p>\n<p><strong>-Ha llegado a ocupar la banca de Mar\u00eda Luz Bozzani en uso de licencia para ocupar un cargo en el ejecutivo municipal, \u00bfpuede explicar c\u00f3mo se dio su ingreso al HCD?<\/strong><br \/>\n<em>-Accedo a la banca por ocupar el 4\u00b0 lugar de la lista encabezada por el intendente Adri\u00e1n S\u00e1nchez en las elecciones generales del a\u00f1o 2015, luegode haber participado de las elecciones internas en agosto del mismo a\u00f1o. Al momento de unificarse la lista, como se encuentra establecido, el primer precandidato a concejal de la listaque no resulta electo en las P.A.S.O (primarias abiertas, simult\u00e1neas y obligatorias), se ubica en el 4\u00b0lugar de la boleta que participa en la votaci\u00f3n general. De ese modo, al realizarse modificaciones en la composici\u00f3n de los concejales que acceden a las bancas y, como en este caso, al asumir la Dra. Bozzani una nueva funci\u00f3n en el \u00e1mbito ejecutivo, paso a ocupar el lugar correspondiente por resultar el concejal que sucede en el orden de la lista respectiva. Lo mismo aconteci\u00f3 a lo largo de estos \u00faltimos tres a\u00f1osen los momentos en que el intendente S\u00e1nchez solicit\u00f3 licencias por diversas cuestiones y la concejal Bozzani asumi\u00f3 el cargo de intendente de manera interina.<\/em><\/p>\n<p>&#8211;<strong>En el anterior per\u00edodo de sesiones ordinarias del HCD, asumi\u00f3 la banca como ha dicho y es sabido, Mar\u00eda Luz Bozzani del oficialismo, se debi\u00f3 a la licencia por razones de salud del intendente, y por \u00faltimo Bozzani solicit\u00f3 licencia al cargo de concejal para asumir un cargo en el Ejecutivo municipal. Considerando en su caso, la militancia en el peronismo que ostenta, y ante el supuesto distanciamiento del oficialismo municipal del Frente para la Victoria, se abren interrogantes en torno a que postura adoptar\u00e1 usted desde su banca en el nuevo per\u00edodo de inminente comienzo.<\/strong><br \/>\n&#8211;<em>Todo depender\u00e1 del camino que decida tomarse en este 2019 tanto en el <\/em><em>\u00e1mbito nacional, provincial y municipal. Hasta ahora son suposiciones, por <\/em><em>lo que no sirve especular en ese sentido. A lo largo de toda mi vida y mi <\/em><em>participaci\u00f3n pol\u00edtica he abrazado las mismas causas, trabajando en el <\/em><em>mismo espacio en defensa de los derechos de las grandes mayor\u00edas como lo ha hecho el peronismo a lo largo de su rica historia, por lo que sostendr\u00e9<\/em><br \/>\n<em>desde el lugar que me corresponda ocupar las mismas convicciones. La <\/em><em>coherencia y el compromiso asumido, son valores que todo quien se decide a <\/em><em>participar pol\u00edticamente en cualquier espacio en el que se sienta <\/em><em>representado no deber\u00eda dejar de lado. Esas son cuestiones que no dejan <\/em><em>ninguna duda respecto a mi postura en el Concejo Deliberante.<\/em><\/p>\n<figure id=\"attachment_1808\" aria-describedby=\"caption-attachment-1808\" style=\"width: 550px\" class=\"wp-caption alignnone\"><img loading=\"lazy\" decoding=\"async\" class=\"size-full wp-image-1808\" src=\"https:\/\/revistaepocadigital.com.ar\/wp-content\/uploads\/2019\/02\/HCD.jpg\" alt=\"\" width=\"550\" height=\"354\" srcset=\"https:\/\/revistaepocadigital.com.ar\/wp-content\/uploads\/2019\/02\/HCD.jpg 550w, https:\/\/revistaepocadigital.com.ar\/wp-content\/uploads\/2019\/02\/HCD-300x193.jpg 300w\" sizes=\"auto, (max-width: 550px) 100vw, 550px\" \/><figcaption id=\"caption-attachment-1808\" class=\"wp-caption-text\">El HCD abre el per\u00edodo 2019, ante el a\u00f1o electoral, se presume que estar\u00e1 movido (Foto gentileza La Aut\u00e9ntica Defensa).<\/figcaption><\/figure>\n<p><strong>-Las reuniones de sectores internos del justicialismo de Exaltaci\u00f3n de la Cruz, que han venido <\/strong><strong>sucedi\u00e9ndose, \u00bfavanzan hacia la uni\u00f3n de esos sectores en funci\u00f3n de las elecciones de este <\/strong><strong>a\u00f1o?, \u00bfsupone que surgir\u00e1 pronto el nombre de un candidato a intendente?<\/strong><br \/>\n<em>-Estoy convencido que los sectores que conformamos el amplio espacio del p eronismo, el kirchnerismo y el campo popular debemos aunar esfuerzospara lograr la unidad necesaria en las pr\u00f3ximas elecciones, que ponga freno a tanta p\u00e9rdida de derechos y transferencia de recursos hacia los sectores m\u00e1s privilegiados. Los vecinos de Exaltaci\u00f3n de la Cruz, no somos ajenos a las problem\u00e1ticas que sufre el pa\u00eds, padecemos la corrida de precios con una<\/em><br \/>\n<em>inflaci\u00f3n desenfrenada y la lluvia de inversiones que nunca lleg\u00f3, tal como lo\u00a0 promet\u00eda el gobierno nacional. Se percibe en el humor de quienes nos encontramos recorriendo los barrios que no damos m\u00e1s ni llegamos a fin de mes. Y debemos tenerlo presente al momento de decidir el voto.<\/em><br \/>\n<em>La unidad supone consensuar, debatir, acordar un proyecto y las mejores\u00a0 candidatas y candidatos que lo representen, que convoque a las mayor\u00edas para trabajar en la recuperaci\u00f3n de muchos aspectos sociales, pol\u00edticos y econ\u00f3micos que han sido vulnerados durante los \u00faltimos cuatro a\u00f1os del gobierno de Cambiemos. Y es de esperar, por supuesto, que el nombre que encabece este proyecto surja pronto.<\/em><\/p>\n<p><strong>-\u00bfSe avanza hacia una polarizaci\u00f3n de candidatos para las elecciones de este a\u00f1o, al<\/strong><br \/>\n<strong>mencionarse a Diego Nanni y Ra\u00fal Sancho como postulantes principales a la intendencia?<\/strong><br \/>\n<em>-Considero que si, es un fen\u00f3meno que viene ocurriendo hace varios a\u00f1os no <\/em><em>s\u00f3lo en Argentina, sino que es signo de una \u00e9poca en toda Latinoam\u00e9rica.<\/em> <em>Las candidaturas representan y proponen proyectos, y la polarizaci\u00f3n es el<\/em> <em>reflejo de posturas que las impulsan. No es raro pensar que la misma<\/em> <em>tambi\u00e9n puede ser una caracter\u00edstica de este tipo de elecci\u00f3n, donde se<\/em> <em>ponen en juego los cargos ejecutivos y donde el efecto de tracci\u00f3n de los<\/em> <em>candidatos a presidente ejercen esa fuerza en el nivel municipal. Imagino <\/em><em>ese escenario, porque de otro modo dispersar\u00eda la fuerza de nuestro<\/em> <em>espacio.<\/em><\/p>\n<p><strong>-Acerca de su estrategia en el HCD, y volviendo sobre lo consultado antes, \u00bfpuede alejarse<\/strong><strong>del bloque oficialista para formar uno unipersonal, o bien sumarse al de Unidad Ciudadana?<\/strong><br \/>\n&#8211;<em>Como lo mencion\u00e9 anteriormente, lo que se desarrolle a trav\u00e9s la banca en el Concejo Deliberante debe ser un reflejo del trabajo territorial que venimos realizando, consecuente con ideas sostenidas a lo largo del tiempo, y que representen a los sectores que hacen que uno asuma esa responsabilidad.<\/em><br \/>\n<em>Hace tiempo ya que muchos militantes se acercan a los barrios a colaborar con vecinos golpeados fuertemente por la crisis que estamos viviendo, mediante ayuda alimentaria, merenderos, acciones interesadas en la problem\u00e1tica de g\u00e9nero, y trabajo social muy importante. Tenemos compa\u00f1eros de la Corriente Mart\u00edn Fierro con fuerte trabajo de contenci\u00f3n, por lo que la labor legislativa debe ir en tal sentido. Seguramente tendremos reuniones entre los concejales del espacio para definir estrategias y acciones.<\/em><\/p>\n<p><strong>-Acerca de la candidatura de Nanni, ha dicho que se presentar\u00e1 y a la vez mencion\u00f3 que lo <\/strong><strong>har\u00eda en representaci\u00f3n del espacio que lo respaldara, dejando entrever que en las filas <\/strong><strong>oficialistas no todos apoyar\u00edan su postulaci\u00f3n. \u00bfEstar\u00eda dispuesto a respaldar a Nanni?<\/strong><br \/>\n-Con Diego Nanni coincidimos en torno a la construcci\u00f3n del espacio que ven\u00edamos comentando. Creemos necesario trabajar para consolidar un proyecto que defienda lo conseguido y que trabaje para frenar el aumento irrefrenable de impuestos y servicios, de la canasta b\u00e1sica que tanto afecta a nuestra poblaci\u00f3n, a preservar las fuentes laborales, con la importancia que tienen los gobiernos locales como primera barrera de contenci\u00f3n ante la<br \/>\ncrisis que estamos viviendo. Continuaremos fortaleciendo esa construcci\u00f3n para que \u00e9l la encabece.<\/p>\n","protected":false},"excerpt":{"rendered":"<p>EN EL PER\u00cdODO 2019 DEL CONCEJO DELIBERANTE, OCUPA LA BANCA DE MARIA LUZ BOZZANI.<\/p>\n","protected":false},"author":4,"featured_media":1807,"comment_status":"open","ping_status":"open","sticky":false,"template":"","format":"standard","meta":{"footnotes":"","jetpack_publicize_message":"","jetpack_publicize_feature_enabled":true,"jetpack_social_post_already_shared":false,"jetpack_social_options":{"image_generator_settings":{"template":"highway","default_image_id":0,"font":"","enabled":false},"version":2}},"categories":[17],"tags":[233,234],"class_list":["post-1803","post","type-post","status-publish","format-standard","has-post-thumbnail","hentry","category-politica","tag-faure","tag-peronismo"],"jetpack_publicize_connections":[],"jetpack_featured_media_url":"https:\/\/revistaepocadigital.com.ar\/wp-content\/uploads\/2019\/02\/FAURE-MARTIJN19.jpg","jetpack_likes_enabled":true,"_links":{"self":[{"href":"https:\/\/revistaepocadigital.com.ar\/index.php?rest_route=\/wp\/v2\/posts\/1803","targetHints":{"allow":["GET"]}}],"collection":[{"href":"https:\/\/revistaepocadigital.com.ar\/index.php?rest_route=\/wp\/v2\/posts"}],"about":[{"href":"https:\/\/revistaepocadigital.com.ar\/index.php?rest_route=\/wp\/v2\/types\/post"}],"author":[{"embeddable":true,"href":"https:\/\/revistaepocadigital.com.ar\/index.php?rest_route=\/wp\/v2\/users\/4"}],"replies":[{"embeddable":true,"href":"https:\/\/revistaepocadigital.com.ar\/index.php?rest_route=%2Fwp%2Fv2%2Fcomments&post=1803"}],"version-history":[{"count":0,"href":"https:\/\/revistaepocadigital.com.ar\/index.php?rest_route=\/wp\/v2\/posts\/1803\/revisions"}],"wp:featuredmedia":[{"embeddable":true,"href":"https:\/\/revistaepocadigital.com.ar\/index.php?rest_route=\/wp\/v2\/media\/1807"}],"wp:attachment":[{"href":"https:\/\/revistaepocadigital.com.ar\/index.php?rest_route=%2Fwp%2Fv2%2Fmedia&parent=1803"}],"wp:term":[{"taxonomy":"category","embeddable":true,"href":"https:\/\/revistaepocadigital.com.ar\/index.php?rest_route=%2Fwp%2Fv2%2Fcategories&post=1803"},{"taxonomy":"post_tag","embeddable":true,"href":"https:\/\/revistaepocadigital.com.ar\/index.php?rest_route=%2Fwp%2Fv2%2Ftags&post=1803"}],"curies":[{"name":"wp","href":"https:\/\/api.w.org\/{rel}","templated":true}]}}