{"id":18035,"date":"2022-09-29T02:12:51","date_gmt":"2022-09-29T05:12:51","guid":{"rendered":"https:\/\/revistaepocadigital.com.ar\/?p=18035"},"modified":"2022-09-29T02:15:16","modified_gmt":"2022-09-29T05:15:16","slug":"dona-medula-dona-vida","status":"publish","type":"post","link":"https:\/\/revistaepocadigital.com.ar\/?p=18035","title":{"rendered":"Don\u00e1 m\u00e9dula, don\u00e1 vida"},"content":{"rendered":"<div class=\"h07fizzr nuz1ool1 alzwoclg\">\n<div class=\"nq2b4knc bis24fgy\"><strong>Colecta de septiembre del <\/strong><a class=\"qi72231t nu7423ey n3hqoq4p r86q59rh b3qcqh3k fq87ekyn bdao358l fsf7x5fv rse6dlih s5oniofx m8h3af8h l7ghb35v kjdc1dyq kmwttqpk srn514ro oxkhqvkx rl78xhln nch0832m cr00lzj9 rn8ck1ys s3jn8y49 icdlwmnq cxfqmxzd d1w2l3lo tes86rjd\" tabindex=\"0\" role=\"link\" href=\"https:\/\/www.facebook.com\/hospgarrahan\/?__cft__[0]=AZUeXPurs8nNvvkZs-lHLae0t4OG9dSLI2U4ZbUTrcGAfaMyAiK9io3Z990CzKL8u9kmxNSGYSfSMsJRH3wTFkU0mi8Pz_XpxRSiCosExJNG5OBAR-CJ--zLXj7BBZQLgyzrs4B2PV123WTMls_zhPcpDTzdcsubJH-aLYkEk80wH-otFvW1Bu0ugwbFGvKigsJgo1J25tZKWIr-spCE048Q&amp;__tn__=kK-y-R\"><span class=\"rse6dlih\"><strong>Hospital Garrahan.<\/strong><\/span><\/a><\/div>\n<\/div>\n<p><!--more--><\/p>\n<div class=\"\" dir=\"auto\">\n<div class=\"\" dir=\"auto\">\n<div class=\"d2hqwtrz r227ecj6 ez8dtbzv gt60zsk1\" data-ad-comet-preview=\"message\" data-ad-preview=\"message\">\n<div class=\"alzwoclg cqf1kptm siwo0mpr gu5uzgus\">\n<div class=\"jroqu855 nthtkgg5\">\n<div class=\"l7ghb35v kjdc1dyq kmwttqpk gh25dzvf jikcssrz n3t5jt4f\">\n<div dir=\"auto\">Si trabajas , podes llevar un comprobante para avalar tu ausencia!<\/div>\n<\/div>\n<div class=\"l7ghb35v kjdc1dyq kmwttqpk gh25dzvf jikcssrz n3t5jt4f\">\n<div dir=\"auto\">Hoy quer\u00eda contarles algo muy especial, sobre la donante de Milo y Jano<\/div>\n<\/div>\n<div class=\"l7ghb35v kjdc1dyq kmwttqpk gh25dzvf jikcssrz n3t5jt4f\">\n<div dir=\"auto\"><\/div>\n<div dir=\"auto\">Buscada intensamente por el mundo por <a class=\"qi72231t nu7423ey n3hqoq4p r86q59rh b3qcqh3k fq87ekyn bdao358l fsf7x5fv rse6dlih s5oniofx m8h3af8h l7ghb35v kjdc1dyq kmwttqpk srn514ro oxkhqvkx rl78xhln nch0832m cr00lzj9 rn8ck1ys s3jn8y49 icdlwmnq cxfqmxzd d1w2l3lo tes86rjd\" tabindex=\"0\" role=\"link\" href=\"https:\/\/www.facebook.com\/hashtag\/incucai?__eep__=6&amp;__cft__[0]=AZUeXPurs8nNvvkZs-lHLae0t4OG9dSLI2U4ZbUTrcGAfaMyAiK9io3Z990CzKL8u9kmxNSGYSfSMsJRH3wTFkU0mi8Pz_XpxRSiCosExJNG5OBAR-CJ--zLXj7BBZQLgyzrs4B2PV123WTMls_zhPcpDTzdcsubJH-aLYkEk80wH-otFvW1Bu0ugwbFGvKigsJgo1J25tZKWIr-spCE048Q&amp;__tn__=*NK-y-R\">#INCUCAI<\/a> , desde sus 6 meses cuando les diagnosticaron una enfermedad de (2019) inmunodeficiencia terminal, en el a\u00f1o 2018 el a\u00f1o que Milo y Jano nacieron , llego as\u00ed un m\u00f3vil del Garrahan a Junin.<\/div>\n<div dir=\"auto\"><\/div>\n<div dir=\"auto\">Iara 19 a\u00f1os, en ese entonces fue y tom\u00f3 la decisi\u00f3n de hacerse donante ,con una muestra de sangre entr\u00f3 al banco en el 2020 la llaman y le dan la noticia que alguien la necesitaba , su alma gemela lleg\u00f3, y ella dice que est\u00e1 dispuesta a hacer la donaci\u00f3n de c\u00e9lulas ,con el inicio de panademia y miedos aterradores su solidaridad era m\u00e1s fuerte que todo\u00a0 el 28 de agosto le salva la vida a Jano y el 8 de septiembre le salva la vida a Milo\u00a0 en 2021 pregunta si su trasplante fue exitoso. Y le cuentan que estos hermanitos viv\u00edan gracias a ella.<\/div>\n<\/div>\n<div class=\"l7ghb35v kjdc1dyq kmwttqpk gh25dzvf jikcssrz n3t5jt4f\">\n<div dir=\"auto\"><\/div>\n<\/div>\n<div class=\"l7ghb35v kjdc1dyq kmwttqpk gh25dzvf jikcssrz n3t5jt4f\">\n<div dir=\"auto\">Y vos no quer\u00e9s correr a donar? Dona m\u00e9dula<\/div>\n<div dir=\"auto\"><\/div>\n<div dir=\"auto\">Receptor va llegar , hay que solo hacerlos saber que vos lo esperas pero tu enfermedad no se detiene.<\/div>\n<\/div>\n<div class=\"l7ghb35v kjdc1dyq kmwttqpk gh25dzvf jikcssrz n3t5jt4f\">\n<div dir=\"auto\"><\/div>\n<div dir=\"auto\">Dona m\u00e9dula, Dona \u00f3rganos, Dona vida<\/div>\n<\/div>\n<div class=\"l7ghb35v kjdc1dyq kmwttqpk gh25dzvf jikcssrz n3t5jt4f\">\n<div dir=\"auto\">Pap\u00e1s de 2 nenes nuestros \u00fanicos hijos diagn\u00f3stico terminal a transplante exitoso y una vida nueva de 2 a\u00f1os feliz.<\/div>\n<\/div>\n<div dir=\"auto\"><\/div>\n<\/div>\n<div dir=\"auto\">Fuente: Facebook Ra\u00fal Sancho (h)<\/div>\n<\/div>\n<\/div>\n<\/div>\n<\/div>\n","protected":false},"excerpt":{"rendered":"<p>Colecta de septiembre del Hospital Garrahan.<\/p>\n","protected":false},"author":3,"featured_media":18037,"comment_status":"open","ping_status":"open","sticky":false,"template":"","format":"standard","meta":{"footnotes":"","jetpack_publicize_message":"","jetpack_publicize_feature_enabled":true,"jetpack_social_post_already_shared":false,"jetpack_social_options":{"image_generator_settings":{"template":"highway","default_image_id":0,"font":"","enabled":false},"version":2}},"categories":[15],"tags":[37,2053],"class_list":["post-18035","post","type-post","status-publish","format-standard","has-post-thumbnail","hentry","category-lo-que-tenes-que-saber","tag-destacada","tag-donacion-medula"],"jetpack_publicize_connections":[],"jetpack_featured_media_url":"https:\/\/revistaepocadigital.com.ar\/wp-content\/uploads\/2022\/09\/milo-y-jano22.jpg","jetpack_likes_enabled":true,"_links":{"self":[{"href":"https:\/\/revistaepocadigital.com.ar\/index.php?rest_route=\/wp\/v2\/posts\/18035","targetHints":{"allow":["GET"]}}],"collection":[{"href":"https:\/\/revistaepocadigital.com.ar\/index.php?rest_route=\/wp\/v2\/posts"}],"about":[{"href":"https:\/\/revistaepocadigital.com.ar\/index.php?rest_route=\/wp\/v2\/types\/post"}],"author":[{"embeddable":true,"href":"https:\/\/revistaepocadigital.com.ar\/index.php?rest_route=\/wp\/v2\/users\/3"}],"replies":[{"embeddable":true,"href":"https:\/\/revistaepocadigital.com.ar\/index.php?rest_route=%2Fwp%2Fv2%2Fcomments&post=18035"}],"version-history":[{"count":0,"href":"https:\/\/revistaepocadigital.com.ar\/index.php?rest_route=\/wp\/v2\/posts\/18035\/revisions"}],"wp:featuredmedia":[{"embeddable":true,"href":"https:\/\/revistaepocadigital.com.ar\/index.php?rest_route=\/wp\/v2\/media\/18037"}],"wp:attachment":[{"href":"https:\/\/revistaepocadigital.com.ar\/index.php?rest_route=%2Fwp%2Fv2%2Fmedia&parent=18035"}],"wp:term":[{"taxonomy":"category","embeddable":true,"href":"https:\/\/revistaepocadigital.com.ar\/index.php?rest_route=%2Fwp%2Fv2%2Fcategories&post=18035"},{"taxonomy":"post_tag","embeddable":true,"href":"https:\/\/revistaepocadigital.com.ar\/index.php?rest_route=%2Fwp%2Fv2%2Ftags&post=18035"}],"curies":[{"name":"wp","href":"https:\/\/api.w.org\/{rel}","templated":true}]}}