{"id":18043,"date":"2022-09-29T03:00:22","date_gmt":"2022-09-29T06:00:22","guid":{"rendered":"https:\/\/revistaepocadigital.com.ar\/?p=18043"},"modified":"2022-09-29T03:00:22","modified_gmt":"2022-09-29T06:00:22","slug":"la-universidad-en-capilla-del-senor","status":"publish","type":"post","link":"https:\/\/revistaepocadigital.com.ar\/?p=18043","title":{"rendered":"La Universidad en Capilla del Se\u00f1or"},"content":{"rendered":"<p><strong>EDUCACI\u00d3N SUPERIOR: CONVENIO DE ADHESI\u00d3N AL PROGRAMA &#8220;PUENTES&#8221;<\/strong><!--more--><br \/>\nLa educaci\u00f3n, por ah\u00ed es el camino.<\/p>\n<p>Ante una importante concurrencia de alumnos de escuelas del distrito, en el Centro Cultural Cosmopolita; el intendente Diego Nanni, junto al jefe de Asesores Provincial, Carlos Bianco m\u00e1s Juan Brardinelli, director del Consejo Universitario de la Provincia y Vanesa Russo, secretaria de Pol\u00edticas Educativas, firmaron un convenio para la adhesi\u00f3n al programa &#8220;Puentes&#8221;.<\/p>\n<p>De esta manera, nuestro distrito recibir\u00e1 un apoyo econ\u00f3mico por 15 millones de pesos, para la culminaci\u00f3n del Centro Universitario que se est\u00e1 construyendo en Capilla del Se\u00f1or.<br \/>\nAdem\u00e1s, mediante este programa, Exaltaci\u00f3n de la Cruz sumar\u00e1 dos nuevas carreras a su oferta universitaria: Diplomatura en Turismo y Licenciatura en Ense\u00f1anza de la Matem\u00e1tica, ser\u00e1 a partir del pr\u00f3ximo a\u00f1o. Al acto asistieron autoridades educativas, municipales, docentes y alumnos de escuelas secundarias.<\/p>\n","protected":false},"excerpt":{"rendered":"<p>EDUCACI\u00d3N SUPERIOR: CONVENIO DE ADHESI\u00d3N AL PROGRAMA &#8220;PUENTES&#8221;<\/p>\n","protected":false},"author":4,"featured_media":0,"comment_status":"open","ping_status":"open","sticky":false,"template":"","format":"standard","meta":{"footnotes":"","jetpack_publicize_message":"","jetpack_publicize_feature_enabled":true,"jetpack_social_post_already_shared":false,"jetpack_social_options":{"image_generator_settings":{"template":"highway","default_image_id":0,"font":"","enabled":false},"version":2}},"categories":[17],"tags":[],"class_list":["post-18043","post","type-post","status-publish","format-standard","hentry","category-politica"],"jetpack_publicize_connections":[],"jetpack_featured_media_url":"","jetpack_likes_enabled":true,"_links":{"self":[{"href":"https:\/\/revistaepocadigital.com.ar\/index.php?rest_route=\/wp\/v2\/posts\/18043","targetHints":{"allow":["GET"]}}],"collection":[{"href":"https:\/\/revistaepocadigital.com.ar\/index.php?rest_route=\/wp\/v2\/posts"}],"about":[{"href":"https:\/\/revistaepocadigital.com.ar\/index.php?rest_route=\/wp\/v2\/types\/post"}],"author":[{"embeddable":true,"href":"https:\/\/revistaepocadigital.com.ar\/index.php?rest_route=\/wp\/v2\/users\/4"}],"replies":[{"embeddable":true,"href":"https:\/\/revistaepocadigital.com.ar\/index.php?rest_route=%2Fwp%2Fv2%2Fcomments&post=18043"}],"version-history":[{"count":0,"href":"https:\/\/revistaepocadigital.com.ar\/index.php?rest_route=\/wp\/v2\/posts\/18043\/revisions"}],"wp:attachment":[{"href":"https:\/\/revistaepocadigital.com.ar\/index.php?rest_route=%2Fwp%2Fv2%2Fmedia&parent=18043"}],"wp:term":[{"taxonomy":"category","embeddable":true,"href":"https:\/\/revistaepocadigital.com.ar\/index.php?rest_route=%2Fwp%2Fv2%2Fcategories&post=18043"},{"taxonomy":"post_tag","embeddable":true,"href":"https:\/\/revistaepocadigital.com.ar\/index.php?rest_route=%2Fwp%2Fv2%2Ftags&post=18043"}],"curies":[{"name":"wp","href":"https:\/\/api.w.org\/{rel}","templated":true}]}}