{"id":18046,"date":"2022-09-29T03:13:44","date_gmt":"2022-09-29T06:13:44","guid":{"rendered":"https:\/\/revistaepocadigital.com.ar\/?p=18046"},"modified":"2022-09-29T13:23:28","modified_gmt":"2022-09-29T16:23:28","slug":"polo-de-conocimiento-tecnologico-en-insercion-laboral","status":"publish","type":"post","link":"https:\/\/revistaepocadigital.com.ar\/?p=18046","title":{"rendered":"POLO DE CONOCIMIENTO TECNOL\u00d3GICO EN INSERCI\u00d3N LABORAL\u201d"},"content":{"rendered":"<div dir=\"ltr\"><strong>LANZAMIENTO EN MAR DEL PLATA:<\/strong><\/div>\n<p><!--more--><\/p>\n<div dir=\"ltr\"><\/div>\n<div dir=\"ltr\">\n<div dir=\"ltr\">El secretario general del Sindicato Empleados de Comercio, filial Z\u00e1rayte, Sergio Mart\u00edn<\/div>\n<div dir=\"ltr\">y el subsecretario general Horacio Palacio, participaron (28\/9) en el lanzamiento del \u201cPOLO DE CONOCIMIENTO TECNOL\u00d3GICO EN INSERCI\u00d3N LABORAL\u201d organizado por el SECZA y la Secretar\u00eda de Cultura y Capacitaci\u00f3n de la Federaci\u00f3n Argentina de Empleados de Comercio y Servicios.<\/div>\n<\/div>\n<div dir=\"ltr\"><\/div>\n<div dir=\"ltr\">En la apertura del encuentro se realiz\u00f3 un emotivo homenaje en memoria del Cro. Jorge Bence y en reconocimiento a su labor como un gran dirigente de Comercio.<\/div>\n<div dir=\"ltr\"><\/div>\n<div dir=\"ltr\">Entre las autoridades presentes, acompa\u00f1aron a Guillermo Bianchi, el intendente de la ciudad, Guillermo Montenegro; el presidente de OSECAC, Carlos P\u00e9rez; el secretario de Cultura y Capacitaci\u00f3n de la FAECyS, Ra\u00fal Guiot; el rector de la Universidad Nacional de Mar del Plata, Alfredo Lazaretti; el director de la Universidad Popular de los Trabajadores de Mar del Plata y Zona Atl\u00e1ntica (UPT), Pablo Slavin; el presidente de la UCIP, Blas Taladrid y afiliados\u00a0 al MMI y de otros nucleamientos.<\/div>\n<div dir=\"ltr\"><\/div>\n<div dir=\"ltr\">&#8220;Felicito a la Comisi\u00f3n Directiva del Sindicato por tan importante lanzamiento que representa un paso fundamental en el acceso a las nuevas Tecnolog\u00edas de Informaci\u00f3n y Comunicaci\u00f3n, tan necesarias en la actualidad e indefectiblemente ligadas al Mundo del Trabajo&#8221;, dijo\u00a0Jos\u00e9 Gonzalez, secretario General del MMI<\/div>\n<div dir=\"ltr\"><\/div>\n<div dir=\"ltr\"><\/div>\n<div dir=\"ltr\"><\/div>\n","protected":false},"excerpt":{"rendered":"<p>LANZAMIENTO EN MAR DEL PLATA:<\/p>\n","protected":false},"author":3,"featured_media":18051,"comment_status":"open","ping_status":"open","sticky":false,"template":"","format":"standard","meta":{"footnotes":"","jetpack_publicize_message":"","jetpack_publicize_feature_enabled":true,"jetpack_social_post_already_shared":false,"jetpack_social_options":{"image_generator_settings":{"template":"highway","default_image_id":0,"font":"","enabled":false},"version":2}},"categories":[151,11],"tags":[],"class_list":["post-18046","post","type-post","status-publish","format-standard","has-post-thumbnail","hentry","category-empleados-de-comercio","category-entidades"],"jetpack_publicize_connections":[],"jetpack_featured_media_url":"https:\/\/revistaepocadigital.com.ar\/wp-content\/uploads\/2022\/09\/martin-sergio-1.jpg","jetpack_likes_enabled":true,"_links":{"self":[{"href":"https:\/\/revistaepocadigital.com.ar\/index.php?rest_route=\/wp\/v2\/posts\/18046","targetHints":{"allow":["GET"]}}],"collection":[{"href":"https:\/\/revistaepocadigital.com.ar\/index.php?rest_route=\/wp\/v2\/posts"}],"about":[{"href":"https:\/\/revistaepocadigital.com.ar\/index.php?rest_route=\/wp\/v2\/types\/post"}],"author":[{"embeddable":true,"href":"https:\/\/revistaepocadigital.com.ar\/index.php?rest_route=\/wp\/v2\/users\/3"}],"replies":[{"embeddable":true,"href":"https:\/\/revistaepocadigital.com.ar\/index.php?rest_route=%2Fwp%2Fv2%2Fcomments&post=18046"}],"version-history":[{"count":0,"href":"https:\/\/revistaepocadigital.com.ar\/index.php?rest_route=\/wp\/v2\/posts\/18046\/revisions"}],"wp:featuredmedia":[{"embeddable":true,"href":"https:\/\/revistaepocadigital.com.ar\/index.php?rest_route=\/wp\/v2\/media\/18051"}],"wp:attachment":[{"href":"https:\/\/revistaepocadigital.com.ar\/index.php?rest_route=%2Fwp%2Fv2%2Fmedia&parent=18046"}],"wp:term":[{"taxonomy":"category","embeddable":true,"href":"https:\/\/revistaepocadigital.com.ar\/index.php?rest_route=%2Fwp%2Fv2%2Fcategories&post=18046"},{"taxonomy":"post_tag","embeddable":true,"href":"https:\/\/revistaepocadigital.com.ar\/index.php?rest_route=%2Fwp%2Fv2%2Ftags&post=18046"}],"curies":[{"name":"wp","href":"https:\/\/api.w.org\/{rel}","templated":true}]}}