{"id":18059,"date":"2022-10-04T10:22:38","date_gmt":"2022-10-04T13:22:38","guid":{"rendered":"https:\/\/revistaepocadigital.com.ar\/?p=18059"},"modified":"2022-10-04T10:22:38","modified_gmt":"2022-10-04T13:22:38","slug":"octubre-mes-de-la-prevencion-del-cancer-de-mama","status":"publish","type":"post","link":"https:\/\/revistaepocadigital.com.ar\/?p=18059","title":{"rendered":"Octubre, mes de la Prevenci\u00f3n del C\u00e1ncer de mama,"},"content":{"rendered":"<p><em><strong>&#8220;Cambiemos nuestra foto de perfil durante el mes de OCTUBRE&#8221;.<\/strong><\/em><!--more--><\/p>\n<p>Octubre es el mes de la Prevenci\u00f3n del C\u00e1ncer de mama, debemos familiarizarnos con la palabra, para poder cuidarnos.<\/p>\n<p>Nuestro sistema de salud municipal cuenta con especialistas y equipamiento de \u00faltima generaci\u00f3n para detectar a tiempo, diagnosticar,tratar y lo m\u00e1s importante prevenir. SOLO DEBES SACAR TURNO.<\/p>\n<p>YO YA ME HICE MI MAMOGRAFIA Y MI ECOGRAFIA MAMARIA,\u00bfY VOS?<\/p>\n<p>Por Andre\u00edna Dur\u00e1n.<\/p>\n","protected":false},"excerpt":{"rendered":"<p>&#8220;Cambiemos nuestra foto de perfil durante el mes de OCTUBRE&#8221;.<\/p>\n","protected":false},"author":3,"featured_media":18060,"comment_status":"open","ping_status":"open","sticky":false,"template":"","format":"standard","meta":{"footnotes":"","jetpack_publicize_message":"","jetpack_publicize_feature_enabled":true,"jetpack_social_post_already_shared":false,"jetpack_social_options":{"image_generator_settings":{"template":"highway","default_image_id":0,"font":"","enabled":false},"version":2}},"categories":[13],"tags":[],"class_list":["post-18059","post","type-post","status-publish","format-standard","has-post-thumbnail","hentry","category-interes-general"],"jetpack_publicize_connections":[],"jetpack_featured_media_url":"https:\/\/revistaepocadigital.com.ar\/wp-content\/uploads\/2022\/10\/mama.jpg","jetpack_likes_enabled":true,"_links":{"self":[{"href":"https:\/\/revistaepocadigital.com.ar\/index.php?rest_route=\/wp\/v2\/posts\/18059","targetHints":{"allow":["GET"]}}],"collection":[{"href":"https:\/\/revistaepocadigital.com.ar\/index.php?rest_route=\/wp\/v2\/posts"}],"about":[{"href":"https:\/\/revistaepocadigital.com.ar\/index.php?rest_route=\/wp\/v2\/types\/post"}],"author":[{"embeddable":true,"href":"https:\/\/revistaepocadigital.com.ar\/index.php?rest_route=\/wp\/v2\/users\/3"}],"replies":[{"embeddable":true,"href":"https:\/\/revistaepocadigital.com.ar\/index.php?rest_route=%2Fwp%2Fv2%2Fcomments&post=18059"}],"version-history":[{"count":0,"href":"https:\/\/revistaepocadigital.com.ar\/index.php?rest_route=\/wp\/v2\/posts\/18059\/revisions"}],"wp:featuredmedia":[{"embeddable":true,"href":"https:\/\/revistaepocadigital.com.ar\/index.php?rest_route=\/wp\/v2\/media\/18060"}],"wp:attachment":[{"href":"https:\/\/revistaepocadigital.com.ar\/index.php?rest_route=%2Fwp%2Fv2%2Fmedia&parent=18059"}],"wp:term":[{"taxonomy":"category","embeddable":true,"href":"https:\/\/revistaepocadigital.com.ar\/index.php?rest_route=%2Fwp%2Fv2%2Fcategories&post=18059"},{"taxonomy":"post_tag","embeddable":true,"href":"https:\/\/revistaepocadigital.com.ar\/index.php?rest_route=%2Fwp%2Fv2%2Ftags&post=18059"}],"curies":[{"name":"wp","href":"https:\/\/api.w.org\/{rel}","templated":true}]}}