{"id":18074,"date":"2022-10-06T10:16:20","date_gmt":"2022-10-06T13:16:20","guid":{"rendered":"https:\/\/revistaepocadigital.com.ar\/?p=18074"},"modified":"2022-10-06T10:19:10","modified_gmt":"2022-10-06T13:19:10","slug":"un-nuevo-lugar-se-inauguro-el-sector-deportivo-del-paseo-las-tipas","status":"publish","type":"post","link":"https:\/\/revistaepocadigital.com.ar\/?p=18074","title":{"rendered":"UN NUEVO LUGAR. Se inaugur\u00f3 el sector deportivo del Paseo Las Tipas"},"content":{"rendered":"<div class=\"\" dir=\"auto\">\n<div id=\"jsc_c_65\" class=\"x1iorvi4 x1pi30zi x1l90r2v x1swvt13\" data-ad-comet-preview=\"message\" data-ad-preview=\"message\">\n<div class=\"x78zum5 xdt5ytf xz62fqu x16ldp7u\">\n<div class=\"xu06os2 x1ok221b\">\n<div class=\"xdj266r x11i5rnm xat24cr x1mh8g0r x1vvkbs x126k92a\">\n<div dir=\"auto\"><strong>EN CAPILLA DEL SE\u00d1OR, LINDERO AL FERROCARRIL MITRE<\/strong>.<!--more--><\/div>\n<div dir=\"auto\"><\/div>\n<\/div>\n<div class=\"x11i5rnm xat24cr x1mh8g0r x1vvkbs xtlvy1s x126k92a\">\n<div dir=\"auto\"><\/div>\n<\/div>\n<div class=\"x11i5rnm xat24cr x1mh8g0r x1vvkbs xtlvy1s x126k92a\">\n<div dir=\"auto\">El nuevo espacio recreativo que podr\u00e1 ser disfrutado por los exaltacrucenses, adem\u00e1s las instalaciones contienen una est\u00e9tica actualizada que no desentona con lo tradicional del distrito, pero que si marca una renovaci\u00f3n.<\/div>\n<\/div>\n<div class=\"x11i5rnm xat24cr x1mh8g0r x1vvkbs xtlvy1s x126k92a\">\n<div dir=\"auto\"><\/div>\n<div dir=\"auto\">El proyecto fue inclu\u00eddo luego de gestiones de la actual administraci\u00f3n comunal encabezada por el intendente Nanni, en el Programa de \u201cEmbellecimiento de los entornos de estaciones de tren\u201d, una iniciativa de Trenes Argentinos para la recuperaci\u00f3n de espacios linderos a las estaciones de ferrocarriles.<\/div>\n<\/div>\n<div class=\"x11i5rnm xat24cr x1mh8g0r x1vvkbs xtlvy1s x126k92a\">\n<div dir=\"auto\"><\/div>\n<div dir=\"auto\">La concreci\u00f3n del complejo pone en valor a ese sector de Capilla del Se\u00f1or, y ofrece distintas posibilidades para grandes, jovenes y chicos. &#8220;Tambi\u00e9n con la instalaci\u00f3n de este complejo cuidamos la seguridad, ojal\u00e1 que la sociedad lo disfrute&#8221;, se\u00f1al\u00f3 el intendente.<\/div>\n<div dir=\"auto\"><\/div>\n<\/div>\n<div class=\"x11i5rnm xat24cr x1mh8g0r x1vvkbs xtlvy1s x126k92a\">\n<div dir=\"auto\">Mucha gente ha comenzado a acercarse a Las Tipas para conocer y tilizar el predio. El sector deportivo inaugurado cuenta por ahora con un \u00e1rea de calistenia, un espacio para sentarse a descansar o jugar al ajedrez, tambi\u00e9n con cargadores y paneles solares para tel\u00e9fonos celulares, un circuito de caminata de 3 kil\u00f3metros y una cancha multideporte: \u201cNo solamente con f\u00fatbol, hay basquet, voley, skate, teqball y f\u00fatbol tenis\u201d, remarc\u00f3 Nanni.<\/div>\n<\/div>\n<div class=\"x11i5rnm xat24cr x1mh8g0r x1vvkbs xtlvy1s x126k92a\">\n<div dir=\"auto\"><\/div>\n<div dir=\"auto\">El corte simb\u00f3lico de la cinta en la inauguraci\u00f3n estuvo a cargo del gran Coco Mirandeborde, el capillense referente del deporte y el presidente de Trenes Argentinos Mart\u00edn Marinucci, otro de los impulsores de este avance para Exaltaci\u00f3n de la Cruz. &#8220;Lo fundamental es volver a tener el encuentro con la familia, de vida sana, de deportes, en los espacios ferroviarios que han dejado de tener importancia en la comunidad porque han pasado a ser sitios inseguros en donde el tren en muchas ocasiones no llegaba\u201d, sostuvo\u00a0 \u00a0Marinucci. Tambi\u00e9n entre otros estuvieron, el gerente de la L\u00ednea Mitre, Ivan Kildoff; la sub-secretaria de planificaci\u00f3n y coordinaci\u00f3n del ministro de transporte, Micaela Mor\u00e1n; el mencionado Coco Mirandeborde, Domingo &#8220;Batata&#8221; Davio otro gran hacedor del f\u00fatbol y el deporte en el distrito, el ex intendente Adri\u00e1n S\u00e1nchez, Ex Combatientes de Malvinas, representantes del sistema educativo, funcionarios, concejales y vecinos.<\/div>\n<\/div>\n<div class=\"x11i5rnm xat24cr x1mh8g0r x1vvkbs xtlvy1s x126k92a\">\n<div dir=\"auto\"><\/div>\n<div dir=\"auto\">En el complejo en la segunda etapa en proceso, se instalar\u00e1n juegos para ni\u00f1os y el anfiteatro con una propuesta cultural. La apertura a pleno este viernes a partir de las 15 hs, donde podr\u00e1n disfrutar a pleno los vecinos con actividades deportivas, Dj\u2019s en vivo, Bater\u00eda La Mar\u00eda y el grupo musical Sube Sube.<\/div>\n<\/div>\n<\/div>\n<\/div>\n<\/div>\n<\/div>\n<p><!--more--><\/p>\n<div id=\"jsc_c_66\" class=\"x1n2onr6\">\n<div class=\"x1n2onr6\">\n<div>\n<div class=\"xmjcpbm x1n2onr6\">\n<div class=\"x78zum5 x14ju556 x6ikm8r x10wlt62 x1n2onr6\">\n<div class=\"x6s0dn4 x1jx94hy x78zum5 xdt5ytf x6ikm8r x10wlt62 x1n2onr6 xh8yej3\">\n<div>\n<div class=\"xqtp20y x6ikm8r x10wlt62 x1n2onr6\">\n<div class=\"x10l6tqk x13vifvy\"><img loading=\"lazy\" decoding=\"async\" class=\"x1ey2m1c xds687c x5yr21d x10l6tqk x17qophe x13vifvy xh8yej3 xl1xv1r\" src=\"https:\/\/scontent-eze1-1.xx.fbcdn.net\/v\/t45.1600-4\/309904329_23852032805480080_808264863204645207_n.jpg?stp=cp0_dst-jpg_q75_s851x315_spS444&amp;_nc_cat=104&amp;ccb=1-7&amp;_nc_sid=67cdda&amp;_nc_ohc=nUUNc3WgvdAAX9IvDOW&amp;_nc_ht=scontent-eze1-1.xx&amp;oh=00_AT_1tNfaHSL1TQzLLklhv9ixP6v9r_1n0wfF8iSUETzj0Q&amp;oe=63442FFC\" alt=\"Noticias Exaltaci\u00f3n \u2013 Periodismo sin mirar a Qui\u00e9n\" width=\"512\" height=\"315\" \/><\/div>\n<\/div>\n<\/div>\n<\/div>\n<\/div>\n<\/div>\n<\/div>\n<\/div>\n<\/div>\n","protected":false},"excerpt":{"rendered":"<p>EN CAPILLA DEL SE\u00d1OR, LINDERO AL FERROCARRIL MITRE.<\/p>\n","protected":false},"author":3,"featured_media":18076,"comment_status":"open","ping_status":"open","sticky":false,"template":"","format":"standard","meta":{"footnotes":"","jetpack_publicize_message":"","jetpack_publicize_feature_enabled":true,"jetpack_social_post_already_shared":false,"jetpack_social_options":{"image_generator_settings":{"template":"highway","default_image_id":0,"font":"","enabled":false},"version":2}},"categories":[16,17],"tags":[2058,2057],"class_list":["post-18074","post","type-post","status-publish","format-standard","has-post-thumbnail","hentry","category-municipales","category-politica","tag-espacio-deportivo","tag-las-tipas"],"jetpack_publicize_connections":[],"jetpack_featured_media_url":"https:\/\/revistaepocadigital.com.ar\/wp-content\/uploads\/2022\/10\/tipas.jpg","jetpack_likes_enabled":true,"_links":{"self":[{"href":"https:\/\/revistaepocadigital.com.ar\/index.php?rest_route=\/wp\/v2\/posts\/18074","targetHints":{"allow":["GET"]}}],"collection":[{"href":"https:\/\/revistaepocadigital.com.ar\/index.php?rest_route=\/wp\/v2\/posts"}],"about":[{"href":"https:\/\/revistaepocadigital.com.ar\/index.php?rest_route=\/wp\/v2\/types\/post"}],"author":[{"embeddable":true,"href":"https:\/\/revistaepocadigital.com.ar\/index.php?rest_route=\/wp\/v2\/users\/3"}],"replies":[{"embeddable":true,"href":"https:\/\/revistaepocadigital.com.ar\/index.php?rest_route=%2Fwp%2Fv2%2Fcomments&post=18074"}],"version-history":[{"count":0,"href":"https:\/\/revistaepocadigital.com.ar\/index.php?rest_route=\/wp\/v2\/posts\/18074\/revisions"}],"wp:featuredmedia":[{"embeddable":true,"href":"https:\/\/revistaepocadigital.com.ar\/index.php?rest_route=\/wp\/v2\/media\/18076"}],"wp:attachment":[{"href":"https:\/\/revistaepocadigital.com.ar\/index.php?rest_route=%2Fwp%2Fv2%2Fmedia&parent=18074"}],"wp:term":[{"taxonomy":"category","embeddable":true,"href":"https:\/\/revistaepocadigital.com.ar\/index.php?rest_route=%2Fwp%2Fv2%2Fcategories&post=18074"},{"taxonomy":"post_tag","embeddable":true,"href":"https:\/\/revistaepocadigital.com.ar\/index.php?rest_route=%2Fwp%2Fv2%2Ftags&post=18074"}],"curies":[{"name":"wp","href":"https:\/\/api.w.org\/{rel}","templated":true}]}}