{"id":18082,"date":"2022-10-10T01:58:03","date_gmt":"2022-10-10T04:58:03","guid":{"rendered":"https:\/\/revistaepocadigital.com.ar\/?p=18082"},"modified":"2022-10-12T21:51:41","modified_gmt":"2022-10-13T00:51:41","slug":"la-sala-principal-de-la-cosmopolita-se-llama-roberto-lizarraga","status":"publish","type":"post","link":"https:\/\/revistaepocadigital.com.ar\/?p=18082","title":{"rendered":"La sala principal de la Cosmopolita, se llama &#8220;Roberto Lizarraga&#8221;"},"content":{"rendered":"<div>\n<div class=\"x1ja2u2z xh8yej3 x1n2onr6 x1yztbdb\">\n<div class=\"x1ja2u2z x1n2onr6\">\n<div class=\"\">\n<div class=\"\">\n<div class=\"x1a2a7pz\" role=\"article\" aria-posinset=\"2\" aria-describedby=\"jsc_c_12n jsc_c_12o jsc_c_12p jsc_c_12r jsc_c_12q\" aria-labelledby=\"jsc_c_12m\">\n<div class=\"x78zum5 xdt5ytf\">\n<div class=\"x9f619 x1n2onr6 x1ja2u2z\">\n<div class=\"x78zum5 x1n2onr6 xh8yej3\">\n<div class=\"x9f619 x1n2onr6 x1ja2u2z x2bj2ny x1qpq9i9 xdney7k xu5ydu1 xt3gfkd xh8yej3 x6ikm8r x10wlt62 xquyuld\">\n<div>\n<div class=\"x1jx94hy x8cjs6t x1ch86jh x80vd3b xckqwgs x1lq5wgf xgqcy7u x30kzoy x9jhf4c x13fuv20 xu3j5b3 x1q0q8m5 x26u7qi x178xt8z xm81vs4 xso031l xy80clv xq8finb x16n37ib\">\n<div class=\"\">\n<div class=\"x1y332i5\">\n<div class=\"x1swvt13 x1pi30zi x1a8lsjc\">\n<div class=\"x1q0g3np x78zum5 x1jx94hy\">\n<div class=\"x78zum5 xdt5ytf xz62fqu x16ldp7u\">\n<div class=\"xu06os2 x1ok221b\">\n<h3 class=\"x1heor9g x1qlqyl8 x1pd3egz x1a2a7pz x1gslohp x1yc453h\"><span class=\"x193iq5w xeuugli x13faqbe x1vvkbs x1xmvt09 x6prxxf xvq8zen xo1l8bm xi81zsa\"><strong><a class=\"x1i10hfl xjbqb8w x6umtig x1b1mbwd xaqea5y xav7gou x9f619 x1ypdohk xt0psk2 xe8uvvx xdj266r x11i5rnm xat24cr x1mh8g0r xexx8yu x4uap5 x18d9i69 xkhd6sd x16tdsg8 x1hl2dhg xggy1nq x1a2a7pz xt0b8zv xzsf02u x1s688f\" tabindex=\"0\" role=\"link\" href=\"https:\/\/www.facebook.com\/centroculturalmunicipalcosmopolita?__cft__[0]=AZV__7lNZmWEjjuoQmugtwFm1ZRBZZHI__kwbi_-NP2ZqSKgMMLs2ggVBbfCm_X8e504E1sbmGiOXBZYA-uQbbw7TKLPRh17zQHZtvergUgBIVNjbvh2s7ykv_E6nZV6sYUZLyEGeq7QmeUUb0l36OvW9P4r_E9pPV11gN16PPE_xuaxTCT0yDL-Sm4ycMr7AzXczTlmRsD75gboXymG93Tx&amp;__tn__=-]C%2CP-y-R\"><span class=\"xt0psk2\">El Centro Cultural Municipal Cosmopolita<\/span><\/a><\/strong><\/span><\/h3>\n<\/div>\n<div class=\"xu06os2 x1ok221b\"><span class=\"x193iq5w xeuugli x13faqbe x1vvkbs x1xmvt09 x1lliihq x1s928wv xhkezso x1gmr53x x1cpjm7i x1fgarty x1943h6x x4zkp8e x676frb x1nxh6w3 x1sibtaa xo1l8bm xi81zsa x1yc453h\" dir=\"auto\"><span class=\"xh99ass\"><span class=\"x1i1rx1s x10l6tqk x10wlt62 x6ikm8r xjm9jq1 xzpqnlu\">\u00a0<\/span><span aria-hidden=\"true\">\u00a0\u00b7\u00a0<\/span><\/span><\/span><\/div>\n<\/div>\n<\/div>\n<\/div>\n<div class=\"\" dir=\"auto\">\n<div class=\"\" dir=\"auto\">\n<div class=\"x1iorvi4 x1pi30zi x1l90r2v x1swvt13\" data-ad-comet-preview=\"message\" data-ad-preview=\"message\">\n<div class=\"x78zum5 xdt5ytf xz62fqu x16ldp7u\">\n<div class=\"xu06os2 x1ok221b\">\n<div class=\"xdj266r x11i5rnm xat24cr x1mh8g0r x1vvkbs x126k92a\">\n<div dir=\"auto\">La sala principal del Centro Cultural Municipal Cosmopolita ha pasado a llevar el nombre &#8220;Roberto Lizarraga&#8221;. El reconocimiento al querido vecino desaparecido hace un tiempo, apasionado por el teatro y la actuaci\u00f3n, fue otorgado por el municipio de Exaltaci\u00f3n de la Cruz y el Concejo Deliberante.<\/div>\n<\/div>\n<div class=\"x11i5rnm xat24cr x1mh8g0r x1vvkbs xtlvy1s x126k92a\">\n<div dir=\"auto\"><\/div>\n<div dir=\"auto\">Roberto ha sido un ser comprometido con &#8220;La Cosmo&#8221; y uno de los pilares del Grupo de Teatro Municipal, donde por muchos a\u00f1os desarroll\u00f3 su amor por el teatro y la representaci\u00f3n esc\u00e9nica.<\/div>\n<\/div>\n<\/div>\n<div dir=\"auto\"><img loading=\"lazy\" decoding=\"async\" class=\"aligncenter size-full wp-image-18123\" src=\"https:\/\/revistaepocadigital.com.ar\/wp-content\/uploads\/2022\/10\/liza-cosmo-2-1.jpg\" alt=\"\" width=\"1137\" height=\"640\" srcset=\"https:\/\/revistaepocadigital.com.ar\/wp-content\/uploads\/2022\/10\/liza-cosmo-2-1.jpg 1137w, https:\/\/revistaepocadigital.com.ar\/wp-content\/uploads\/2022\/10\/liza-cosmo-2-1-300x169.jpg 300w, https:\/\/revistaepocadigital.com.ar\/wp-content\/uploads\/2022\/10\/liza-cosmo-2-1-768x432.jpg 768w, https:\/\/revistaepocadigital.com.ar\/wp-content\/uploads\/2022\/10\/liza-cosmo-2-1-696x392.jpg 696w, https:\/\/revistaepocadigital.com.ar\/wp-content\/uploads\/2022\/10\/liza-cosmo-2-1-1068x601.jpg 1068w, https:\/\/revistaepocadigital.com.ar\/wp-content\/uploads\/2022\/10\/liza-cosmo-2-1-746x420.jpg 746w\" sizes=\"auto, (max-width: 1137px) 100vw, 1137px\" \/><\/div>\n<div class=\"xu06os2 x1ok221b\">\n<div class=\"x11i5rnm xat24cr x1mh8g0r x1vvkbs xtlvy1s x126k92a\">\n<div dir=\"auto\"><\/div>\n<\/div>\n<div class=\"x11i5rnm xat24cr x1mh8g0r x1vvkbs xtlvy1s x126k92a\">\n<div dir=\"auto\">&#8220;Desde hoy cada vez que disfrutemos una pieza teatral en esta sala ser\u00e1 recordado&#8221;, expresaron desde la Direcci\u00f3n de Cultura de la municipalidad.<\/div>\n<div dir=\"auto\"><\/div>\n<\/div>\n<\/div>\n<\/div>\n<\/div>\n<\/div>\n<\/div>\n<\/div>\n<\/div>\n<\/div>\n<\/div>\n<\/div>\n<\/div>\n<\/div>\n<\/div>\n<\/div>\n<\/div>\n<\/div>\n<\/div>\n<\/div>\n<\/div>\n","protected":false},"excerpt":{"rendered":"<p>El Centro Cultural Municipal Cosmopolita \u00a0\u00a0\u00b7\u00a0 La sala principal del Centro Cultural Municipal Cosmopolita ha pasado a llevar el nombre &#8220;Roberto Lizarraga&#8221;. El reconocimiento al querido vecino desaparecido hace un tiempo, apasionado por el teatro y la actuaci\u00f3n, fue otorgado por el municipio de Exaltaci\u00f3n de la Cruz y el Concejo Deliberante. Roberto ha sido [&hellip;]<\/p>\n","protected":false},"author":3,"featured_media":18121,"comment_status":"open","ping_status":"open","sticky":false,"template":"","format":"standard","meta":{"footnotes":"","jetpack_publicize_message":"","jetpack_publicize_feature_enabled":true,"jetpack_social_post_already_shared":false,"jetpack_social_options":{"image_generator_settings":{"template":"highway","default_image_id":0,"font":"","enabled":false},"version":2}},"categories":[12],"tags":[2059,2060],"class_list":["post-18082","post","type-post","status-publish","format-standard","has-post-thumbnail","hentry","category-espectaculos","tag-cosmopolita","tag-sala-roberto-lizarraga"],"jetpack_publicize_connections":[],"jetpack_featured_media_url":"https:\/\/revistaepocadigital.com.ar\/wp-content\/uploads\/2022\/10\/liza-cosmo-1-4.jpg","jetpack_likes_enabled":true,"_links":{"self":[{"href":"https:\/\/revistaepocadigital.com.ar\/index.php?rest_route=\/wp\/v2\/posts\/18082","targetHints":{"allow":["GET"]}}],"collection":[{"href":"https:\/\/revistaepocadigital.com.ar\/index.php?rest_route=\/wp\/v2\/posts"}],"about":[{"href":"https:\/\/revistaepocadigital.com.ar\/index.php?rest_route=\/wp\/v2\/types\/post"}],"author":[{"embeddable":true,"href":"https:\/\/revistaepocadigital.com.ar\/index.php?rest_route=\/wp\/v2\/users\/3"}],"replies":[{"embeddable":true,"href":"https:\/\/revistaepocadigital.com.ar\/index.php?rest_route=%2Fwp%2Fv2%2Fcomments&post=18082"}],"version-history":[{"count":0,"href":"https:\/\/revistaepocadigital.com.ar\/index.php?rest_route=\/wp\/v2\/posts\/18082\/revisions"}],"wp:featuredmedia":[{"embeddable":true,"href":"https:\/\/revistaepocadigital.com.ar\/index.php?rest_route=\/wp\/v2\/media\/18121"}],"wp:attachment":[{"href":"https:\/\/revistaepocadigital.com.ar\/index.php?rest_route=%2Fwp%2Fv2%2Fmedia&parent=18082"}],"wp:term":[{"taxonomy":"category","embeddable":true,"href":"https:\/\/revistaepocadigital.com.ar\/index.php?rest_route=%2Fwp%2Fv2%2Fcategories&post=18082"},{"taxonomy":"post_tag","embeddable":true,"href":"https:\/\/revistaepocadigital.com.ar\/index.php?rest_route=%2Fwp%2Fv2%2Ftags&post=18082"}],"curies":[{"name":"wp","href":"https:\/\/api.w.org\/{rel}","templated":true}]}}