{"id":18088,"date":"2022-10-10T15:13:35","date_gmt":"2022-10-10T18:13:35","guid":{"rendered":"https:\/\/revistaepocadigital.com.ar\/?p=18088"},"modified":"2022-10-10T22:51:35","modified_gmt":"2022-10-11T01:51:35","slug":"ronda-de-negocios-multisectorial-exaltacion-de-la-cruz-2022-2","status":"publish","type":"post","link":"https:\/\/revistaepocadigital.com.ar\/?p=18088","title":{"rendered":"&#8220;Ronda de Negocios Multisectorial Exaltaci\u00f3n de la Cruz 2022&#8221;"},"content":{"rendered":"<div>\n<div class=\"\" dir=\"auto\">\n<div id=\"jsc_c_in\" class=\"x1iorvi4 x1pi30zi x1l90r2v x1swvt13\" data-ad-comet-preview=\"message\" data-ad-preview=\"message\">\n<div class=\"x78zum5 xdt5ytf xz62fqu x16ldp7u\">\n<div class=\"xu06os2 x1ok221b\">\n<div class=\"xdj266r x11i5rnm xat24cr x1mh8g0r x1vvkbs x126k92a\">\n<div dir=\"auto\"><\/div>\n<div dir=\"auto\"><strong>EL JUEVES 20 DE OCTUBRE.<!--more--><\/strong><\/div>\n<div dir=\"auto\"><\/div>\n<div dir=\"auto\">El Ministerio de Producci\u00f3n, Ciencia e Innovaci\u00f3n Tecnol\u00f3gica de la provincia de Buenos Aires y la Municipalidad de Exaltaci\u00f3n de la Cruz, invitan a participar de la *&#8221;Ronda de Negocios Multisectorial Exaltaci\u00f3n de la Cruz 2022&#8243;*<\/div>\n<\/div>\n<div class=\"x11i5rnm xat24cr x1mh8g0r x1vvkbs xtlvy1s x126k92a\">\n<div dir=\"auto\"><\/div>\n<div dir=\"auto\">\u00a0Jueves 20 de octubre de 2022 &#8211; Acreditaci\u00f3n: 9 hs<\/div>\n<\/div>\n<div class=\"x11i5rnm xat24cr x1mh8g0r x1vvkbs xtlvy1s x126k92a\">\n<div dir=\"auto\"><\/div>\n<div dir=\"auto\">\u00a0&#8211; Para inscribirte ingres\u00e1 a: <a class=\"x1i10hfl xjbqb8w x6umtig x1b1mbwd xaqea5y xav7gou x9f619 x1ypdohk xt0psk2 xe8uvvx xdj266r x11i5rnm xat24cr x1mh8g0r xexx8yu x4uap5 x18d9i69 xkhd6sd x16tdsg8 x1hl2dhg xggy1nq x1a2a7pz xt0b8zv x1fey0fg\" tabindex=\"0\" role=\"link\" href=\"https:\/\/cutt.ly\/rondaExaltaciondelaCruz?fbclid=IwAR2aDAgTq_jYXsrJ15KhX2si_Jbb9VKbWy3aG__2BPomLlgQsjYwPvEMiUQ\" target=\"_blank\" rel=\"nofollow noopener\">https:\/\/cutt.ly\/rondaExaltaciondelaCruz<\/a><\/div>\n<\/div>\n<div class=\"x11i5rnm xat24cr x1mh8g0r x1vvkbs xtlvy1s x126k92a\">\n<div dir=\"auto\"><span class=\"x3nfvp2 x1j61x8r x1fcty0u xdj266r xhhsvwb xat24cr xgzva0m xxymvpz xlup9mm x1kky2od\"><img loading=\"lazy\" decoding=\"async\" src=\"https:\/\/static.xx.fbcdn.net\/images\/emoji.php\/v9\/tb3\/1\/16\/1f517.png\" alt=\"\ud83d\udd17\" width=\"16\" height=\"16\" \/><\/span> La inscripci\u00f3n cierra el 10\/10, y luego comienza la elecci\u00f3n de empresas para generar las entrevistas el d\u00eda de la ronda.<\/div>\n<\/div>\n<div class=\"x11i5rnm xat24cr x1mh8g0r x1vvkbs xtlvy1s x126k92a\">\n<div dir=\"auto\"><\/div>\n<div dir=\"auto\">Parque industrial ALCAM, Capilla del Se\u00f1or \u2013 Ruta 8 km 86, Diego Gaynor \u2013 *Como llegar*: <a class=\"x1i10hfl xjbqb8w x6umtig x1b1mbwd xaqea5y xav7gou x9f619 x1ypdohk xt0psk2 xe8uvvx xdj266r x11i5rnm xat24cr x1mh8g0r xexx8yu x4uap5 x18d9i69 xkhd6sd x16tdsg8 x1hl2dhg xggy1nq x1a2a7pz xt0b8zv x1fey0fg\" tabindex=\"0\" role=\"link\" href=\"https:\/\/goo.gl\/maps\/t9DwiYMbigAUtmS97?fbclid=IwAR37guLidOGm-1R3NBkzFEQT74XMeBzphaXWq3RbSvroBkVow5e0eXnA3E4\" target=\"_blank\" rel=\"nofollow noopener\">https:\/\/goo.gl\/maps\/t9DwiYMbigAUtmS97<\/a><\/div>\n<\/div>\n<div class=\"x11i5rnm xat24cr x1mh8g0r x1vvkbs xtlvy1s x126k92a\">\n<div dir=\"auto\"><\/div>\n<div dir=\"auto\">El objetivo es posibilitar el intercambio entre las empresas participantes, iniciar contactos comerciales y\/o institucionales y as\u00ed incentivar la creaci\u00f3n de un escenario propicio para la concreci\u00f3n de negocios, representaciones y todo aquello que impulse la competitividad de las PyMEs de Exaltaci\u00f3n de la Cruz y la regi\u00f3n.<\/div>\n<\/div>\n<div class=\"x11i5rnm xat24cr x1mh8g0r x1vvkbs xtlvy1s x126k92a\">\n<div dir=\"auto\"><\/div>\n<\/div>\n<\/div>\n<\/div>\n<\/div>\n<\/div>\n<div id=\"jsc_c_io\" class=\"x1n2onr6\">\n<div class=\"x1n2onr6\">\n<div>\n<div class=\"x6s0dn4 x1jx94hy x78zum5 xdt5ytf x6ikm8r x10wlt62 x1n2onr6 xh8yej3\">\n<div>\n<div class=\"xqtp20y x6ikm8r x10wlt62 x1n2onr6\">\n<div class=\"x10l6tqk x13vifvy\"><img loading=\"lazy\" decoding=\"async\" class=\"x1ey2m1c xds687c x5yr21d x10l6tqk x17qophe x13vifvy xh8yej3 xl1xv1r\" src=\"https:\/\/scontent.faep7-1.fna.fbcdn.net\/v\/t39.30808-6\/310199053_470061231837438_1166108657677136344_n.jpg?stp=dst-jpg_p526x296&amp;_nc_cat=107&amp;ccb=1-7&amp;_nc_sid=8bfeb9&amp;_nc_ohc=agjXCATPqWoAX-nfbtp&amp;_nc_ht=scontent.faep7-1.fna&amp;oh=00_AT9cHHD8QDl766uXV_UJ2SzWJfwT5uetsB8E-zlgqmgqgA&amp;oe=6349A975\" alt=\"Puede ser una imagen de una o varias personas\" width=\"526\" height=\"526\" \/><\/div>\n<\/div>\n<\/div>\n<\/div>\n<\/div>\n<\/div>\n<\/div>\n<\/div>\n<div>\n<div class=\"x10wlt62 x6ikm8r x9jhf4c x30kzoy x13lgxp2 x168nmei\" data-visualcompletion=\"ignore-dynamic\">\n<div class=\"x1n2onr6\">\n<div class=\"x6s0dn4 xi81zsa x78zum5 x6prxxf x13a6bvl xvq8zen xdj266r xktsk01 xat24cr x1d52u69 x889kno x4uap5 x1a8lsjc xkhd6sd xdppsyt\">\n<div class=\"x6s0dn4 x78zum5 x1iyjqo2 x6ikm8r x10wlt62\">\n<div class=\"x1i10hfl x1qjc9v5 xjbqb8w xjqpnuy xa49m3k xqeqjp1 x2hbi6w x13fuv20 xu3j5b3 x1q0q8m5 x26u7qi x972fbf xcfux6l x1qhh985 xm0m39n x9f619 x1ypdohk xdl72j9 x2lah0s xe8uvvx xdj266r x11i5rnm xat24cr x1mh8g0r x2lwn1j xeuugli xexx8yu x4uap5 x18d9i69 xkhd6sd x1n2onr6 x16tdsg8 x1hl2dhg xggy1nq x1ja2u2z x1t137rt x1o1ewxj x3x9cwd x1e5q0jg x13rtm0m x3nfvp2 x1q0g3np x87ps6o x1lku1pv x1a2a7pz\" tabindex=\"0\" role=\"button\" aria-label=\"Me gusta: 4 personas\"><\/div>\n<\/div>\n<\/div>\n<\/div>\n<\/div>\n<\/div>\n","protected":false},"excerpt":{"rendered":"<p>EL JUEVES 20 DE OCTUBRE.<\/p>\n","protected":false},"author":3,"featured_media":18114,"comment_status":"open","ping_status":"open","sticky":false,"template":"","format":"standard","meta":{"footnotes":"","jetpack_publicize_message":"","jetpack_publicize_feature_enabled":true,"jetpack_social_post_already_shared":false,"jetpack_social_options":{"image_generator_settings":{"template":"highway","default_image_id":0,"font":"","enabled":false},"version":2}},"categories":[15],"tags":[1732,37,2062],"class_list":["post-18088","post","type-post","status-publish","format-standard","has-post-thumbnail","hentry","category-lo-que-tenes-que-saber","tag-1732","tag-destacada","tag-ronda-de-negocios"],"jetpack_publicize_connections":[],"jetpack_featured_media_url":"https:\/\/revistaepocadigital.com.ar\/wp-content\/uploads\/2022\/10\/ronda-negocio-1.jpg","jetpack_likes_enabled":true,"_links":{"self":[{"href":"https:\/\/revistaepocadigital.com.ar\/index.php?rest_route=\/wp\/v2\/posts\/18088","targetHints":{"allow":["GET"]}}],"collection":[{"href":"https:\/\/revistaepocadigital.com.ar\/index.php?rest_route=\/wp\/v2\/posts"}],"about":[{"href":"https:\/\/revistaepocadigital.com.ar\/index.php?rest_route=\/wp\/v2\/types\/post"}],"author":[{"embeddable":true,"href":"https:\/\/revistaepocadigital.com.ar\/index.php?rest_route=\/wp\/v2\/users\/3"}],"replies":[{"embeddable":true,"href":"https:\/\/revistaepocadigital.com.ar\/index.php?rest_route=%2Fwp%2Fv2%2Fcomments&post=18088"}],"version-history":[{"count":0,"href":"https:\/\/revistaepocadigital.com.ar\/index.php?rest_route=\/wp\/v2\/posts\/18088\/revisions"}],"wp:featuredmedia":[{"embeddable":true,"href":"https:\/\/revistaepocadigital.com.ar\/index.php?rest_route=\/wp\/v2\/media\/18114"}],"wp:attachment":[{"href":"https:\/\/revistaepocadigital.com.ar\/index.php?rest_route=%2Fwp%2Fv2%2Fmedia&parent=18088"}],"wp:term":[{"taxonomy":"category","embeddable":true,"href":"https:\/\/revistaepocadigital.com.ar\/index.php?rest_route=%2Fwp%2Fv2%2Fcategories&post=18088"},{"taxonomy":"post_tag","embeddable":true,"href":"https:\/\/revistaepocadigital.com.ar\/index.php?rest_route=%2Fwp%2Fv2%2Ftags&post=18088"}],"curies":[{"name":"wp","href":"https:\/\/api.w.org\/{rel}","templated":true}]}}