{"id":18090,"date":"2022-10-10T15:47:41","date_gmt":"2022-10-10T18:47:41","guid":{"rendered":"https:\/\/revistaepocadigital.com.ar\/?p=18090"},"modified":"2022-10-10T20:58:34","modified_gmt":"2022-10-10T23:58:34","slug":"vecinos-unidos-el-nuevo-espacio-politico","status":"publish","type":"post","link":"https:\/\/revistaepocadigital.com.ar\/?p=18090","title":{"rendered":"&#8221; VECINOS\u00a0UNIDOS&#8221;. EL NUEVO ESPACIO POL\u00cdTICO"},"content":{"rendered":"<div class=\"xyamay9 x1swvt13 x18d9i69 x1pi30zi x2lah0s xdt5ytf x78zum5\">\n<div class=\"xjkvuk6 xuyqlj2 x1odjw0f\">\n<div class=\"xdj266r x11i5rnm xat24cr x1mh8g0r x1vvkbs\">\n<div dir=\"auto\"><strong>ES EL NUEVO PARTIDO POL\u00cdTICO VECINAL. LO ENCABEZA PABLO DE BRITO\u00a0 Y EL EX-SENADOR Y ACTUAL CONCEJAL EN ESCOBAR, ROBERTO RA\u00daL COSTA.<\/strong><!--more--><\/div>\n<\/div>\n<div dir=\"auto\"><\/div>\n<div class=\"xdj266r x11i5rnm xat24cr x1mh8g0r x1vvkbs\">\n<div dir=\"auto\">El nucleamiento pol\u00edtico fue presentado durante una conferencia de prensa que tuvo lugar en el restaurante Trevi de Capilla del Se\u00f1or.<\/div>\n<div dir=\"auto\"><\/div>\n<div dir=\"auto\">Como dijo De Brito, y en l\u00ednea con su postulado principal \u00abDialoguemos Juntos\u00bb, apuntan a incorporarse al mapa pol\u00edtico de Exaltaci\u00f3n de la Cruz bas\u00e1ndose en el di\u00e1logo sin restricciones con sectores pol\u00edticos, comunitarios, trabajadores, comerciantes, j\u00f3venes, emprendedores, entre otros.<\/div>\n<div dir=\"auto\"><\/div>\n<div dir=\"auto\">En la misma reuni\u00f3n, Roberto Costa present\u00f3 su libro, inform\u00e1ndose que lo recaudado por la venta de ejemplares, ser\u00e1 donado al Peque\u00f1o Hogar Exaltaci\u00f3n.<\/div>\n<div dir=\"auto\"><\/div>\n<div dir=\"auto\">Tanto De Brito como Costa (abogado, psic\u00f3logo social, martillero p\u00fablico), se mostraron muy consustanciados con los lineamientos y metas de Vecinos Unidos que ha cumplido con los requisitos legales exigidos y se descuenta, que se sumar\u00e1\u00a0 a la pulseada pol\u00edtica de cara a las cruciales elecciones del a\u00f1o pr\u00f3ximo.<\/div>\n<\/div>\n<\/div>\n<\/div>\n<p>&nbsp;<\/p>\n<div class=\"xdppsyt\">\n<div class=\"x1n2onr6\">\n<div class=\"x6s0dn4 xi81zsa x78zum5 x6prxxf x13a6bvl xvq8zen xdj266r xktsk01 xat24cr x1d52u69 x889kno x4uap5 x1a8lsjc xkhd6sd xdppsyt\">\n<div class=\"x6s0dn4 x78zum5 x1iyjqo2 x6ikm8r x10wlt62\">\n<div class=\"x1i10hfl x1qjc9v5 xjbqb8w xjqpnuy xa49m3k xqeqjp1 x2hbi6w x13fuv20 xu3j5b3 x1q0q8m5 x26u7qi x972fbf xcfux6l x1qhh985 xm0m39n x9f619 x1ypdohk xdl72j9 x2lah0s xe8uvvx xdj266r x11i5rnm xat24cr x1mh8g0r x2lwn1j xeuugli xexx8yu x4uap5 x18d9i69 xkhd6sd x1n2onr6 x16tdsg8 x1hl2dhg xggy1nq x1ja2u2z x1t137rt x1o1ewxj x3x9cwd x1e5q0jg x13rtm0m x3nfvp2 x1q0g3np x87ps6o x1lku1pv x1a2a7pz\" tabindex=\"0\" role=\"button\" aria-label=\"Me gusta: 4 personas\"><\/div>\n<\/div>\n<\/div>\n<\/div>\n<\/div>\n","protected":false},"excerpt":{"rendered":"<p>ES EL NUEVO PARTIDO POL\u00cdTICO VECINAL. LO ENCABEZA PABLO DE BRITO\u00a0 Y EL EX-SENADOR Y ACTUAL CONCEJAL EN ESCOBAR, ROBERTO RA\u00daL COSTA.<\/p>\n","protected":false},"author":4,"featured_media":18113,"comment_status":"open","ping_status":"open","sticky":false,"template":"","format":"standard","meta":{"footnotes":"","jetpack_publicize_message":"","jetpack_publicize_feature_enabled":true,"jetpack_social_post_already_shared":false,"jetpack_social_options":{"image_generator_settings":{"template":"highway","default_image_id":0,"font":"","enabled":false},"version":2}},"categories":[17],"tags":[2064,2063,2049],"class_list":["post-18090","post","type-post","status-publish","format-standard","has-post-thumbnail","hentry","category-politica","tag-de-britos","tag-partido-politico","tag-vecinos-unidos"],"jetpack_publicize_connections":[],"jetpack_featured_media_url":"https:\/\/revistaepocadigital.com.ar\/wp-content\/uploads\/2022\/10\/de-brito-22-1.jpg","jetpack_likes_enabled":true,"_links":{"self":[{"href":"https:\/\/revistaepocadigital.com.ar\/index.php?rest_route=\/wp\/v2\/posts\/18090","targetHints":{"allow":["GET"]}}],"collection":[{"href":"https:\/\/revistaepocadigital.com.ar\/index.php?rest_route=\/wp\/v2\/posts"}],"about":[{"href":"https:\/\/revistaepocadigital.com.ar\/index.php?rest_route=\/wp\/v2\/types\/post"}],"author":[{"embeddable":true,"href":"https:\/\/revistaepocadigital.com.ar\/index.php?rest_route=\/wp\/v2\/users\/4"}],"replies":[{"embeddable":true,"href":"https:\/\/revistaepocadigital.com.ar\/index.php?rest_route=%2Fwp%2Fv2%2Fcomments&post=18090"}],"version-history":[{"count":0,"href":"https:\/\/revistaepocadigital.com.ar\/index.php?rest_route=\/wp\/v2\/posts\/18090\/revisions"}],"wp:featuredmedia":[{"embeddable":true,"href":"https:\/\/revistaepocadigital.com.ar\/index.php?rest_route=\/wp\/v2\/media\/18113"}],"wp:attachment":[{"href":"https:\/\/revistaepocadigital.com.ar\/index.php?rest_route=%2Fwp%2Fv2%2Fmedia&parent=18090"}],"wp:term":[{"taxonomy":"category","embeddable":true,"href":"https:\/\/revistaepocadigital.com.ar\/index.php?rest_route=%2Fwp%2Fv2%2Fcategories&post=18090"},{"taxonomy":"post_tag","embeddable":true,"href":"https:\/\/revistaepocadigital.com.ar\/index.php?rest_route=%2Fwp%2Fv2%2Ftags&post=18090"}],"curies":[{"name":"wp","href":"https:\/\/api.w.org\/{rel}","templated":true}]}}