{"id":18104,"date":"2022-10-10T19:56:41","date_gmt":"2022-10-10T22:56:41","guid":{"rendered":"https:\/\/revistaepocadigital.com.ar\/?p=18104"},"modified":"2022-10-10T19:56:41","modified_gmt":"2022-10-10T22:56:41","slug":"9-de-cada-10-argentinos-esta-descontento-por-como-esta-el-pais","status":"publish","type":"post","link":"https:\/\/revistaepocadigital.com.ar\/?p=18104","title":{"rendered":"9 de cada 10 argentinos est\u00e1 descontento por c\u00f3mo est\u00e1 el pa\u00eds"},"content":{"rendered":"<p><strong>En medio de la crisis que atraviesa el pa\u00eds, la satisfacci\u00f3n con &#8220;la marcha general de las cosas&#8221; se encuentra en su piso hist\u00f3rico y el 89% de los encuestados reconoce estar descontento con c\u00f3mo est\u00e1 el pa\u00eds en la actualidad. La nota de iProfesional.com<\/strong><!--more--><\/p>\n<p>El estudio de la<strong> Universidad de San Andr\u00e9s,<\/strong> se\u00f1ala que solo el 10% de los encuestados est\u00e1 satisfecho con el andar del pa\u00eds y la imagen negativa de Alberto Fern\u00e1ndez alcanza el 78%.<\/p>\n<p>En medio de a crisis que atraviesa el pa\u00eds, la satisfacci\u00f3n con &#8220;la marcha general de las cosas&#8221; se encuentra en su piso hist\u00f3rico y el 89% de los encuestados reconoce estar descontento con c\u00f3mo est\u00e1 el pa\u00eds en la actualidad.<\/p>\n<p>Tan s\u00f3lo el 10% de la muestra que tom\u00f3 la Universidad de San Andr\u00e9s para confeccionar el informe dice estar satisfecho con el andar del pa\u00eds, y el presidente, Alberto Fern\u00e1ndez, contin\u00faa con una imagen negativa que alcanza el 78% mientras que tan s\u00f3lo el 20% tiene una visi\u00f3n positiva.<\/p>\n<p>La encuesta toma la muestra de agosto y midi\u00f3 la imagen de todos los poderes que conforman la rep\u00fablica, la consideraci\u00f3n sobre los principales l\u00edderes pol\u00edticos y tambi\u00e9n un esbozo sobre la votaci\u00f3n que se realizar\u00e1 el a\u00f1o que viene.<\/p>\n<p>Una de las preguntas que m\u00e1s se destacan es sobre la posibilidad de adelantar las elecciones en las percepciones de los encuestados: el 16% cree que se producir\u00e1n antes de octubre 2023 y el 22% est\u00e1 con consideraciones 50\/50. El 49% cree que se realizar\u00e1n en tiempo y forma.<\/p>\n<p>La encuesta consult\u00f3 sobre la llegada del ministro de Econom\u00eda, Sergio Massa, al Gobierno y las expectativas que esto genera. El 35% respondi\u00f3 que la econom\u00eda seguir\u00e1 igual, mientras que el 25 piensa que mejorar\u00e1 y el 21 que empeorar\u00e1. Muy repartido.<\/p>\n<p><strong>C\u00f3mo ve la gente a los pol\u00edticos<\/strong><\/p>\n<p>Entre los principales referentes pol\u00edticos del pa\u00eds, quien tiene mayor imagen positiva es el jefe de gobierno de la ciudad de Buenos Aires, Horacio Rodr\u00edguez Larreta, seguido por Mar\u00eda Eugenia Vidal y Patricia Bullrich. Del oficialismo el primero en aparecer es Massa en el puesto 11.<\/p>\n<p>Las peor imagen la tiene Alberto Fern\u00e1ndez seguido por M\u00e1ximo Kirchner y Cristina Fern\u00e1ndez. De la oposici\u00f3n, quien peor concepto tiene es el ex presidente Mauricio Macri.<\/p>\n<p>En la encuesta preguntaron sobre la imagen que se tiene en retrospectiva, que alcanz\u00f3 su punto m\u00e1s alto con 83% de las personas que piensa que est\u00e1 en un peor momento que hace un a\u00f1o, y en perspectiva: hace dos meses que crece la cantidad que piensa que estar\u00e1 mejor (19%) y baja la que considera que estar\u00e1 peor (54%).<\/p>\n<p>Sobre los principales problemas del pa\u00eds, la inflaci\u00f3n lidera el ranking de preocupaciones entre los argentinos, mientras que la corrupci\u00f3n y la seguridad completan el podio.<\/p>\n","protected":false},"excerpt":{"rendered":"<p>En medio de la crisis que atraviesa el pa\u00eds, la satisfacci\u00f3n con &#8220;la marcha general de las cosas&#8221; se encuentra en su piso hist\u00f3rico y el 89% de los encuestados reconoce estar descontento con c\u00f3mo est\u00e1 el pa\u00eds en la actualidad. La nota de iProfesional.com<\/p>\n","protected":false},"author":3,"featured_media":0,"comment_status":"open","ping_status":"open","sticky":false,"template":"","format":"standard","meta":{"footnotes":"","jetpack_publicize_message":"","jetpack_publicize_feature_enabled":true,"jetpack_social_post_already_shared":false,"jetpack_social_options":{"image_generator_settings":{"template":"highway","default_image_id":0,"font":"","enabled":false},"version":2}},"categories":[13],"tags":[2066],"class_list":["post-18104","post","type-post","status-publish","format-standard","hentry","category-interes-general","tag-encuesta-pais"],"jetpack_publicize_connections":[],"jetpack_featured_media_url":"","jetpack_likes_enabled":true,"_links":{"self":[{"href":"https:\/\/revistaepocadigital.com.ar\/index.php?rest_route=\/wp\/v2\/posts\/18104","targetHints":{"allow":["GET"]}}],"collection":[{"href":"https:\/\/revistaepocadigital.com.ar\/index.php?rest_route=\/wp\/v2\/posts"}],"about":[{"href":"https:\/\/revistaepocadigital.com.ar\/index.php?rest_route=\/wp\/v2\/types\/post"}],"author":[{"embeddable":true,"href":"https:\/\/revistaepocadigital.com.ar\/index.php?rest_route=\/wp\/v2\/users\/3"}],"replies":[{"embeddable":true,"href":"https:\/\/revistaepocadigital.com.ar\/index.php?rest_route=%2Fwp%2Fv2%2Fcomments&post=18104"}],"version-history":[{"count":0,"href":"https:\/\/revistaepocadigital.com.ar\/index.php?rest_route=\/wp\/v2\/posts\/18104\/revisions"}],"wp:attachment":[{"href":"https:\/\/revistaepocadigital.com.ar\/index.php?rest_route=%2Fwp%2Fv2%2Fmedia&parent=18104"}],"wp:term":[{"taxonomy":"category","embeddable":true,"href":"https:\/\/revistaepocadigital.com.ar\/index.php?rest_route=%2Fwp%2Fv2%2Fcategories&post=18104"},{"taxonomy":"post_tag","embeddable":true,"href":"https:\/\/revistaepocadigital.com.ar\/index.php?rest_route=%2Fwp%2Fv2%2Ftags&post=18104"}],"curies":[{"name":"wp","href":"https:\/\/api.w.org\/{rel}","templated":true}]}}