{"id":18126,"date":"2022-10-13T12:33:41","date_gmt":"2022-10-13T15:33:41","guid":{"rendered":"https:\/\/revistaepocadigital.com.ar\/?p=18126"},"modified":"2022-10-13T18:44:16","modified_gmt":"2022-10-13T21:44:16","slug":"salud-mental-uno-de-los-grandes-temas-actuales-iii-jornadas-municipales","status":"publish","type":"post","link":"https:\/\/revistaepocadigital.com.ar\/?p=18126","title":{"rendered":"SALUD MENTAL, UNO DE LOS GRANDES Y GRAVES TEMAS ACTUALES. III JORNADAS MUNICIPALES"},"content":{"rendered":"<p><strong>ESTE VIERNES 14 DE OCTUBRE EN EL AUDITORIO PEDRO COLOMBINI<\/strong>.<!--more--><\/p>\n<p>La vida en la Argentina, durante d\u00e9cadas, ha derivado en grandes y muy graves problemas sociales, econ\u00f3micos, familiares, personales, que no han hecho m\u00e1s que ir agudiz\u00e1ndose.<\/p>\n<p>La salud mental atraviesa momentos de altas complejidades y serios riesgos, que muchas veces origina muy graves derivaciones.<\/p>\n<p>Por eso, ni m\u00e1s ni menos, es imperioso tomar consciencia y adoptar cuidados y seguir las recomendaciones de profesionales en la materia.<\/p>\n<p>Se trata de la salud mental. Ni m\u00e1s, ni menos.<\/p>\n<p><img loading=\"lazy\" decoding=\"async\" class=\"aligncenter size-full wp-image-18127\" src=\"https:\/\/revistaepocadigital.com.ar\/wp-content\/uploads\/2022\/10\/palo1.png\" alt=\"\" width=\"443\" height=\"534\" srcset=\"https:\/\/revistaepocadigital.com.ar\/wp-content\/uploads\/2022\/10\/palo1.png 443w, https:\/\/revistaepocadigital.com.ar\/wp-content\/uploads\/2022\/10\/palo1-249x300.png 249w, https:\/\/revistaepocadigital.com.ar\/wp-content\/uploads\/2022\/10\/palo1-348x420.png 348w\" sizes=\"auto, (max-width: 443px) 100vw, 443px\" \/><\/p>\n<p><img loading=\"lazy\" decoding=\"async\" class=\"aligncenter size-full wp-image-18140\" src=\"https:\/\/revistaepocadigital.com.ar\/wp-content\/uploads\/2022\/10\/palll.png\" alt=\"\" width=\"443\" height=\"567\" srcset=\"https:\/\/revistaepocadigital.com.ar\/wp-content\/uploads\/2022\/10\/palll.png 443w, https:\/\/revistaepocadigital.com.ar\/wp-content\/uploads\/2022\/10\/palll-234x300.png 234w, https:\/\/revistaepocadigital.com.ar\/wp-content\/uploads\/2022\/10\/palll-328x420.png 328w\" sizes=\"auto, (max-width: 443px) 100vw, 443px\" \/><\/p>\n","protected":false},"excerpt":{"rendered":"<p>ESTE VIERNES 14 DE OCTUBRE EN EL AUDITORIO PEDRO COLOMBINI.<\/p>\n","protected":false},"author":3,"featured_media":18142,"comment_status":"open","ping_status":"open","sticky":false,"template":"","format":"standard","meta":{"footnotes":"","jetpack_publicize_message":"","jetpack_publicize_feature_enabled":true,"jetpack_social_post_already_shared":false,"jetpack_social_options":{"image_generator_settings":{"template":"highway","default_image_id":0,"font":"","enabled":false},"version":2}},"categories":[13],"tags":[],"class_list":["post-18126","post","type-post","status-publish","format-standard","has-post-thumbnail","hentry","category-interes-general"],"jetpack_publicize_connections":[],"jetpack_featured_media_url":"https:\/\/revistaepocadigital.com.ar\/wp-content\/uploads\/2022\/10\/palo1-2.png","jetpack_likes_enabled":true,"_links":{"self":[{"href":"https:\/\/revistaepocadigital.com.ar\/index.php?rest_route=\/wp\/v2\/posts\/18126","targetHints":{"allow":["GET"]}}],"collection":[{"href":"https:\/\/revistaepocadigital.com.ar\/index.php?rest_route=\/wp\/v2\/posts"}],"about":[{"href":"https:\/\/revistaepocadigital.com.ar\/index.php?rest_route=\/wp\/v2\/types\/post"}],"author":[{"embeddable":true,"href":"https:\/\/revistaepocadigital.com.ar\/index.php?rest_route=\/wp\/v2\/users\/3"}],"replies":[{"embeddable":true,"href":"https:\/\/revistaepocadigital.com.ar\/index.php?rest_route=%2Fwp%2Fv2%2Fcomments&post=18126"}],"version-history":[{"count":0,"href":"https:\/\/revistaepocadigital.com.ar\/index.php?rest_route=\/wp\/v2\/posts\/18126\/revisions"}],"wp:featuredmedia":[{"embeddable":true,"href":"https:\/\/revistaepocadigital.com.ar\/index.php?rest_route=\/wp\/v2\/media\/18142"}],"wp:attachment":[{"href":"https:\/\/revistaepocadigital.com.ar\/index.php?rest_route=%2Fwp%2Fv2%2Fmedia&parent=18126"}],"wp:term":[{"taxonomy":"category","embeddable":true,"href":"https:\/\/revistaepocadigital.com.ar\/index.php?rest_route=%2Fwp%2Fv2%2Fcategories&post=18126"},{"taxonomy":"post_tag","embeddable":true,"href":"https:\/\/revistaepocadigital.com.ar\/index.php?rest_route=%2Fwp%2Fv2%2Ftags&post=18126"}],"curies":[{"name":"wp","href":"https:\/\/api.w.org\/{rel}","templated":true}]}}