{"id":18144,"date":"2022-10-13T15:41:32","date_gmt":"2022-10-13T18:41:32","guid":{"rendered":"https:\/\/revistaepocadigital.com.ar\/?p=18144"},"modified":"2022-10-13T16:09:14","modified_gmt":"2022-10-13T19:09:14","slug":"desde-caral-joyeria-y-relojeria-el-saludos-para-las-madres-en-su-dia","status":"publish","type":"post","link":"https:\/\/revistaepocadigital.com.ar\/?p=18144","title":{"rendered":"Desde Caral Joyer\u00eda y Relojer\u00eda, el saludos para las madres en su d\u00eda"},"content":{"rendered":"<p>MUY BUENA ATENCI\u00d3N Y CORDIALIDAD.<br \/>\n<!--more--><\/p>\n<p>Desde hace 39 a\u00f1os, Caral Joyer\u00eda y Relojer\u00eda es la gran referencia en Capilla del Se\u00f1or y Exaltaci\u00f3n de la Cruz, buyo local comercial se encuentra ubicado en Mateo S. Casco 530<\/p>\n<p><img loading=\"lazy\" decoding=\"async\" class=\"aligncenter size-full wp-image-18145\" src=\"https:\/\/revistaepocadigital.com.ar\/wp-content\/uploads\/2022\/10\/caral-joyas-.png\" alt=\"\" width=\"450\" height=\"225\" srcset=\"https:\/\/revistaepocadigital.com.ar\/wp-content\/uploads\/2022\/10\/caral-joyas-.png 450w, https:\/\/revistaepocadigital.com.ar\/wp-content\/uploads\/2022\/10\/caral-joyas--300x150.png 300w\" sizes=\"auto, (max-width: 450px) 100vw, 450px\" \/><\/p>\n<p>La gente que forma el grupo de trabajo de Caral, con la conocida Alba al frente, hizo saber a trav\u00e9s de EPOCA, <em>&#8220;nuestros afectuosos saludos a todas las madres en su d\u00eda&#8221;.<\/em><\/p>\n<p>&nbsp;<\/p>\n<p>&nbsp;<\/p>\n","protected":false},"excerpt":{"rendered":"<p>MUY BUENA ATENCI\u00d3N Y CORDIALIDAD.<\/p>\n","protected":false},"author":3,"featured_media":18145,"comment_status":"open","ping_status":"open","sticky":false,"template":"","format":"standard","meta":{"footnotes":"","jetpack_publicize_message":"","jetpack_publicize_feature_enabled":true,"jetpack_social_post_already_shared":false,"jetpack_social_options":{"image_generator_settings":{"template":"highway","default_image_id":0,"font":"","enabled":false},"version":2}},"categories":[14],"tags":[2068],"class_list":["post-18144","post","type-post","status-publish","format-standard","has-post-thumbnail","hentry","category-la-gente","tag-caral-dia-de-la-madre"],"jetpack_publicize_connections":[],"jetpack_featured_media_url":"https:\/\/revistaepocadigital.com.ar\/wp-content\/uploads\/2022\/10\/caral-joyas-.png","jetpack_likes_enabled":true,"_links":{"self":[{"href":"https:\/\/revistaepocadigital.com.ar\/index.php?rest_route=\/wp\/v2\/posts\/18144","targetHints":{"allow":["GET"]}}],"collection":[{"href":"https:\/\/revistaepocadigital.com.ar\/index.php?rest_route=\/wp\/v2\/posts"}],"about":[{"href":"https:\/\/revistaepocadigital.com.ar\/index.php?rest_route=\/wp\/v2\/types\/post"}],"author":[{"embeddable":true,"href":"https:\/\/revistaepocadigital.com.ar\/index.php?rest_route=\/wp\/v2\/users\/3"}],"replies":[{"embeddable":true,"href":"https:\/\/revistaepocadigital.com.ar\/index.php?rest_route=%2Fwp%2Fv2%2Fcomments&post=18144"}],"version-history":[{"count":0,"href":"https:\/\/revistaepocadigital.com.ar\/index.php?rest_route=\/wp\/v2\/posts\/18144\/revisions"}],"wp:featuredmedia":[{"embeddable":true,"href":"https:\/\/revistaepocadigital.com.ar\/index.php?rest_route=\/wp\/v2\/media\/18145"}],"wp:attachment":[{"href":"https:\/\/revistaepocadigital.com.ar\/index.php?rest_route=%2Fwp%2Fv2%2Fmedia&parent=18144"}],"wp:term":[{"taxonomy":"category","embeddable":true,"href":"https:\/\/revistaepocadigital.com.ar\/index.php?rest_route=%2Fwp%2Fv2%2Fcategories&post=18144"},{"taxonomy":"post_tag","embeddable":true,"href":"https:\/\/revistaepocadigital.com.ar\/index.php?rest_route=%2Fwp%2Fv2%2Ftags&post=18144"}],"curies":[{"name":"wp","href":"https:\/\/api.w.org\/{rel}","templated":true}]}}