{"id":18171,"date":"2022-10-26T02:32:26","date_gmt":"2022-10-26T05:32:26","guid":{"rendered":"https:\/\/revistaepocadigital.com.ar\/?p=18171"},"modified":"2022-10-28T20:36:46","modified_gmt":"2022-10-28T23:36:46","slug":"asamblea-anual-ordinaria-asociacion-civil-exaltacion-de-la-cruz-3","status":"publish","type":"post","link":"https:\/\/revistaepocadigital.com.ar\/?p=18171","title":{"rendered":"Asamblea Anual Ordinaria. ASOCIACION CIVIL  EXALTACION DE LA CRUZ"},"content":{"rendered":"<p><strong>ASOCIACION CIVIL<\/strong><\/p>\n<p><strong>EXALTACION DE LA CRUZ<\/strong><\/p>\n<p><strong>Menores en Riesgo<\/strong><\/p>\n<p><strong>PJ: 13.067<\/strong><!--more--><\/p>\n<p>La Comisi\u00f3n Directiva convoca a los socios de dicha Entidad a participar de la <strong>Asamblea Anual Ordinaria<\/strong> a realizarse en su sede, Ca\u00f1ada Romero s\/n a 400 mts de la Ruta 39. Capilla del Se\u00f1or. Partido de Exaltaci\u00f3n de la Cruz, en el horario de 20 horas primera convocatoria y 20:30 segunda convocatoria, el d\u00eda 21 de Noviembre de 2022.<\/p>\n<p><strong>Para tratar la siguiente orden del d\u00eda:<\/strong><\/p>\n<ul>\n<li>Lectura del Acta anterior.<\/li>\n<li>Registro de asistencia de los socios a la Asamblea y designaci\u00f3n de dos de ellos para firmar becas y tr\u00e1mites varios.<\/li>\n<li>Presentaci\u00f3n de las renuncia si las hubiere, de los miembros de la Comisi\u00f3n Directiva, como as\u00ed tambi\u00e9n las vacantes por diversos \u00b4motivos.<\/li>\n<\/ul>\n<p>4-Presentaci\u00f3n de los asamble\u00edstas de los cargos a cubrir a trav\u00e9s de la postulaci\u00f3n de los socios t\/o puesta en consideraci\u00f3n de la lista de los mismos.<\/p>\n<p>5-Consideraci\u00f3n de la Memoria y Balance, inventario, cuentas, ganancias, y p\u00e9rdidas correspondientes al ejercicio comprendido entre el 01-09 2021 al 31-08-2022.<\/p>\n<p><strong>Requisitos<\/strong> para poder participar de la Asamblea:<\/p>\n<p>Ser mayor de 21 a\u00f1os. Presentar el d\u00eda de la Asamblea las cuotas de socios pagas al cierre del ejercicio. No tener a la fecha de la Asamblea ning\u00fan impedimento legal para poder participar.<\/p>\n<p><strong>\u00a0<\/strong><\/p>\n<p><strong>\u00a0\u00a0\u00a0\u00a0\u00a0\u00a0\u00a0\u00a0\u00a0\u00a0\u00a0\u00a0\u00a0\u00a0\u00a0\u00a0\u00a0\u00a0\u00a0\u00a0\u00a0\u00a0\u00a0\u00a0\u00a0 COMISION DIRECTIVA<\/strong><\/p>\n<p>&nbsp;<\/p>\n<p>&nbsp;<\/p>\n<p>&nbsp;<\/p>\n<p>&nbsp;<\/p>\n<p>&nbsp;<\/p>\n","protected":false},"excerpt":{"rendered":"<p>ASOCIACION CIVIL EXALTACION DE LA CRUZ Menores en Riesgo PJ: 13.067<\/p>\n","protected":false},"author":3,"featured_media":18176,"comment_status":"open","ping_status":"open","sticky":false,"template":"","format":"standard","meta":{"footnotes":"","jetpack_publicize_message":"","jetpack_publicize_feature_enabled":true,"jetpack_social_post_already_shared":false,"jetpack_social_options":{"image_generator_settings":{"template":"highway","default_image_id":0,"font":"","enabled":false},"version":2}},"categories":[13],"tags":[237,267],"class_list":["post-18171","post","type-post","status-publish","format-standard","has-post-thumbnail","hentry","category-interes-general","tag-asamblea","tag-pequeno-hogar-exaltacion"],"jetpack_publicize_connections":[],"jetpack_featured_media_url":"https:\/\/revistaepocadigital.com.ar\/wp-content\/uploads\/2022\/10\/peqqq.jpg","jetpack_likes_enabled":true,"_links":{"self":[{"href":"https:\/\/revistaepocadigital.com.ar\/index.php?rest_route=\/wp\/v2\/posts\/18171","targetHints":{"allow":["GET"]}}],"collection":[{"href":"https:\/\/revistaepocadigital.com.ar\/index.php?rest_route=\/wp\/v2\/posts"}],"about":[{"href":"https:\/\/revistaepocadigital.com.ar\/index.php?rest_route=\/wp\/v2\/types\/post"}],"author":[{"embeddable":true,"href":"https:\/\/revistaepocadigital.com.ar\/index.php?rest_route=\/wp\/v2\/users\/3"}],"replies":[{"embeddable":true,"href":"https:\/\/revistaepocadigital.com.ar\/index.php?rest_route=%2Fwp%2Fv2%2Fcomments&post=18171"}],"version-history":[{"count":0,"href":"https:\/\/revistaepocadigital.com.ar\/index.php?rest_route=\/wp\/v2\/posts\/18171\/revisions"}],"wp:featuredmedia":[{"embeddable":true,"href":"https:\/\/revistaepocadigital.com.ar\/index.php?rest_route=\/wp\/v2\/media\/18176"}],"wp:attachment":[{"href":"https:\/\/revistaepocadigital.com.ar\/index.php?rest_route=%2Fwp%2Fv2%2Fmedia&parent=18171"}],"wp:term":[{"taxonomy":"category","embeddable":true,"href":"https:\/\/revistaepocadigital.com.ar\/index.php?rest_route=%2Fwp%2Fv2%2Fcategories&post=18171"},{"taxonomy":"post_tag","embeddable":true,"href":"https:\/\/revistaepocadigital.com.ar\/index.php?rest_route=%2Fwp%2Fv2%2Ftags&post=18171"}],"curies":[{"name":"wp","href":"https:\/\/api.w.org\/{rel}","templated":true}]}}