{"id":18177,"date":"2022-10-17T00:35:31","date_gmt":"2022-10-17T03:35:31","guid":{"rendered":"https:\/\/revistaepocadigital.com.ar\/?p=18177"},"modified":"2022-10-17T00:35:31","modified_gmt":"2022-10-17T03:35:31","slug":"por-la-seguridad-en-los-campos-reunion-en-la-rural","status":"publish","type":"post","link":"https:\/\/revistaepocadigital.com.ar\/?p=18177","title":{"rendered":"POR LA SEGURIDAD EN LOS CAMPOS, REUNI\u00d3N EN LA RURAL"},"content":{"rendered":"<p><strong>PRODUCTORES Y VECINOS.<\/strong><!--more--><\/p>\n<p>En la Sede Capilla del Se\u00f1or de la entidad ruralista, se reunieron productores y vecinos de los Cuarteles II, III y IV (caminos E ; F ; H) de Exaltaci\u00f3n de la Cruz. Hicieron saber su preocupaci\u00f3n ante recientes hechos de inseguridad.<\/p>\n<p>Coordin\u00f3 la reuni\u00f3n el vicepresidente 1\u00b0 de la Sociedad Rural, Fernando Boracchia, y cont\u00f3 con la presencia del Jefe del Comando de Prevencion Rural (CPR-Patrulla Rural), Comisario Fernando Batista.<\/p>\n<p>Boracchia explic\u00f3 el sistema de georreferenciaci\u00f3n satelital para seguridad rural, pr\u00f3ximo a implementarse e invit\u00f3 a los asistentes a sumarse ademas al sistema de whatsapp rural de seguridad , entre otras medidas y propuestas.<\/p>\n<p>La Sociedad Rural alert\u00f3 tambi\u00e9n por el severo riesgo de incendios que se sufre actualmente, y las posibles medidas para prevenirlos.<\/p>\n<p>Se acordo luego, realizar una proxima reuni\u00f3n de evaluaci\u00f3n en un mes aproximadamente invitando a funcionarios judiciales y municipales.<\/p>\n<div class=\"H_7jIs D_F ab_C Q_69H5 E_36RhU\" data-test-id=\"toolbar-hover-area\">\n<div class=\"D_F W_6D6F r_BN gl_C\" data-test-id=\"card-toolbar\">\n<div class=\"D_F ab_C en_0 b_Z14vXdP e_3mS2U I_ZkbNhI P_Z1otBpf\">\n<p>&nbsp;<\/p>\n<\/div>\n<\/div>\n<\/div>\n","protected":false},"excerpt":{"rendered":"<p>PRODUCTORES Y VECINOS.<\/p>\n","protected":false},"author":3,"featured_media":18178,"comment_status":"open","ping_status":"open","sticky":false,"template":"","format":"standard","meta":{"footnotes":"","jetpack_publicize_message":"","jetpack_publicize_feature_enabled":true,"jetpack_social_post_already_shared":false,"jetpack_social_options":{"image_generator_settings":{"template":"highway","default_image_id":0,"font":"","enabled":false},"version":2}},"categories":[17],"tags":[501,149,2075],"class_list":["post-18177","post","type-post","status-publish","format-standard","has-post-thumbnail","hentry","category-politica","tag-rural","tag-seguridad","tag-seguridad-rural"],"jetpack_publicize_connections":[],"jetpack_featured_media_url":"https:\/\/revistaepocadigital.com.ar\/wp-content\/uploads\/2022\/10\/rural-reunion-segurid.jpg","jetpack_likes_enabled":true,"_links":{"self":[{"href":"https:\/\/revistaepocadigital.com.ar\/index.php?rest_route=\/wp\/v2\/posts\/18177","targetHints":{"allow":["GET"]}}],"collection":[{"href":"https:\/\/revistaepocadigital.com.ar\/index.php?rest_route=\/wp\/v2\/posts"}],"about":[{"href":"https:\/\/revistaepocadigital.com.ar\/index.php?rest_route=\/wp\/v2\/types\/post"}],"author":[{"embeddable":true,"href":"https:\/\/revistaepocadigital.com.ar\/index.php?rest_route=\/wp\/v2\/users\/3"}],"replies":[{"embeddable":true,"href":"https:\/\/revistaepocadigital.com.ar\/index.php?rest_route=%2Fwp%2Fv2%2Fcomments&post=18177"}],"version-history":[{"count":0,"href":"https:\/\/revistaepocadigital.com.ar\/index.php?rest_route=\/wp\/v2\/posts\/18177\/revisions"}],"wp:featuredmedia":[{"embeddable":true,"href":"https:\/\/revistaepocadigital.com.ar\/index.php?rest_route=\/wp\/v2\/media\/18178"}],"wp:attachment":[{"href":"https:\/\/revistaepocadigital.com.ar\/index.php?rest_route=%2Fwp%2Fv2%2Fmedia&parent=18177"}],"wp:term":[{"taxonomy":"category","embeddable":true,"href":"https:\/\/revistaepocadigital.com.ar\/index.php?rest_route=%2Fwp%2Fv2%2Fcategories&post=18177"},{"taxonomy":"post_tag","embeddable":true,"href":"https:\/\/revistaepocadigital.com.ar\/index.php?rest_route=%2Fwp%2Fv2%2Ftags&post=18177"}],"curies":[{"name":"wp","href":"https:\/\/api.w.org\/{rel}","templated":true}]}}