{"id":1818,"date":"2019-02-27T23:09:09","date_gmt":"2019-02-28T02:09:09","guid":{"rendered":"https:\/\/revistaepocadigital.com.ar\/?p=1818"},"modified":"2019-02-27T23:09:09","modified_gmt":"2019-02-28T02:09:09","slug":"el-billete-ganador-del-premio-mayor-en-octubre-desvive-al-oficialismo-y-a-la-oposicion","status":"publish","type":"post","link":"https:\/\/revistaepocadigital.com.ar\/?p=1818","title":{"rendered":"El billete ganador del premio mayor en octubre, desvive al oficialismo y a la oposici\u00f3n"},"content":{"rendered":"<p><strong>DIEGO NANNI DE LICENCIA RATIFIC\u00d3 CANDIDATURA, SANCHEZ INSIN\u00faA SU ASPIRACI\u00f3N A IR POR LA REELECCI\u00d3N.<\/strong><!--more--><\/p>\n<p>Acerca de la licencia que ha tomado el secretario de gobierno del municipio, <strong>Diego Nanni,<\/strong> se vino hablando y especulando, considerando el a\u00f1o electoral que se transita y la postulaci\u00f3n a intendente varias veces explicitada por Nanni.<\/p>\n<p>Esto dio pie seguramente a la conferencia de prensa <strong>muy intensa<\/strong>, brindada por el mismo <strong>Nanni<\/strong> junto al intendente <strong>Adrian S\u00e1nchez<\/strong> y a <strong>Mar\u00eda Luz Bozzani<\/strong>, reciente funcionaria designada luego de alejarse de su cargo de concejal. En el encuentro se escucharon opiniones reveladoras y para <strong>desmenuzar<\/strong> en el momento pol\u00edtico exaltacruce\u00f1o. El secretario de gobierno era intervenido en las dos caderas los d\u00edas 2 y 9 de este mes, y estim\u00f3 que &#8220;<em>la recuperaci\u00f3n me demandar\u00e1 unos 45 d\u00edas&#8221;,<\/em> dijo a EPOCA y aclar\u00f3 que la licencia era <em>&#8220;por razones de salud exclusivamente, para someterme a una operaci\u00f3n sencilla, que en nada tiene que ver la campa\u00f1a electoral ni pelea alguna en el \u00e1mbito del municipio&#8221;<\/em>.<\/p>\n<p>La ausencia temporaria de Nanni en el staff municipal, no ha tenido reemplazo, <em>&#8220;de las tareas se encarga Mar\u00eda Luz pero en permanente contacto con Diego&#8221;,<\/em> dijo<strong> S\u00e1nchez<\/strong>. &#8220;<em>La idea es continuar trabajando en equipo para llevar adelante este proyecto de gobierno, que pretendemos que contin\u00fae gobernando Exaltaci\u00f3n de la Cruz luego de las elecciones de este a\u00f1o, vamos a pelear para ganar las elecciones porque tenemos muchas posibilidades&#8221;,<\/em> enfatiz\u00f3<strong> Bozzani<\/strong> a quien algunos infidentes, no descartan como candidata a intendente dentro del panorama oficialista si confluyeran varios factores en danza donde, m\u00e1s all\u00e1 de los dichos, persisten dudas apareciendo como lo concreto la ratificada candidatura a intendente de Nanni.<\/p>\n<figure id=\"attachment_1823\" aria-describedby=\"caption-attachment-1823\" style=\"width: 768px\" class=\"wp-caption alignnone\"><img loading=\"lazy\" decoding=\"async\" class=\"size-full wp-image-1823\" src=\"https:\/\/revistaepocadigital.com.ar\/wp-content\/uploads\/2019\/02\/nanni-sanche-2-19-muni.jpg\" alt=\"\" width=\"768\" height=\"432\" srcset=\"https:\/\/revistaepocadigital.com.ar\/wp-content\/uploads\/2019\/02\/nanni-sanche-2-19-muni.jpg 768w, https:\/\/revistaepocadigital.com.ar\/wp-content\/uploads\/2019\/02\/nanni-sanche-2-19-muni-300x169.jpg 300w, https:\/\/revistaepocadigital.com.ar\/wp-content\/uploads\/2019\/02\/nanni-sanche-2-19-muni-696x392.jpg 696w, https:\/\/revistaepocadigital.com.ar\/wp-content\/uploads\/2019\/02\/nanni-sanche-2-19-muni-747x420.jpg 747w\" sizes=\"auto, (max-width: 768px) 100vw, 768px\" \/><figcaption id=\"caption-attachment-1823\" class=\"wp-caption-text\">\u00bfDos candidatos?. Nanni seguro, Sanchez mmm.<\/figcaption><\/figure>\n<p>El anuncio de la licencia de Nanni dio paso a <strong>temas pol\u00edticos<\/strong> de mucha actualidad en la esfera del oficialismo. Entre otros, las especulaciones acerca del <strong>pase a Cambiemos del intendente Sanchez,<\/strong> sin resultar absolutamente taxativo, el jefe comunal mencion\u00f3, &#8220;<em>se habla mucho pero en vano, tambi\u00e9n se dijo que pod\u00eda sumarme a Unidad Ciudadana por reuniones que he mantenido con intendentes, por favor!, como intendente me re\u00fano con personas\u00a0 de todos los partidos y desde ya de Cambiemos que gobierna la provincia, tengo respeto por todos y una relaci\u00f3n que se debe a mi propia gesti\u00f3n. Yo soy afiliado a Defensa Comunal (DC), y se ver\u00e1 que decisi\u00f3n tomar\u00e1 DC al momento de las candidaturas, hoy no vale la pena decir nada falta a\u00fan, luego cuando DC adopte una decisi\u00f3n, se ver\u00e1; no adoptar\u00e9 una decisi\u00f3n unipersonal, no me ir\u00e9 solo a Cambiemos&#8230;&#8221;<\/em>, dej\u00f3 entrever S\u00e1nchez como para generar comentarios. Y sobre sus eventuales aspiraciones a la <strong>reelecci\u00f3n<\/strong> expres\u00f3 sin m\u00e1s precisiones: <em>&#8220;uno siempre cuando trabaja en lo p\u00fablico quiere seguir brindando cosas a la gente, no me quiero quedar en el archivo&#8221;<\/em>, fue luego que ratificara que el candidato a intendente por el oficialismo<em> &#8220;es Diego Nanni&#8221;<\/em>.<\/p>\n<p><strong>&#8220;NO HAY NINGUNA POSIBILIDAD QUE YO SEA<\/strong><br \/>\n<strong> CANDIDATO A INTENDENTE POR CAMBIEMOS<\/strong><\/p>\n<p>El encuentro con los funcionarios, depar\u00f3 momentos de <strong>testimonios para leer entrel\u00edneas y reveladores en otros casos,<\/strong> como cuando <strong>Nanni asegur\u00f3,<\/strong> <em>&#8220;si Cambiemos ve con buenos ojos a nuestra administraci\u00f3n como para un acercamiento, no hay ninguna posibilidad que yo sea candidato a intendente por Cambiemos, no comulgo con sus postulados, tengo una visi\u00f3n completamente diferente en lo que hace a la pol\u00edtica nacional y provincial. Ahora si Cambiemos observa a nuestro municipio, es problema de ellos y no de nosotros; si Cambiemos piensa en que Adri\u00e1n S\u00e1nchez los puede representar<\/em> (en las elecciones a intendente),<em> el problema reitero no es nuestro sino de Cambiemos&#8221;.<\/em><\/p>\n<p>Luego sobre a quien <strong>apoyar\u00e1 a nivel provincial y nacional, Nanni<\/strong> dijo, <em>&#8220;vamos a escuchar a toda la gente del justicialismo de Exaltaci\u00f3n de la Cruz, no se le cierra la puerta a ninguno; escucharemos todas las voces para luego trazar nuestra estrategia electoral&#8221;<\/em>. En tal sentido acot\u00f3, <em>&#8220;continuaremos reuni\u00e9ndonos para analizar el encolumnamiento a nivel nacional, y apoyar al justicialismo en el objetivo de congregar a todos los sectores internos&#8221;<\/em> y en otro pasaje mencion\u00f3, <em>&#8220;no descarto acompa\u00f1ar un frente pol\u00edtico con Defensa Comunal&#8221;.<\/em><\/p>\n<p>&nbsp;<\/p>\n<figure id=\"attachment_1824\" aria-describedby=\"caption-attachment-1824\" style=\"width: 1280px\" class=\"wp-caption alignleft\"><img loading=\"lazy\" decoding=\"async\" class=\"size-full wp-image-1824\" src=\"https:\/\/revistaepocadigital.com.ar\/wp-content\/uploads\/2019\/02\/nANNI-D.-I.-2-19.jpg\" alt=\"\" width=\"1280\" height=\"622\" srcset=\"https:\/\/revistaepocadigital.com.ar\/wp-content\/uploads\/2019\/02\/nANNI-D.-I.-2-19.jpg 1280w, https:\/\/revistaepocadigital.com.ar\/wp-content\/uploads\/2019\/02\/nANNI-D.-I.-2-19-300x146.jpg 300w, https:\/\/revistaepocadigital.com.ar\/wp-content\/uploads\/2019\/02\/nANNI-D.-I.-2-19-768x373.jpg 768w, https:\/\/revistaepocadigital.com.ar\/wp-content\/uploads\/2019\/02\/nANNI-D.-I.-2-19-1024x498.jpg 1024w, https:\/\/revistaepocadigital.com.ar\/wp-content\/uploads\/2019\/02\/nANNI-D.-I.-2-19-696x338.jpg 696w, https:\/\/revistaepocadigital.com.ar\/wp-content\/uploads\/2019\/02\/nANNI-D.-I.-2-19-1068x519.jpg 1068w, https:\/\/revistaepocadigital.com.ar\/wp-content\/uploads\/2019\/02\/nANNI-D.-I.-2-19-864x420.jpg 864w\" sizes=\"auto, (max-width: 1280px) 100vw, 1280px\" \/><figcaption id=\"caption-attachment-1824\" class=\"wp-caption-text\">El secretario de gobierno, dialoga con EPOCA.<\/figcaption><\/figure>\n<p>No faltaron las<strong> cr\u00edticas de S\u00e1nchez, Nanni y Bozzani<\/strong> al gobierno provincial en particular en el rubro <strong>seguridad,<\/strong> ante la falta de respuestas a los pedidos de env\u00edos de nuevos implementos y patrulleros; <em>&#8220;no me gusta ser cr\u00edtico en todo, pero no entiendo porqu\u00e9 no nos dan las respuestas que precisa nuestro distrito, hace mucho que no contamos con nuevas unidades tan necesarias y a las actuales, ya muy gastadas debemos continuar volcando dinero para su mantenimiento algo que no resulta f\u00e1cil&#8221;,<\/em> dijo <strong>S\u00e1nchez<\/strong> quien al responder la pregunta sobre si percib\u00eda alguna &#8220;mano negra&#8221; que estuviera obstaculizando dichos reclamos a la gobernaci\u00f3n con su silencio, plante\u00f3 las dudas, <em>&#8220;no lo s\u00e9 realmente, pero podr\u00eda ser que haya algo&#8221;<\/em> y acot\u00f3,<em> &#8220;la verdad, nos sentimos discriminados&#8221;.<\/em><\/p>\n<p><strong>Nanni y Bozzani<\/strong> no se quedaron atr\u00e1s con las cr\u00edticas y aludieron a <strong>Ra\u00fal Sancho<\/strong>, l\u00edder de Cambiemos en <strong>Exaltaci\u00f3n de la Cruz<\/strong>, y titular del Concejo Deliberante a quien, sin dudas, apuntan como el principal y serio oponente en las pr\u00f3ximas elecciones al sostener que <em>&#8220;hace dos a\u00f1os se prometi\u00f3<\/em> (construir) <em>el hospital para Cardales, y fueron solo espejitos de colores&#8221;.<\/em><\/p>\n<p>Tambi\u00e9n hablaron sobre el reemplazo como <strong>Delegado Municipal en Cardales, Carlos Tucc<\/strong>i, quien fuera cuestionado en el desempe\u00f1o del cargo, <em>&#8220;el reemplazo de Tucci por Oscar Gianfelice, se debi\u00f3 a la realidad que atravesamos y por creer que necesitamos gente con m\u00e1s experiencia en algunos cargos&#8221;,<\/em> sostuvo Nanni sin entrar en m\u00e1s detalles. Al respecto hay que mencionar que Tucci, poco despu\u00e9s<strong> encontr\u00f3 lugar<\/strong> en el esquema del municipio como ha sucedido en casos precedenes. Fue designado al frente de una nueva repartici\u00f3n creada en el esquema municipal, la Direcci\u00f3n de Procedimientos Administrativos y Gesti\u00f3n Operativa, dependiente de la Coordinaci\u00f3n a cargo de Mar\u00eda Luz Bozzani.<\/p>\n<p><strong>El 22 de junio es la fecha l\u00edmite<\/strong> para inscribir candidaturas, los d\u00edas avanzan y la ansiedad y especulaciones, se incrementan irremediablemente en el oficialismo que afrontar\u00e1 unas elecciones que se descuenta, sumamente re\u00f1idas con Sancho, el candidato que ha venido asomando por Cambiemos, a quien se han de sumar <strong>otros postulantes<\/strong> que tambi\u00e9n podr\u00e1n jugar su papel en el <strong>entramado pol\u00edtico exaltacruce\u00f1o cada vez mas estresante.<\/strong><\/p>\n<p>El anuncio de la licencia de Nanni, <strong>vaya si dej\u00f3 mucha tela para cortar.<\/strong><\/p>\n<p>Fotos: prensa municipalidad.<\/p>\n","protected":false},"excerpt":{"rendered":"<p>DIEGO NANNI DE LICENCIA RATIFIC\u00d3 CANDIDATURA, SANCHEZ INSIN\u00faA SU ASPIRACI\u00f3N A IR POR LA REELECCI\u00d3N.<\/p>\n","protected":false},"author":4,"featured_media":1822,"comment_status":"open","ping_status":"open","sticky":false,"template":"","format":"standard","meta":{"footnotes":"","jetpack_publicize_message":"","jetpack_publicize_feature_enabled":true,"jetpack_social_post_already_shared":false,"jetpack_social_options":{"image_generator_settings":{"template":"highway","default_image_id":0,"font":"","enabled":false},"version":2}},"categories":[17],"tags":[235,37],"class_list":["post-1818","post","type-post","status-publish","format-standard","has-post-thumbnail","hentry","category-politica","tag-candidatos-elecciones","tag-destacada"],"jetpack_publicize_connections":[],"jetpack_featured_media_url":"https:\/\/revistaepocadigital.com.ar\/wp-content\/uploads\/2019\/02\/nanni-sanch-bozz-19-muni.jpg","jetpack_likes_enabled":true,"_links":{"self":[{"href":"https:\/\/revistaepocadigital.com.ar\/index.php?rest_route=\/wp\/v2\/posts\/1818","targetHints":{"allow":["GET"]}}],"collection":[{"href":"https:\/\/revistaepocadigital.com.ar\/index.php?rest_route=\/wp\/v2\/posts"}],"about":[{"href":"https:\/\/revistaepocadigital.com.ar\/index.php?rest_route=\/wp\/v2\/types\/post"}],"author":[{"embeddable":true,"href":"https:\/\/revistaepocadigital.com.ar\/index.php?rest_route=\/wp\/v2\/users\/4"}],"replies":[{"embeddable":true,"href":"https:\/\/revistaepocadigital.com.ar\/index.php?rest_route=%2Fwp%2Fv2%2Fcomments&post=1818"}],"version-history":[{"count":0,"href":"https:\/\/revistaepocadigital.com.ar\/index.php?rest_route=\/wp\/v2\/posts\/1818\/revisions"}],"wp:featuredmedia":[{"embeddable":true,"href":"https:\/\/revistaepocadigital.com.ar\/index.php?rest_route=\/wp\/v2\/media\/1822"}],"wp:attachment":[{"href":"https:\/\/revistaepocadigital.com.ar\/index.php?rest_route=%2Fwp%2Fv2%2Fmedia&parent=1818"}],"wp:term":[{"taxonomy":"category","embeddable":true,"href":"https:\/\/revistaepocadigital.com.ar\/index.php?rest_route=%2Fwp%2Fv2%2Fcategories&post=1818"},{"taxonomy":"post_tag","embeddable":true,"href":"https:\/\/revistaepocadigital.com.ar\/index.php?rest_route=%2Fwp%2Fv2%2Ftags&post=1818"}],"curies":[{"name":"wp","href":"https:\/\/api.w.org\/{rel}","templated":true}]}}