{"id":18211,"date":"2022-10-17T23:32:31","date_gmt":"2022-10-18T02:32:31","guid":{"rendered":"https:\/\/revistaepocadigital.com.ar\/?p=18211"},"modified":"2022-10-18T09:57:19","modified_gmt":"2022-10-18T12:57:19","slug":"el-festejo-del-dia-del-jubilado","status":"publish","type":"post","link":"https:\/\/revistaepocadigital.com.ar\/?p=18211","title":{"rendered":"EL FESTEJO DEL D\u00cdA DEL JUBILADO"},"content":{"rendered":"<div class=\"\" dir=\"auto\">\n<div id=\"jsc_c_3u\" class=\"x1iorvi4 x1pi30zi x1l90r2v x1swvt13\" data-ad-comet-preview=\"message\" data-ad-preview=\"message\">\n<div class=\"x78zum5 xdt5ytf xz62fqu x16ldp7u\">\n<div class=\"xu06os2 x1ok221b\">\n<div class=\"xdj266r x11i5rnm xat24cr x1mh8g0r x1vvkbs x126k92a\">\n<div dir=\"auto\"><strong>FUE EN EL PREDIO DE FATICA, NESTOR KIRCHNER, EN ROBLES.<!--more--><\/strong><\/div>\n<div dir=\"auto\"><\/div>\n<\/div>\n<div class=\"x11i5rnm xat24cr x1mh8g0r x1vvkbs xtlvy1s x126k92a\">\n<div dir=\"auto\">Hubo m\u00e1s dE 600 afiliados y vivieron un d\u00eda a pleno.<\/div>\n<\/div>\n<div class=\"x11i5rnm xat24cr x1mh8g0r x1vvkbs xtlvy1s x126k92a\">\n<div dir=\"auto\">Participaron en representaci\u00f3n de PAMI: Guadalupe Lemos, Coordinadora Ejecutiva de la UGL Luj\u00e1n de PAMI; Sebasti\u00e1n Barthes, coordinador del Modelo de Atenci\u00f3n a la Persona Afiliada UGL Luj\u00e1n de PAMI; Gladys Campanini, Referente del \u00e1rea de Sociales UGL Luj\u00e1n; y Nieves Vel\u00e1zquez, jefa de la oficina en Exaltaci\u00f3n de la Cruz.<\/div>\n<div dir=\"auto\"><\/div>\n<div dir=\"auto\"><\/div>\n<div dir=\"auto\"><img loading=\"lazy\" decoding=\"async\" class=\"aligncenter size-full wp-image-18215\" src=\"https:\/\/revistaepocadigital.com.ar\/wp-content\/uploads\/2022\/10\/JUBIL.jpg\" alt=\"\" width=\"960\" height=\"640\" srcset=\"https:\/\/revistaepocadigital.com.ar\/wp-content\/uploads\/2022\/10\/JUBIL.jpg 960w, https:\/\/revistaepocadigital.com.ar\/wp-content\/uploads\/2022\/10\/JUBIL-300x200.jpg 300w, https:\/\/revistaepocadigital.com.ar\/wp-content\/uploads\/2022\/10\/JUBIL-768x512.jpg 768w, https:\/\/revistaepocadigital.com.ar\/wp-content\/uploads\/2022\/10\/JUBIL-696x464.jpg 696w, https:\/\/revistaepocadigital.com.ar\/wp-content\/uploads\/2022\/10\/JUBIL-630x420.jpg 630w\" sizes=\"auto, (max-width: 960px) 100vw, 960px\" \/><\/div>\n<div dir=\"auto\"><\/div>\n<div dir=\"auto\">Tambi\u00e9n, el Subsecretario de Asuntos Municipales de la Provincia de Buenos Aires, Santiago Revora; la diputada nacional Fernanda D\u00edaz; el intendente Diego Nanni; Mar\u00eda Luz Bozzani, Secretaria de Coordinaci\u00f3n General y control de Gesti\u00f3n y los concejales Emmanuel Mart\u00ednez y Christian Alonso (Frente de Todos.<\/div>\n<\/div>\n<\/div>\n<\/div>\n<\/div>\n<\/div>\n","protected":false},"excerpt":{"rendered":"<p>FUE EN EL PREDIO DE FATICA, NESTOR KIRCHNER, EN ROBLES.<\/p>\n","protected":false},"author":3,"featured_media":18214,"comment_status":"open","ping_status":"open","sticky":false,"template":"","format":"standard","meta":{"footnotes":"","jetpack_publicize_message":"","jetpack_publicize_feature_enabled":true,"jetpack_social_post_already_shared":false,"jetpack_social_options":{"image_generator_settings":{"template":"highway","default_image_id":0,"font":"","enabled":false},"version":2}},"categories":[15],"tags":[37,2042,1077],"class_list":["post-18211","post","type-post","status-publish","format-standard","has-post-thumbnail","hentry","category-lo-que-tenes-que-saber","tag-destacada","tag-dia-jubilado","tag-fatica"],"jetpack_publicize_connections":[],"jetpack_featured_media_url":"https:\/\/revistaepocadigital.com.ar\/wp-content\/uploads\/2022\/10\/JUBI.jpg","jetpack_likes_enabled":true,"_links":{"self":[{"href":"https:\/\/revistaepocadigital.com.ar\/index.php?rest_route=\/wp\/v2\/posts\/18211","targetHints":{"allow":["GET"]}}],"collection":[{"href":"https:\/\/revistaepocadigital.com.ar\/index.php?rest_route=\/wp\/v2\/posts"}],"about":[{"href":"https:\/\/revistaepocadigital.com.ar\/index.php?rest_route=\/wp\/v2\/types\/post"}],"author":[{"embeddable":true,"href":"https:\/\/revistaepocadigital.com.ar\/index.php?rest_route=\/wp\/v2\/users\/3"}],"replies":[{"embeddable":true,"href":"https:\/\/revistaepocadigital.com.ar\/index.php?rest_route=%2Fwp%2Fv2%2Fcomments&post=18211"}],"version-history":[{"count":0,"href":"https:\/\/revistaepocadigital.com.ar\/index.php?rest_route=\/wp\/v2\/posts\/18211\/revisions"}],"wp:featuredmedia":[{"embeddable":true,"href":"https:\/\/revistaepocadigital.com.ar\/index.php?rest_route=\/wp\/v2\/media\/18214"}],"wp:attachment":[{"href":"https:\/\/revistaepocadigital.com.ar\/index.php?rest_route=%2Fwp%2Fv2%2Fmedia&parent=18211"}],"wp:term":[{"taxonomy":"category","embeddable":true,"href":"https:\/\/revistaepocadigital.com.ar\/index.php?rest_route=%2Fwp%2Fv2%2Fcategories&post=18211"},{"taxonomy":"post_tag","embeddable":true,"href":"https:\/\/revistaepocadigital.com.ar\/index.php?rest_route=%2Fwp%2Fv2%2Ftags&post=18211"}],"curies":[{"name":"wp","href":"https:\/\/api.w.org\/{rel}","templated":true}]}}