{"id":18217,"date":"2022-10-17T23:58:46","date_gmt":"2022-10-18T02:58:46","guid":{"rendered":"https:\/\/revistaepocadigital.com.ar\/?p=18217"},"modified":"2022-10-17T23:58:46","modified_gmt":"2022-10-18T02:58:46","slug":"la-justicia-sobreseyo-al-policia-que-baleo-a-chano","status":"publish","type":"post","link":"https:\/\/revistaepocadigital.com.ar\/?p=18217","title":{"rendered":"LA JUSTICIA SOBRESEY\u00d3 AL POLICIA QUE BALE\u00d3 A CHANO"},"content":{"rendered":"<div class=\"\" dir=\"auto\">\n<div id=\"jsc_c_qn\" class=\"x1iorvi4 x1pi30zi x1l90r2v x1swvt13\" data-ad-comet-preview=\"message\" data-ad-preview=\"message\">\n<div class=\"x78zum5 xdt5ytf xz62fqu x16ldp7u\">\n<div class=\"xu06os2 x1ok221b\">\n<div class=\"xdj266r x11i5rnm xat24cr x1mh8g0r x1vvkbs x126k92a\">\n<div dir=\"auto\"><strong>LO RESOLVI\u00d3 EL JUEZ JULIO GRASSI.<!--more--><\/strong><\/div>\n<div dir=\"auto\">\n<div class=\"\" dir=\"auto\">\n<div id=\"jsc_c_qn\" class=\"x1iorvi4 x1pi30zi x1l90r2v x1swvt13\" data-ad-comet-preview=\"message\" data-ad-preview=\"message\">\n<div class=\"x78zum5 xdt5ytf xz62fqu x16ldp7u\">\n<div class=\"xu06os2 x1ok221b\">\n<div class=\"xdj266r x11i5rnm xat24cr x1mh8g0r x1vvkbs x126k92a\"><\/div>\n<div class=\"x11i5rnm xat24cr x1mh8g0r x1vvkbs xtlvy1s x126k92a\">\n<div dir=\"auto\"><\/div>\n<div dir=\"auto\">El polic\u00eda que hiri\u00f3 de un balazo al m\u00fasico Santiago &#8220;Chano&#8221; Moreno Charpentier en julio de 2021, cuando el m\u00fasico estaba bajo una crisis psiqui\u00e1trica en su casa en las inmediaciones de Pav\u00f3n, Exaltaci\u00f3n de la Cruz, fue sobrese\u00eddo por la Justicia de Z\u00e1rate-Campana, que consider\u00f3 que actu\u00f3 en &#8220;leg\u00edtima defensa&#8221;.<\/div>\n<div dir=\"auto\"><\/div>\n<div dir=\"auto\">Fuentes judiciales informaron que Julio Andr\u00e9s Grassi, a cargo del Juzgado de Garant\u00edas 2 de Z\u00e1rate-Campana, dict\u00f3 el sobreseimiento total del agente de la Bonaerense Facundo Amendolara (29).<\/div>\n<\/div>\n<div dir=\"auto\"><img loading=\"lazy\" decoding=\"async\" class=\"aligncenter size-large wp-image-18219\" src=\"https:\/\/revistaepocadigital.com.ar\/wp-content\/uploads\/2022\/10\/chano-policia-1200x1200.jpg\" alt=\"\" width=\"696\" height=\"696\" srcset=\"https:\/\/revistaepocadigital.com.ar\/wp-content\/uploads\/2022\/10\/chano-policia-1200x1200.jpg 1200w, https:\/\/revistaepocadigital.com.ar\/wp-content\/uploads\/2022\/10\/chano-policia-300x300.jpg 300w, https:\/\/revistaepocadigital.com.ar\/wp-content\/uploads\/2022\/10\/chano-policia-150x150.jpg 150w, https:\/\/revistaepocadigital.com.ar\/wp-content\/uploads\/2022\/10\/chano-policia-768x768.jpg 768w, https:\/\/revistaepocadigital.com.ar\/wp-content\/uploads\/2022\/10\/chano-policia-1536x1536.jpg 1536w, https:\/\/revistaepocadigital.com.ar\/wp-content\/uploads\/2022\/10\/chano-policia-696x696.jpg 696w, https:\/\/revistaepocadigital.com.ar\/wp-content\/uploads\/2022\/10\/chano-policia-1068x1068.jpg 1068w, https:\/\/revistaepocadigital.com.ar\/wp-content\/uploads\/2022\/10\/chano-policia-420x420.jpg 420w, https:\/\/revistaepocadigital.com.ar\/wp-content\/uploads\/2022\/10\/chano-policia-840x840.jpg 840w, https:\/\/revistaepocadigital.com.ar\/wp-content\/uploads\/2022\/10\/chano-policia.jpg 1920w\" sizes=\"auto, (max-width: 696px) 100vw, 696px\" \/><\/div>\n<div class=\"x11i5rnm xat24cr x1mh8g0r x1vvkbs xtlvy1s x126k92a\">\n<div dir=\"auto\"><\/div>\n<div dir=\"auto\">De esta manera, qued\u00f3 archivada la causa por el delito de &#8220;lesiones grav\u00edsimas agravadas por el uso de arma de fuego y por ser funcionario policial&#8221; que se hab\u00eda iniciado en su contra tras el episodio que mantuvo con el ex l\u00edder de la banda Tan Bi\u00f3nica.<\/div>\n<\/div>\n<div class=\"x11i5rnm xat24cr x1mh8g0r x1vvkbs xtlvy1s x126k92a\">\n<div dir=\"auto\"><\/div>\n<div dir=\"auto\">De esta manera, qued\u00f3 archivada la causa por el delito de &#8220;lesiones grav\u00edsimas agravadas por el uso de arma de fuego y por ser funcionario policial&#8221; que se hab\u00eda iniciado en su contra tras el episodio que mantuvo con el ex l\u00edder de la banda Tan Bi\u00f3nica.<\/div>\n<\/div>\n<\/div>\n<\/div>\n<\/div>\n<\/div>\n<\/div>\n<\/div>\n<div class=\"x11i5rnm xat24cr x1mh8g0r x1vvkbs xtlvy1s x126k92a\">\n<div dir=\"auto\"><\/div>\n<div dir=\"auto\">El sobreseimiento hab\u00eda sido solicitado al juez por el fiscal de la causa, Alejandro Irigoyen, titular de la Unidad Funcional de Instrucci\u00f3n (UFI) 1 de ese departamento judicial, al considerar que el polic\u00eda dispar\u00f3 cuando &#8220;Chano&#8221; (41) intent\u00f3 atacarlo con un cuchillo en medio de un presunto brote psic\u00f3tico.<\/div>\n<\/div>\n<\/div>\n<\/div>\n<\/div>\n<\/div>\n<p>&nbsp;<\/p>\n<div id=\"jsc_c_qo\" class=\"x1n2onr6\">\n<div class=\"x1n2onr6\">\n<div><\/div>\n<\/div>\n<\/div>\n","protected":false},"excerpt":{"rendered":"<p>LO RESOLVI\u00d3 EL JUEZ JULIO GRASSI.<\/p>\n","protected":false},"author":3,"featured_media":18219,"comment_status":"open","ping_status":"open","sticky":false,"template":"","format":"standard","meta":{"footnotes":"","jetpack_publicize_message":"","jetpack_publicize_feature_enabled":true,"jetpack_social_post_already_shared":false,"jetpack_social_options":{"image_generator_settings":{"template":"highway","default_image_id":0,"font":"","enabled":false},"version":2}},"categories":[17],"tags":[2080,1500],"class_list":["post-18217","post","type-post","status-publish","format-standard","has-post-thumbnail","hentry","category-politica","tag-caso-chano","tag-policia"],"jetpack_publicize_connections":[],"jetpack_featured_media_url":"https:\/\/revistaepocadigital.com.ar\/wp-content\/uploads\/2022\/10\/chano-policia.jpg","jetpack_likes_enabled":true,"_links":{"self":[{"href":"https:\/\/revistaepocadigital.com.ar\/index.php?rest_route=\/wp\/v2\/posts\/18217","targetHints":{"allow":["GET"]}}],"collection":[{"href":"https:\/\/revistaepocadigital.com.ar\/index.php?rest_route=\/wp\/v2\/posts"}],"about":[{"href":"https:\/\/revistaepocadigital.com.ar\/index.php?rest_route=\/wp\/v2\/types\/post"}],"author":[{"embeddable":true,"href":"https:\/\/revistaepocadigital.com.ar\/index.php?rest_route=\/wp\/v2\/users\/3"}],"replies":[{"embeddable":true,"href":"https:\/\/revistaepocadigital.com.ar\/index.php?rest_route=%2Fwp%2Fv2%2Fcomments&post=18217"}],"version-history":[{"count":0,"href":"https:\/\/revistaepocadigital.com.ar\/index.php?rest_route=\/wp\/v2\/posts\/18217\/revisions"}],"wp:featuredmedia":[{"embeddable":true,"href":"https:\/\/revistaepocadigital.com.ar\/index.php?rest_route=\/wp\/v2\/media\/18219"}],"wp:attachment":[{"href":"https:\/\/revistaepocadigital.com.ar\/index.php?rest_route=%2Fwp%2Fv2%2Fmedia&parent=18217"}],"wp:term":[{"taxonomy":"category","embeddable":true,"href":"https:\/\/revistaepocadigital.com.ar\/index.php?rest_route=%2Fwp%2Fv2%2Fcategories&post=18217"},{"taxonomy":"post_tag","embeddable":true,"href":"https:\/\/revistaepocadigital.com.ar\/index.php?rest_route=%2Fwp%2Fv2%2Ftags&post=18217"}],"curies":[{"name":"wp","href":"https:\/\/api.w.org\/{rel}","templated":true}]}}