{"id":18250,"date":"2022-12-01T08:32:59","date_gmt":"2022-12-01T11:32:59","guid":{"rendered":"https:\/\/revistaepocadigital.com.ar\/?p=18250"},"modified":"2022-12-17T11:18:01","modified_gmt":"2022-12-17T14:18:01","slug":"anses-jubilados-pueden-cobrar-hasta-240-000-con-requisitos","status":"publish","type":"post","link":"https:\/\/revistaepocadigital.com.ar\/?p=18250","title":{"rendered":"LA PROVINCIA EXTIENDE LOS HORARIOS DE VACUNACI\u00d3N COVID EN HOSPITALES BONAERENSES"},"content":{"rendered":"<div class=\"row\">\n<div class=\"col-12\">\n<section class=\"section-detail-header\" data-td-script-src=\"https:\/\/www.ambito.com\/js-custom\/239\/jquery-3.3.1.min-min-version-1605102670.js,https:\/\/www.ambito.com\/js-custom\/239\/jquery.cookie.min-min-version-1583259693.js,https:\/\/www.ambito.com\/js-custom\/239\/detail-min-version-1620238334.js\">\n<div class=\"detail-header\">\n<div class=\"detail-header-wrapper\">\n<div><\/div>\n<div><\/div>\n<div><strong>Vacunate!<\/strong><\/div>\n<div><\/div>\n<div>\n<div class=\"I_ZkbNhI D_FY W_6D6F\" data-test-id=\"message-view-body\">\n<div class=\"msg-body P_wpofO mq_AS\" data-test-id=\"message-view-body-content\">\n<div class=\"jb_0 X_6MGW N_6Fd5\">\n<div id=\"yiv2857404554\">\n<div dir=\"ltr\">\n<div class=\"yiv2857404554gmail_quote\">\n<div dir=\"ltr\">\n<p class=\"yiv2857404554MsoNormal\">\u00a0Desde este lunes 19 hasta el jueves 22 de diciembre, los 36 hospitales que vacunan contra el Covid extienden horario hasta las 19 horas. Tambi\u00e9n se instalar\u00e1n m\u00e1s de 30 nuevas postas itinerantes en distintos municipios.<img loading=\"lazy\" decoding=\"async\" class=\"aligncenter size-full wp-image-19064\" src=\"https:\/\/revistaepocadigital.com.ar\/wp-content\/uploads\/2022\/12\/thumbnail-1.jpg\" alt=\"\" width=\"1080\" height=\"1069\" srcset=\"https:\/\/revistaepocadigital.com.ar\/wp-content\/uploads\/2022\/12\/thumbnail-1.jpg 1080w, https:\/\/revistaepocadigital.com.ar\/wp-content\/uploads\/2022\/12\/thumbnail-1-300x297.jpg 300w, https:\/\/revistaepocadigital.com.ar\/wp-content\/uploads\/2022\/12\/thumbnail-1-768x760.jpg 768w, https:\/\/revistaepocadigital.com.ar\/wp-content\/uploads\/2022\/12\/thumbnail-1-696x689.jpg 696w, https:\/\/revistaepocadigital.com.ar\/wp-content\/uploads\/2022\/12\/thumbnail-1-1068x1057.jpg 1068w, https:\/\/revistaepocadigital.com.ar\/wp-content\/uploads\/2022\/12\/thumbnail-1-424x420.jpg 424w, https:\/\/revistaepocadigital.com.ar\/wp-content\/uploads\/2022\/12\/thumbnail-1-849x840.jpg 849w\" sizes=\"auto, (max-width: 1080px) 100vw, 1080px\" \/><\/p>\n<p class=\"yiv2857404554MsoNormal\">\u00a0El Ministerio de Salud bonaerense informa que, a partir de este lunes 19 y hasta el jueves 22 de diciembre, los 36 hospitales provinciales que vacunan contra el Covid extienden sus horarios de vacunaci\u00f3n hasta las 19 horas, ampliando a\u00fan m\u00e1s el acceso a completar y actualizar esquemas de vacunaci\u00f3n.<\/p>\n<p class=\"yiv2857404554MsoNormal\">\u00a0A esto se incorporan m\u00e1s de 30 postas itinerantes en distintos municipios para aplicar todas las dosis sin turno previo en la poblaci\u00f3n mayor a 6 meses, que se suman a las m\u00e1s de 100 postas realizadas esta semana.<\/p>\n<p class=\"yiv2857404554MsoNormal\">\u00a0Los hospitales que ampl\u00edan sus horarios son: \u201cJulio de Vedia\u201d de 9 de Julio; \u201cSan Felipe\u201d de San Nicol\u00e1s; \u201cSan Jos\u00e9\u201d de Pergamino; \u201cEva Per\u00f3n\u201d de San Mart\u00edn; \u201cCentr\u00e1ngolo\u201d de Vicente L\u00f3pez; \u201cMercante\u201d de Jos\u00e9 C. Paz; \u201cO\u00f1ativia\u201d y \u201cMelendez\u201d de Almirante Brown; \u201cWilde\u201d y \u201cPresidente Per\u00f3n\u201d de Avellaneda; \u201cEurnekian\u201d de Ezeiza; \u201cEvita\u201d y \u201cMelo\u201d de Lan\u00fas; \u201cGandulfo\u201d de Lomas de Zamora; \u201cH\u00e9roe de Malvinas\u201d de Merlo; \u201cMariano y Luciano\u201d y maternidad \u201cEstela de Carlotto\u201d de Moreno.<\/p>\n<p class=\"yiv2857404554MsoNormal\">\u00a0Adem\u00e1s del \u201cG\u00fcemes\u201d de Mor\u00f3n; \u201cCarrillo\u201d y \u201cBocalandro\u201d de Tres de Febrero; \u201cTetamanti\u201d de Mar del Plata; \u201cArgentina Diego\u201d de Azul; General Zonal de Lobos, General Zonal de Las Flores; \u201cCestino\u201d de Ensenada; \u201cZen\u00f3n Videla Dorna\u201d de San Miguel del Monte; \u201cParoissien\u201d, \u201cBalestrini\u201d y \u201cSimplemente Evita\u201d de La Matanza; \u201cAlejandro Korn\u201d, \u201cSan Mart\u00edn\u201d, \u201cSan Juan de Dios\u201d, \u201cLudovica\u201d, \u201cSbarra\u201d, \u201cElina de La Serna\u201d y \u201cGuti\u00e9rrez\u201d de La Plata.<\/p>\n<p class=\"yiv2857404554MsoNormal\">\u00a0Esta ampliaci\u00f3n de horarios y las nuevas postas itinerantes se suman a los centros de vacunaci\u00f3n COVID-19 que funcionan diariamente en la provincia donde pueden concurrir sin turno previo y al m\u00e1s pr\u00f3ximo del domicilio:\u00a0\u00a0<a href=\"https:\/\/portal-coronavirus.gba.gob.ar\/vacunatorios-de-la-campana-covid-19\" target=\"_blank\" rel=\"nofollow noopener noreferrer\">https:\/\/portal-coronavirus.gba.gob.ar\/vacunatorios-de-la-campana-covid-19<\/a>.<\/p>\n<p class=\"yiv2857404554MsoNormal\">\u00a0Las personas deben concurrir a actualizar sus esquemas y aplicarse los correspondientes refuerzos (tercera, cuarta y quinta dosis), si ya pasaron 4 meses desde la \u00faltima aplicaci\u00f3n, y de acuerdo al grupo etario correspondiente:<\/p>\n<p class=\"yiv2857404554MsoNormal\">-1\u00b0 refuerzo: personas entre 3 y 17 a\u00f1os.<\/p>\n<p class=\"yiv2857404554MsoNormal\">-2\u00b0 refuerzo: personas entre 18 a 49 a\u00f1os (sin condiciones de riesgo).<\/p>\n<p class=\"yiv2857404554MsoNormal\">-3\u00b0 refuerzo: mayores de 50 a\u00f1os, personas a partir de los 12 a\u00f1os con inmunocompromiso, personal de salud, personas que residan o trabajen en instituciones cerradas o de internaci\u00f3n prolongada, personas a partir de los 18 a\u00f1os con comorbilidades.<\/p>\n<\/div>\n<\/div>\n<\/div>\n<\/div>\n<\/div>\n<\/div>\n<div class=\"jb_0 X_6MGW N_6Fd5\">\n<div class=\"P_0 je_fq7\">\n<p>&nbsp;<\/p>\n<\/div>\n<\/div>\n<\/div>\n<\/div>\n<div><\/div>\n<div><\/div>\n<div><\/div>\n<div><strong>&#8220;&#8220;&#8220;&#8220;&#8220;&#8220;&#8220;&#8220;&#8220;&#8220;&#8220;&#8220;&#8220;&#8220;&#8220;&#8220;&#8220;&#8220;&#8220;&#8220;`<\/strong>`<\/div>\n<div><\/div>\n<div><\/div>\n<div><strong>COMENZ\u00d3.<!--more--><\/strong><\/div>\n<div>\n<div class=\"I_ZkbNhI D_FY W_6D6F\" data-test-id=\"message-view-body\">\n<div class=\"msg-body P_wpofO mq_AS\" data-test-id=\"message-view-body-content\">\n<div class=\"jb_0 X_6MGW N_6Fd5\">\n<div>\n<div id=\"yiv9192394334\">\n<div>\n<div class=\"yiv9192394334WordSection1\">\n<p class=\"yiv9192394334MsoNormal\"><strong>ANSES informa que el 1 de diciembre comenz\u00f3<\/strong>\u00a0el calendario de pagos de las\u00a0Pensiones No Contributivas (PNC), que tienen incluido\u00a0<strong>el aumento del 15,62 por ciento por la Ley de Movilidad, la primera cuota del refuerzo de 10 mil pesos y el medio aguinaldo.<\/strong><\/p>\n<p class=\"yiv9192394334MsoNormal\">En este sentido, quienes desean cobrar presencialmente esta prestaci\u00f3n deben hacerlo solo en la fecha asignada. Asimismo, los haberes permanecen depositados en sus cuentas.<\/p>\n<p class=\"yiv9192394334MsoNormal\">El cronograma qued\u00f3 conformado de la siguiente manera:<\/p>\n<p><strong>\u00b7\u00a0\u00a0\u00a0\u00a0\u00a0\u00a0\u00a0\u00a0\u00a0\u00a0\u00a0\u00a0\u00a0\u00a0\u00a0\u00a0\u00a0\u00a0\u00a0\u00a0<\/strong><strong>DNI terminados en 0 y 1: 1 de diciembre<\/strong><\/p>\n<p><strong>\u00b7\u00a0\u00a0\u00a0\u00a0\u00a0\u00a0\u00a0\u00a0\u00a0\u00a0\u00a0\u00a0\u00a0\u00a0\u00a0\u00a0\u00a0\u00a0\u00a0\u00a0<\/strong><strong>DNI terminados en 2 y 3: 2 de diciembre<\/strong><\/p>\n<p><strong>\u00b7\u00a0\u00a0\u00a0\u00a0\u00a0\u00a0\u00a0\u00a0\u00a0\u00a0\u00a0\u00a0\u00a0\u00a0\u00a0\u00a0\u00a0\u00a0\u00a0\u00a0<\/strong><strong>DNI terminados en 4 y 5: 5 de diciembre<\/strong><\/p>\n<p><strong>\u00b7\u00a0\u00a0\u00a0\u00a0\u00a0\u00a0\u00a0\u00a0\u00a0\u00a0\u00a0\u00a0\u00a0\u00a0\u00a0\u00a0\u00a0\u00a0\u00a0\u00a0<\/strong><strong>DNI terminados en 6 y 7: 6 de diciembre<\/strong><\/p>\n<p><strong>\u00b7\u00a0\u00a0\u00a0\u00a0\u00a0\u00a0\u00a0\u00a0\u00a0\u00a0\u00a0\u00a0\u00a0\u00a0\u00a0\u00a0\u00a0\u00a0\u00a0\u00a0<\/strong><strong>DNI terminados en 8 y 9: 7 de diciembre<\/strong><\/p>\n<\/div>\n<\/div>\n<\/div>\n<\/div>\n<\/div>\n<\/div>\n<\/div>\n<div class=\"H_7jIs D_F ab_C Q_69H5 E_36RhU\" data-test-id=\"toolbar-hover-area\">\n<div class=\"D_F W_6D6F r_BN gl_C\" data-test-id=\"card-toolbar\">\n<div class=\"D_F ab_C en_0 b_Z14vXdP e_3mS2U I_ZkbNhI P_Z1otBpf\">\n<p>&nbsp;<\/p>\n<\/div>\n<\/div>\n<\/div>\n<\/div>\n<div><\/div>\n<div>\u00c7\u00c7\u00c7\u00c7\u00c7\u00c7\u00c7\u00c7\u00c7\u00c7\u00c7\u00c7\u00c7\u00c7\u00c7\u00c7\u00c7\u00c7\u00c7\u00c7\u00c7\u00c7\u00c7\u00c7\u00c7\u00c7\u00c7\u00c7\u00c7\u00c7\u00c7\u00c7\u00c7\u00c7\u00c7\u00c7\u00c7\u00c7\u00c7\u00c7\u00c7\u00c7\u00c7\u00c7\u00c7\u00c7\u00c7\u00c7\u00c7\u00c7\u00c7\u00c7\u00c7\u00c7\u00c7\u00c7<\/div>\n<div><\/div>\n<div><\/div>\n<div>ANSES inform\u00f3 que comenzaron los pagos de la Asignaci\u00f3n Universal por Hijo (AUH) y de la Asignaci\u00f3n Familiar por Hijo.<\/div>\n<div>\n<div class=\"I_ZkbNhI D_FY W_6D6F\" data-test-id=\"message-view-body\">\n<div class=\"msg-body P_wpofO mq_AS\" data-test-id=\"message-view-body-content\">\n<div class=\"jb_0 X_6MGW N_6Fd5\">\n<div id=\"yiv0543897962\">\n<div class=\"yiv0543897962WordSection1\">\n<p>&nbsp;<\/p>\n<p class=\"yiv0543897962MsoNormal\">En este sentido, el cronograma qued\u00f3 conformado de la siguiente manera:<\/p>\n<p class=\"yiv0543897962MsoNormal\"><b>Asignaci\u00f3n Universal por Hijo y Asignaci\u00f3n Familiar por Hijo<\/b><\/p>\n<p><strong>\u00b7\u00a0\u00a0\u00a0\u00a0\u00a0\u00a0\u00a0\u00a0\u00a0<\/strong><strong>DNI terminados en 0: 8 de<\/strong><strong>\u00a0<\/strong>noviembre<\/p>\n<p><strong>\u00b7\u00a0\u00a0\u00a0\u00a0\u00a0\u00a0\u00a0\u00a0<\/strong><strong>DNI terminados en 1: 9 de<\/strong><strong>\u00a0<\/strong>noviembre<\/p>\n<p><strong>\u00b7\u00a0\u00a0\u00a0\u00a0\u00a0\u00a0\u00a0\u00a0<\/strong><strong>DNI terminados en 2: 10 de<\/strong><strong>\u00a0<\/strong>noviembre<\/p>\n<p><strong>\u00b7\u00a0\u00a0\u00a0\u00a0\u00a0\u00a0\u00a0\u00a0<\/strong><strong>DNI terminados en 3: 11 de<\/strong><strong>\u00a0<\/strong>noviembre<\/p>\n<p><strong>\u00b7\u00a0\u00a0\u00a0\u00a0\u00a0\u00a0\u00a0\u00a0<\/strong><strong>DNI terminados en 4: 14 de<\/strong><strong>\u00a0<\/strong>noviembre<\/p>\n<p><strong>\u00b7\u00a0\u00a0\u00a0\u00a0\u00a0\u00a0\u00a0\u00a0<\/strong><strong>DNI terminados en 5: 15 de<\/strong><strong>\u00a0<\/strong>noviembre<\/p>\n<p><strong>\u00b7\u00a0\u00a0\u00a0\u00a0\u00a0\u00a0\u00a0\u00a0<\/strong><strong>DNI terminados en 6: 16 de<\/strong><strong>\u00a0<\/strong>noviembre<\/p>\n<p><strong>\u00b7\u00a0\u00a0\u00a0\u00a0\u00a0\u00a0\u00a0\u00a0<\/strong><strong>DNI terminados en 7: 17 de<\/strong><strong>\u00a0<\/strong>noviembre<\/p>\n<p><strong>\u00b7\u00a0\u00a0\u00a0\u00a0\u00a0\u00a0\u00a0\u00a0<\/strong><strong>DNI terminados en 8: 18 de<\/strong><strong>\u00a0<\/strong>noviembre<\/p>\n<p>\u00b7\u00a0\u00a0\u00a0\u00a0\u00a0\u00a0\u00a0\u00a0\u00a0<strong>DNI terminados en 9: 22 de<\/strong><strong>\u00a0<\/strong>noviembre<\/p>\n<p class=\"yiv0543897962MsoNormal\" align=\"right\">\n<\/div>\n<\/div>\n<\/div>\n<\/div>\n<\/div>\n<div class=\"H_7jIs D_F ab_C Q_69H5 E_36RhU\" data-test-id=\"toolbar-hover-area\">\n<div class=\"D_F W_6D6F r_BN gl_C\" data-test-id=\"card-toolbar\">\n<div class=\"D_F ab_C en_0 b_Z14vXdP e_3mS2U I_ZkbNhI P_Z1otBpf\">\n<ul class=\"hd_n P_0 H_6D6F M_0 ir3_0 iy_h D_F ab_C\" tabindex=\"-1\" role=\"menubar\" data-test-id=\"navigable-list\">\n<li class=\"G_e p_R\" role=\"menuitem\"><strong>\u00a0 \u00a0 \u00a0 \u00a0 \u00a0 oooooooooooooooooooooooooooooooooooooooooooooo<\/strong><\/li>\n<\/ul>\n<\/div>\n<\/div>\n<\/div>\n<\/div>\n<div>NOTA ANTERIOR<\/div>\n<div class=\"grouper-and-date-wrapper d-flex flex-row align-items-center justify-content-start\"><strong>EL ORGANISMO AUMENT\u00d3 EL MONTO PARA CR\u00c9DITOS A JUBILADOS Y PENSIONADOS.<\/strong><\/div>\n<div><strong>QUIENES PUEDEN ACCEDER Y C\u00d3MO.<\/strong><\/div>\n<\/div>\n<div><\/div>\n<\/div>\n<\/section>\n<\/div>\n<\/div>\n<p><!--more--><\/p>\n<p>&nbsp;<\/p>\n<p><!--more--><\/p>\n<div class=\"row\">\n<div class=\"col-12 col-md-12 col-lg-8\">\n<div class=\"detail-gallery\">\n<div class=\"detail-gallery__slide-wrapper\">\n<div class=\"detail-gallery__slide\">\n<figure class=\"detail-gallery__figure\"><img loading=\"lazy\" decoding=\"async\" class=\"detail-gallery__figure-img img-fluid\" src=\"https:\/\/media.ambito.com\/p\/e02b4c036e093c4b7397d768e0b16095\/adjuntos\/239\/imagenes\/039\/321\/0039321718\/beneficios-anses-2jpg.jpg\" alt=\"Jubilados y pensionados de ANSES recibir\u00e1n sus cr\u00e9ditos con un aumento.\" width=\"730\" height=\"410\" \/><\/p>\n<div class=\"detail-gallery__nav\"><\/div>\n<\/figure>\n<\/div>\n<div class=\"detail-gallery__caption \">\n<p>La<strong>\u00a0Administraci\u00f3n Nacional de la Seguridad Social (ANSES)\u00a0<\/strong>continua con el calendario de pagos de octubre para todas las prestaciones. Por otro lado, decidieron\u00a0<a href=\"https:\/\/www.ambito.com\/informacion-general\/anses\/prestamos-auh-como-solicitarlos-mi-n5560900\" target=\"_blank\" rel=\"follow noopener\"><strong>aumentar los montos<\/strong>\u00a0de los\u00a0<strong>Cr\u00e9ditos ANSES<\/strong><\/a>.<\/p>\n<\/div>\n<\/div>\n<\/div>\n<div class=\"banner-container\">\n<div id=\"div-gpt-ad-1652308068496-0_parent\" class=\"banner-wrapper free-banner\">\n<div id=\"div-gpt-ad-1652308068496-0\" data-google-query-id=\"CMqX9qWd7foCFW-4lQIdQ-kL7A\">\n<div id=\"google_ads_iframe_\/78858960\/Ambito\/Outstream_adm_0__container__\"><iframe id=\"google_ads_iframe_\/78858960\/Ambito\/Outstream_adm_0\" tabindex=\"0\" title=\"3rd party ad content\" role=\"region\" name=\"google_ads_iframe_\/78858960\/Ambito\/Outstream_adm_0\" width=\"640\" height=\"480\" frameborder=\"0\" marginwidth=\"0\" marginheight=\"0\" scrolling=\"no\" sandbox=\"allow-forms allow-popups allow-popups-to-escape-sandbox allow-same-origin allow-scripts allow-top-navigation-by-user-activation\" aria-label=\"Advertisement\" data-load-complete=\"true\" data-google-container-id=\"b\" data-mce-fragment=\"1\"><\/iframe><\/div>\n<\/div>\n<\/div>\n<\/div>\n<section class=\"detail-body second-paragraph\">\n<section class=\"body-content note-body content-protected-false\">Este beneficio ofrece una\u00a0<strong>l\u00ednea de cr\u00e9ditos<\/strong>\u00a0de\u00a0<strong>hasta 48 cuotas mensuales\u00a0<\/strong>para\u00a0<strong><a href=\"https:\/\/www.ambito.com\/informacion-general\/anses\/jubilados-paso-paso-ver-y-descargar-tu-recibo-recibo-sueldo-n5560903\" target=\"_blank\" rel=\"follow noopener\">jubilados y pensionados<\/a>\u00a0de ANSES<\/strong>, con pocos requisitos y que se puede tramitar en muy simples pasos.<\/section>\n<\/section>\n<section class=\"related-note-in-body\">\n<article class=\"related-note-in-body-article row align-items-stretch no-gutters \" data-type=\"article\">\n<div class=\"col-auto\">\n<figure class=\"figure\"><a title=\"ANSES: \u00bfSe puede acceder a la tarjeta alimentar siendo jubilado o pensionado?\" href=\"https:\/\/www.ambito.com\/informacion-general\/anses\/se-puede-acceder-la-tarjeta-alimentar-siendo-jubilado-o-pensionado-n5560953\" target=\"\" rel=\"nofollow noopener\"><img loading=\"lazy\" decoding=\"async\" title=\"La Tarjeta Alimentar es un beneficio que otorga hasta $18.000 con objetivo de garantizar el acceso a la canasta b\u00e1sica alimentaria y contribuir a una alimentaci\u00f3n saludable.\" src=\"https:\/\/media.ambito.com\/p\/7f7349899cdcc4348330e1262780599f\/adjuntos\/239\/imagenes\/038\/987\/0038987911\/tarjeta-alimentarjpg.jpg\" alt=\"La Tarjeta Alimentar es un beneficio que otorga hasta $18.000 con objetivo de garantizar el acceso a la canasta b\u00e1sica alimentaria y contribuir a una alimentaci\u00f3n saludable.\" width=\"100\" height=\"75\" data-td-src-property=\"https:\/\/media.ambito.com\/p\/7f7349899cdcc4348330e1262780599f\/adjuntos\/239\/imagenes\/038\/987\/0038987911\/tarjeta-alimentarjpg.jpg\" \/><\/a><\/figure>\n<\/div>\n<div class=\"col\">\n<div class=\"info-wrapper\">\n<h2 class=\"title\"><strong>Beneficios ANSES: qui\u00e9nes pueden acceder a los Cr\u00e9ditos<\/strong><\/h2>\n<\/div>\n<\/div>\n<\/article>\n<\/section>\n<section class=\"detail-body\">\n<section class=\"body-content note-body content-protected-false\">\n<ul>\n<li>\u00a0Residir en el pa\u00eds.<\/li>\n<li>Tener\u00a0<strong>menos de 92 a\u00f1os<\/strong>\u00a0al momento de finalizar el cr\u00e9dito.<\/li>\n<li>Se necesita\u00a0<strong>DNI y CBU de cuenta bancaria propia<\/strong>\u00a0(que se puede obtener f\u00e1cilmente en el banco, cajero autom\u00e1tico o por home banking).<\/li>\n<\/ul>\n<h3><strong>Los montos<\/strong><\/h3>\n<ul>\n<li>\u00a0Los cr\u00e9ditos van desde los\u00a0<strong>$5.000 hasta los $240.000<\/strong>, y se cobrar\u00e1n en\u00a0<strong>24, 36 o 48 cuotas<\/strong>. La cuota no puede<strong>\u00a0exceder el 30% del ingreso mensual<\/strong>.<\/li>\n<li>Antes de solicitar el cr\u00e9dito, se podr\u00e1\u00a0<strong>simular la cuota<\/strong>\u00a0ingresando en\u00a0<strong>Mi ANSES<\/strong>.<\/li>\n<\/ul>\n<h3><strong>C\u00f3mo pedir un Cr\u00e9dito Anses<\/strong><\/h3>\n<ol>\n<li>\u00a0Ingresar a\u00a0<strong>Mi Anses<\/strong>\u00a0con CUIL y Clave de la Seguridad Social.<\/li>\n<li>Reunir la documentaci\u00f3n: DNI y CBU de cuenta bancaria.<\/li>\n<li>Solicitar el<strong>\u00a0cr\u00e9dito en el men\u00fa Cr\u00e9ditos ANSES<\/strong>\u00a0para la prestaci\u00f3n que corresponda.<\/li>\n<li>Elegir el monto y plazo que se prefiera.<\/li>\n<li>Enviar la solicitud y descargar el comprobante.<\/li>\n<li>El cr\u00e9dito se\u00a0<strong>depositar\u00e1 en la cuenta bancaria<\/strong> dentro de los siguientes d\u00edas h\u00e1biles. <em>Nota publicada en \u00c1mbito Financiero.<\/em><\/li>\n<\/ol>\n<\/section>\n<\/section>\n<\/div>\n<\/div>\n","protected":false},"excerpt":{"rendered":"<p>Vacunate! \u00a0Desde este lunes 19 hasta el jueves 22 de diciembre, los 36 hospitales que vacunan contra el Covid extienden horario hasta las 19 horas. Tambi\u00e9n se instalar\u00e1n m\u00e1s de 30 nuevas postas itinerantes en distintos municipios. \u00a0El Ministerio de Salud bonaerense informa que, a partir de este lunes 19 y hasta el jueves 22 [&hellip;]<\/p>\n","protected":false},"author":3,"featured_media":19064,"comment_status":"open","ping_status":"open","sticky":false,"template":"","format":"standard","meta":{"footnotes":"","jetpack_publicize_message":"","jetpack_publicize_feature_enabled":true,"jetpack_social_post_already_shared":false,"jetpack_social_options":{"image_generator_settings":{"template":"highway","default_image_id":0,"font":"","enabled":false},"version":2}},"categories":[13,15],"tags":[1136],"class_list":["post-18250","post","type-post","status-publish","format-standard","has-post-thumbnail","hentry","category-interes-general","category-lo-que-tenes-que-saber","tag-vacunacion-covid"],"jetpack_publicize_connections":[],"jetpack_featured_media_url":"https:\/\/revistaepocadigital.com.ar\/wp-content\/uploads\/2022\/12\/thumbnail-1.jpg","jetpack_likes_enabled":true,"_links":{"self":[{"href":"https:\/\/revistaepocadigital.com.ar\/index.php?rest_route=\/wp\/v2\/posts\/18250","targetHints":{"allow":["GET"]}}],"collection":[{"href":"https:\/\/revistaepocadigital.com.ar\/index.php?rest_route=\/wp\/v2\/posts"}],"about":[{"href":"https:\/\/revistaepocadigital.com.ar\/index.php?rest_route=\/wp\/v2\/types\/post"}],"author":[{"embeddable":true,"href":"https:\/\/revistaepocadigital.com.ar\/index.php?rest_route=\/wp\/v2\/users\/3"}],"replies":[{"embeddable":true,"href":"https:\/\/revistaepocadigital.com.ar\/index.php?rest_route=%2Fwp%2Fv2%2Fcomments&post=18250"}],"version-history":[{"count":0,"href":"https:\/\/revistaepocadigital.com.ar\/index.php?rest_route=\/wp\/v2\/posts\/18250\/revisions"}],"wp:featuredmedia":[{"embeddable":true,"href":"https:\/\/revistaepocadigital.com.ar\/index.php?rest_route=\/wp\/v2\/media\/19064"}],"wp:attachment":[{"href":"https:\/\/revistaepocadigital.com.ar\/index.php?rest_route=%2Fwp%2Fv2%2Fmedia&parent=18250"}],"wp:term":[{"taxonomy":"category","embeddable":true,"href":"https:\/\/revistaepocadigital.com.ar\/index.php?rest_route=%2Fwp%2Fv2%2Fcategories&post=18250"},{"taxonomy":"post_tag","embeddable":true,"href":"https:\/\/revistaepocadigital.com.ar\/index.php?rest_route=%2Fwp%2Fv2%2Ftags&post=18250"}],"curies":[{"name":"wp","href":"https:\/\/api.w.org\/{rel}","templated":true}]}}