{"id":1826,"date":"2019-02-27T23:40:00","date_gmt":"2019-02-28T02:40:00","guid":{"rendered":"https:\/\/revistaepocadigital.com.ar\/?p=1826"},"modified":"2019-02-27T23:44:30","modified_gmt":"2019-02-28T02:44:30","slug":"lo-que-dijo-la-autopsia-de-luna","status":"publish","type":"post","link":"https:\/\/revistaepocadigital.com.ar\/?p=1826","title":{"rendered":"Lo que dijo la autopsia de Luna"},"content":{"rendered":"<div class=\"center-nav shift-right\"><\/div>\n<section id=\"top\" class=\"\">\n<div id=\"fzPQa12RGlnxfr\" class=\"wrapper clearfix full pb-feature pb-layout-item pb-f-ads-dfp\">\n<div id=\"megalateral_250x600\" class=\"pb-ad pb-ad-prod megalateral ad-250X600 ad-slot\" data-adtype=\"megalateral\">\n<div id=\"megalateral_250x600_ad\" data-google-query-id=\"CNvf6qSt3eACFY92wQodbIIMVg\">\n<div id=\"google_ads_iframe_\/1058609\/infobae\/sociedad\/policiales\/nota\/megalateral_250x600_0__container__\"><strong>LA NI\u00d1A FALLECIDA.<!--more--><\/strong><\/div>\n<div><\/div>\n<div>La muerte hace poco de la nena de 5 a\u00f1os (foto abajo) en el hospital local, provoc\u00f3 conmoci\u00f3n y dolor. <span class=\"credit\">El sitio<em> Infobae.com<\/em> ha informado acerca de los resultados de la autopsia practicada a la menor fallecida. Ac\u00e1 la una s\u00edntesis del informe brindado en la nota de Joaqu\u00edn Cavanna del mencionado medio:<\/span><\/div>\n<\/div>\n<\/div>\n<\/div>\n<\/section>\n<section id=\"main\" class=\"container\">\n<div class=\"pb-container\">\n<div id=\"f0pZOnrRGlnxfr\" class=\"wrapper clearfix col-lg-12 pb-feature pb-layout-item pb-f-homepage-masthead-with-dfp col-md-12 col-sm-12 col-xs-12 no-align\">\n<div id=\"mastnav-wrapper\" class=\"row mastnav hidden-xs\">\n<div id=\"mastnav-container\">\n<div class=\"masthead headerbox\">\n<div id=\"edition-toggle\" class=\"logo-sub-nav\">\n<div class=\"toggle-container\"><\/div>\n<\/div>\n<\/div>\n<\/div>\n<\/div>\n<\/div>\n<\/div>\n<div class=\"pb-container\">\n<div id=\"feXvqs1RGlnxfr\" class=\"wrapper clearfix col-lg-12 pb-feature pb-layout-item pb-f-article-header col-md-12 col-sm-12 col-xs-12 no-align\">\n<div class=\"row\">\n<header class=\"article-header hed-first col-sm-12\"><em><span class=\"subheadline\">&#8220;Ocurri\u00f3 en el hospital municipal de Capilla del Se\u00f1or. El informe indic\u00f3 que Luna Desiree Mendoza perdi\u00f3 la vida a causa de una artritis infecciosa, y no por un ahogamiento con v\u00f3mito, como dec\u00eda el gobierno local. Los m\u00e9dicos que la atendieron podr\u00e1n ser imputados&#8221;.<\/span> <\/em><\/header>\n<\/div>\n<\/div>\n<div id=\"cZWHqH1SGlnxfr\" class=\"col-md-8 col-sm-12 col-xs-12 pb-layout-item pb-chain pb-c-list-chain left-align\">\n<div id=\"f0nTOlwSGlnxfr\" class=\"wrapper clearfix full pb-feature pb-layout-item pb-f-article-body no-align\">\n<div id=\"article-body\" class=\"article-body article-body-elements\">\n<div id=\"article-content\">\n<div class=\"row pb-content-type-image\">\n<figure class=\"element element-image col-xs-12\">\n<div class=\"single-image\">\n<div class=\"shares\">\n<div class=\"share-button facebook\" data-url=\"https:\/\/www.infobae.com\/sociedad\/policiales\/2019\/02\/27\/que-revelo-la-autopsia-de-la-nena-de-5-anos-que-murio-tras-ser-dada-de-alta-tres-veces-en-un-hospital-publico\/%23NEXHINHLS5FFHEFUGQ6P3AL6T4\" data-original=\"https:\/\/s3.amazonaws.com\/arc-wordpress-client-uploads\/infobae-wp\/wp-content\/uploads\/2019\/02\/10200201\/Luna-Mala-Praxis-21.jpg\"><\/div>\n<\/div>\n<p><img decoding=\"async\" id=\"NEXHINHLS5FFHEFUGQ6P3AL6T4\" class=\"image-lazy\" src=\"https:\/\/www.infobae.com\/new-resizer\/oL1UHtcCwy-x9V2o0fo6nCNQ5U4=\/750x0\/filters:quality(100)\/s3.amazonaws.com\/arc-wordpress-client-uploads\/infobae-wp\/wp-content\/uploads\/2019\/02\/10200201\/Luna-Mala-Praxis-21.jpg\" alt=\"Luna Desiree Mendoza ten\u00eda 5 a\u00f1os\" width=\"750\" height=\"422.32142857142856\" data-url=\"https:\/\/www.infobae.com\/sociedad\/policiales\/2019\/02\/27\/que-revelo-la-autopsia-de-la-nena-de-5-anos-que-murio-tras-ser-dada-de-alta-tres-veces-en-un-hospital-publico\/%23NEXHINHLS5FFHEFUGQ6P3AL6T4\" data-original=\"https:\/\/www.infobae.com\/new-resizer\/oL1UHtcCwy-x9V2o0fo6nCNQ5U4=\/750x0\/filters:quality(100)\/s3.amazonaws.com\/arc-wordpress-client-uploads\/infobae-wp\/wp-content\/uploads\/2019\/02\/10200201\/Luna-Mala-Praxis-21.jpg\" \/><\/p>\n<\/div>\n<\/figure>\n<\/div>\n<div class=\"row pb-content-type-text\">\n<div class=\"col-xs-12 col-print-12\">\n<p class=\"element element-paragraph\"><em>&#8220;El misterio sobre la muerte de Luna Desiree Mendoza,<a href=\"https:\/\/www.infobae.com\/sociedad\/policiales\/2019\/02\/10\/denuncian-mala-praxis-en-un-hospital-bonaerense-murio-una-nena-de-5-anos\/\" target=\"_blank\" rel=\"noopener\"> la nena de 5 a\u00f1os que fue dada de alta tres veces en el hospital municipal de Capilla del Se\u00f1or <\/a>y perdi\u00f3 la vida en una cuarta internaci\u00f3n, con una fuerte pol\u00e9mica posterior entre su familia y el gobierno local, parece comenzar a resolverse&#8221;.<\/em><\/p>\n<\/div>\n<\/div>\n<div class=\"row pb-content-type-text\">\n<div class=\"col-xs-12 col-print-12\">\n<p class=\"element element-paragraph\"><em>&#8220;Infobae accedi\u00f3 al primer informe de la autopsia, el cual evidenci\u00f3 que la peque\u00f1a muri\u00f3 a causa de una infecci\u00f3n, <a href=\"https:\/\/www.infobae.com\/sociedad\/policiales\/2019\/02\/11\/denuncia-por-mala-praxis-los-detalles-que-la-familia-de-la-nena-de-cinco-anos-fallecida-pidio-antes-de-la-autopsia\/\" target=\"_blank\" rel=\"noopener\">tal como sospechaba la familia<\/a>. Por ende, los Mendoza podr\u00e1n avanzar en una futura causa por mala praxis contra los m\u00e9dicos que la atendieron y contra el hospital al que acudi\u00f3&#8221;.<\/em><\/p>\n<\/div>\n<\/div>\n<div class=\"row pb-content-type-text\">\n<div class=\"col-xs-12 col-print-12\">\n<p class=\"element element-paragraph\"><em>&#8220;El informe revel\u00f3 que la ni\u00f1a muri\u00f3 a causa de una artritis s\u00e9ptica aguda (ASA) en su cadera izquierda,una artritis producida por la infecci\u00f3n de una bacteria que, si no es detectada y tratada con rapidez, puede ocasionar un desenlace fatal, tal como fue el caso de Luna Desiree&#8221;.<\/em><\/p>\n<\/div>\n<\/div>\n<div class=\"row pb-content-type-text\">\n<div class=\"col-xs-12 col-print-12\">\n<p class=\"element element-paragraph\"><em>&#8220;La autopsia,\u00a0encabezada por el m\u00e9dico Roberto Espinosa, jefe de la divisi\u00f3n del Cuerpo M\u00e9dico de la Delegaci\u00f3n Departamental de la Polic\u00eda Cient\u00edfica de Z\u00e1rate-Campana, resolvi\u00f3 que Mendoza perdi\u00f3 la vida a causa de una &#8220;falla multiorg\u00e1nica, por sepsis a punto de partida de artritis s\u00e9ptica aguda de cadera&#8221;.<\/em><\/p>\n<\/div>\n<\/div>\n<div class=\"row pb-content-type-image\">\n<figure class=\"element element-image col-xs-12\">\n<div class=\"single-image\">\n<div class=\"shares\">\n<div class=\"share-button facebook\" data-url=\"https:\/\/www.infobae.com\/sociedad\/policiales\/2019\/02\/27\/que-revelo-la-autopsia-de-la-nena-de-5-anos-que-murio-tras-ser-dada-de-alta-tres-veces-en-un-hospital-publico\/%23YVTUFB2LNZGJHIKGBEGPQV23YY\" data-original=\"https:\/\/s3.amazonaws.com\/arc-wordpress-client-uploads\/infobae-wp\/wp-content\/uploads\/2019\/02\/27103618\/informe-autopsia-muerte-Luna-Desiree-Mendoza-marca-SF-7.jpg\"><\/div>\n<\/div>\n<p><img decoding=\"async\" id=\"YVTUFB2LNZGJHIKGBEGPQV23YY\" class=\"image-lazy\" src=\"https:\/\/www.infobae.com\/new-resizer\/0Ho4yiUAGnsEbQJl3D2-rF1G5cI=\/750x0\/filters:quality(100)\/s3.amazonaws.com\/arc-wordpress-client-uploads\/infobae-wp\/wp-content\/uploads\/2019\/02\/27103618\/informe-autopsia-muerte-Luna-Desiree-Mendoza-marca-SF-7.jpg\" alt=\"Las conclusiones del m\u00e9dico responsable de la autopsia de Luna Desiree Mendoza\" width=\"750\" height=\"1198.1279251170047\" data-url=\"https:\/\/www.infobae.com\/sociedad\/policiales\/2019\/02\/27\/que-revelo-la-autopsia-de-la-nena-de-5-anos-que-murio-tras-ser-dada-de-alta-tres-veces-en-un-hospital-publico\/%23YVTUFB2LNZGJHIKGBEGPQV23YY\" data-original=\"https:\/\/www.infobae.com\/new-resizer\/0Ho4yiUAGnsEbQJl3D2-rF1G5cI=\/750x0\/filters:quality(100)\/s3.amazonaws.com\/arc-wordpress-client-uploads\/infobae-wp\/wp-content\/uploads\/2019\/02\/27103618\/informe-autopsia-muerte-Luna-Desiree-Mendoza-marca-SF-7.jpg\" \/><\/p>\n<\/div><figcaption class=\"\"><span class=\"credit\">Las conclusiones del m\u00e9dico responsable de la autopsia de Luna Desiree Mendoza<\/span><\/figcaption><\/figure>\n<\/div>\n<div class=\"row pb-content-type-text\">\n<div class=\"col-xs-12 col-print-12\">\n<p class=\"element element-paragraph\"><em>&#8220;La fiscal\u00eda descentralizada de Exaltaci\u00f3n de la Cruz a cargo de Al\u00ed Ahuad, todav\u00eda no defini\u00f3 los pasos a seguir contra los responsables, por la supuesta impericia en la atenci\u00f3n m\u00e9dica a la ni\u00f1a. En principio, se esperar\u00e1 el informe final del Departamento Forense de La Plata para definir las imputaciones&#8221;.<\/em><\/p>\n<\/div>\n<\/div>\n<div class=\"row pb-content-type-text\">\n<div class=\"col-xs-12 col-print-12\">\n<p class=\"element element-paragraph\">&#8220;A los tres m\u00e9dicos que atendieron a Luna les podr\u00e1 caber el delito contemplado en el art\u00edculo 84 del C\u00f3digo Penal, <strong>&#8220;imprudencia, negligencia o impericia&#8221;, cuya sanci\u00f3n prev\u00e9 una pena de entre 2 y 5 a\u00f1os de prisi\u00f3n<\/strong> y una inhabilitaci\u00f3n para ejercer la medicina de entre 5 y 10 a\u00f1os&#8221;.<\/p>\n<\/div>\n<\/div>\n<div class=\"row pb-content-type-text\">\n<div class=\"col-xs-12 col-print-12\"><\/div>\n<\/div>\n<\/div>\n<p>Fuente: <a class=\"author-name\" href=\"https:\/\/www.infobae.com\/autor\/joaquin-cavanna\/\" rel=\"author\">Infobae.com<\/a><\/p>\n<\/div>\n<\/div>\n<\/div>\n<\/div>\n<\/section>\n","protected":false},"excerpt":{"rendered":"<p>LA NI\u00d1A FALLECIDA.<\/p>\n","protected":false},"author":3,"featured_media":1831,"comment_status":"open","ping_status":"open","sticky":false,"template":"","format":"standard","meta":{"footnotes":"","jetpack_publicize_message":"","jetpack_publicize_feature_enabled":true,"jetpack_social_post_already_shared":false,"jetpack_social_options":{"image_generator_settings":{"template":"highway","default_image_id":0,"font":"","enabled":false},"version":2}},"categories":[13],"tags":[133,236],"class_list":["post-1826","post","type-post","status-publish","format-standard","has-post-thumbnail","hentry","category-interes-general","tag-hospital","tag-muerte-de-la-nina"],"jetpack_publicize_connections":[],"jetpack_featured_media_url":"https:\/\/revistaepocadigital.com.ar\/wp-content\/uploads\/2019\/02\/Luna-Mala-Praxis-11.jpg","jetpack_likes_enabled":true,"_links":{"self":[{"href":"https:\/\/revistaepocadigital.com.ar\/index.php?rest_route=\/wp\/v2\/posts\/1826","targetHints":{"allow":["GET"]}}],"collection":[{"href":"https:\/\/revistaepocadigital.com.ar\/index.php?rest_route=\/wp\/v2\/posts"}],"about":[{"href":"https:\/\/revistaepocadigital.com.ar\/index.php?rest_route=\/wp\/v2\/types\/post"}],"author":[{"embeddable":true,"href":"https:\/\/revistaepocadigital.com.ar\/index.php?rest_route=\/wp\/v2\/users\/3"}],"replies":[{"embeddable":true,"href":"https:\/\/revistaepocadigital.com.ar\/index.php?rest_route=%2Fwp%2Fv2%2Fcomments&post=1826"}],"version-history":[{"count":0,"href":"https:\/\/revistaepocadigital.com.ar\/index.php?rest_route=\/wp\/v2\/posts\/1826\/revisions"}],"wp:featuredmedia":[{"embeddable":true,"href":"https:\/\/revistaepocadigital.com.ar\/index.php?rest_route=\/wp\/v2\/media\/1831"}],"wp:attachment":[{"href":"https:\/\/revistaepocadigital.com.ar\/index.php?rest_route=%2Fwp%2Fv2%2Fmedia&parent=1826"}],"wp:term":[{"taxonomy":"category","embeddable":true,"href":"https:\/\/revistaepocadigital.com.ar\/index.php?rest_route=%2Fwp%2Fv2%2Fcategories&post=1826"},{"taxonomy":"post_tag","embeddable":true,"href":"https:\/\/revistaepocadigital.com.ar\/index.php?rest_route=%2Fwp%2Fv2%2Ftags&post=1826"}],"curies":[{"name":"wp","href":"https:\/\/api.w.org\/{rel}","templated":true}]}}