{"id":18292,"date":"2022-10-27T20:34:44","date_gmt":"2022-10-27T23:34:44","guid":{"rendered":"https:\/\/revistaepocadigital.com.ar\/?p=18292"},"modified":"2022-10-28T12:35:31","modified_gmt":"2022-10-28T15:35:31","slug":"peligro-incendios-rurales","status":"publish","type":"post","link":"https:\/\/revistaepocadigital.com.ar\/?p=18292","title":{"rendered":"\u00a1PELIGRO!. INCENDIOS RURALES"},"content":{"rendered":"<p><strong>SE REUNI\u00d3 EL GRUPO DE EMERGENCIA INCENDIOS RURALES.<\/strong><!--more--><\/p>\n<p>El encuentro tuvo lugar en la Sede Capilla de la Sociedad Rural de Exaltaci\u00f3n de la Cruz, Campana y Z\u00e1rate.<\/p>\n<p><img loading=\"lazy\" decoding=\"async\" class=\"aligncenter size-full wp-image-18295\" src=\"https:\/\/revistaepocadigital.com.ar\/wp-content\/uploads\/2022\/10\/inv-1.jpg\" alt=\"\" width=\"521\" height=\"521\" srcset=\"https:\/\/revistaepocadigital.com.ar\/wp-content\/uploads\/2022\/10\/inv-1.jpg 521w, https:\/\/revistaepocadigital.com.ar\/wp-content\/uploads\/2022\/10\/inv-1-300x300.jpg 300w, https:\/\/revistaepocadigital.com.ar\/wp-content\/uploads\/2022\/10\/inv-1-150x150.jpg 150w, https:\/\/revistaepocadigital.com.ar\/wp-content\/uploads\/2022\/10\/inv-1-420x420.jpg 420w\" sizes=\"auto, (max-width: 521px) 100vw, 521px\" \/><\/p>\n<p>Desde la entidad ruralista manifestaron, <em>&#8220;convocamos al Municipio, Bomberos Voluntarios de Exaltaci\u00f3n de la Cruz <\/em>(representada por el presidente de la Asociaci\u00f3n, Angel S\u00e1nchez) <em>y Comando de Prevenci\u00f3n Rural, para coordinar medidas contra posibles y severos incendios rurales, en virtud a lasequ\u00eda hist\u00f3rica y ante el pr\u00f3ximo inicio del verano&#8221;.<\/em><\/p>\n","protected":false},"excerpt":{"rendered":"<p>SE REUNI\u00d3 EL GRUPO DE EMERGENCIA INCENDIOS RURALES.<\/p>\n","protected":false},"author":3,"featured_media":18294,"comment_status":"open","ping_status":"open","sticky":false,"template":"","format":"standard","meta":{"footnotes":"","jetpack_publicize_message":"","jetpack_publicize_feature_enabled":true,"jetpack_social_post_already_shared":false,"jetpack_social_options":{"image_generator_settings":{"template":"highway","default_image_id":0,"font":"","enabled":false},"version":2}},"categories":[13],"tags":[955,501],"class_list":["post-18292","post","type-post","status-publish","format-standard","has-post-thumbnail","hentry","category-interes-general","tag-incendios","tag-rural"],"jetpack_publicize_connections":[],"jetpack_featured_media_url":"https:\/\/revistaepocadigital.com.ar\/wp-content\/uploads\/2022\/10\/inv11.jpg","jetpack_likes_enabled":true,"_links":{"self":[{"href":"https:\/\/revistaepocadigital.com.ar\/index.php?rest_route=\/wp\/v2\/posts\/18292","targetHints":{"allow":["GET"]}}],"collection":[{"href":"https:\/\/revistaepocadigital.com.ar\/index.php?rest_route=\/wp\/v2\/posts"}],"about":[{"href":"https:\/\/revistaepocadigital.com.ar\/index.php?rest_route=\/wp\/v2\/types\/post"}],"author":[{"embeddable":true,"href":"https:\/\/revistaepocadigital.com.ar\/index.php?rest_route=\/wp\/v2\/users\/3"}],"replies":[{"embeddable":true,"href":"https:\/\/revistaepocadigital.com.ar\/index.php?rest_route=%2Fwp%2Fv2%2Fcomments&post=18292"}],"version-history":[{"count":0,"href":"https:\/\/revistaepocadigital.com.ar\/index.php?rest_route=\/wp\/v2\/posts\/18292\/revisions"}],"wp:featuredmedia":[{"embeddable":true,"href":"https:\/\/revistaepocadigital.com.ar\/index.php?rest_route=\/wp\/v2\/media\/18294"}],"wp:attachment":[{"href":"https:\/\/revistaepocadigital.com.ar\/index.php?rest_route=%2Fwp%2Fv2%2Fmedia&parent=18292"}],"wp:term":[{"taxonomy":"category","embeddable":true,"href":"https:\/\/revistaepocadigital.com.ar\/index.php?rest_route=%2Fwp%2Fv2%2Fcategories&post=18292"},{"taxonomy":"post_tag","embeddable":true,"href":"https:\/\/revistaepocadigital.com.ar\/index.php?rest_route=%2Fwp%2Fv2%2Ftags&post=18292"}],"curies":[{"name":"wp","href":"https:\/\/api.w.org\/{rel}","templated":true}]}}