{"id":18299,"date":"2022-10-24T01:46:33","date_gmt":"2022-10-24T04:46:33","guid":{"rendered":"https:\/\/revistaepocadigital.com.ar\/?p=18299"},"modified":"2022-10-24T01:46:33","modified_gmt":"2022-10-24T04:46:33","slug":"mas-cerca-del-fin-de-la-calvicie-cultivaron-una-fuente-inagotable-de-pelo","status":"publish","type":"post","link":"https:\/\/revistaepocadigital.com.ar\/?p=18299","title":{"rendered":"M\u00e1s cerca del fin de la calvicie: cultivaron una fuente inagotable de pelo"},"content":{"rendered":"<section class=\"article-section page-container\">\n<header class=\"article-header-wrapper\">\n<div class=\"article-header\">\n<h5 class=\"article-subheadline\"><strong>UN ESTUDIO.<\/strong><\/h5>\n<h5 class=\"article-subheadline\">De la Universidad Yokohama de Jap\u00f3n, demostr\u00f3 que se pueden fabricar fol\u00edculos pilosos maduros de rat\u00f3n. Por qu\u00e9 ya no ser\u00eda necesario extirpar el cabello de una zona para reimplantarlo en otra y solo bastar\u00e1 con hacerlo crecer in vitro. Los detalles en la nota publicada por Infobae.com<\/h5>\n<p><img loading=\"lazy\" decoding=\"async\" class=\"\" src=\"https:\/\/cloudfront-us-east-1.images.arcpublishing.com\/infobae\/ELELI3WO4FBATP6OZZWDAYB6Y4.jpg\" sizes=\"auto, (min-width: 800px) 50vw, 90vw\" srcset=\"https:\/\/www.infobae.com\/new-resizer\/VU1VO3-bwYFnW37X2RcbhwIIx4U=\/420x236\/filters:format(webp):quality(85)\/cloudfront-us-east-1.images.arcpublishing.com\/infobae\/ELELI3WO4FBATP6OZZWDAYB6Y4.jpg 420w,https:\/\/www.infobae.com\/new-resizer\/vdQv8DmOukDj50xxvyHw-fpl1tw=\/768x432\/filters:format(webp):quality(85)\/cloudfront-us-east-1.images.arcpublishing.com\/infobae\/ELELI3WO4FBATP6OZZWDAYB6Y4.jpg 768w,https:\/\/www.infobae.com\/new-resizer\/0U7XxNMZhm6-1i_dvzq1LUsp03I=\/992x558\/filters:format(webp):quality(85)\/cloudfront-us-east-1.images.arcpublishing.com\/infobae\/ELELI3WO4FBATP6OZZWDAYB6Y4.jpg 992w,https:\/\/www.infobae.com\/new-resizer\/_vEPGiu9sqOXjJh-4HeX0SU6PCo=\/1200x675\/filters:format(webp):quality(85)\/cloudfront-us-east-1.images.arcpublishing.com\/infobae\/ELELI3WO4FBATP6OZZWDAYB6Y4.jpg 1200w,https:\/\/www.infobae.com\/new-resizer\/UEhbqbI1LKoHzLdPDqvFLTAncfc=\/1440x810\/filters:format(webp):quality(85)\/cloudfront-us-east-1.images.arcpublishing.com\/infobae\/ELELI3WO4FBATP6OZZWDAYB6Y4.jpg 1440w\" alt=\"Para muchos hombres, quedarse pelados, es un tema que los acompleja. Hoy la ciencia estudia y suma posible nuevas alternativas para que esto no suceda\" width=\"1920\" height=\"1080\" \/><\/p>\n<\/div>\n<\/header>\n<article class=\"article\">\n<div class=\"nd-body-article\">\n<div class=\"visual__image\">Para muchos hombres, quedarse pelados, es un tema que los acompleja. Hoy la ciencia estudia y suma posible nuevas alternativas para que esto no suceda<\/div>\n<p class=\"paragraph\">Quedarse\u00a0<b>sin pelo<\/b>\u00a0es una cuesti\u00f3n que toca de cerca a muchos\u00a0<b>hombres y algunas mujeres.<\/b>\u00a0Se trata, sin dudas, de un\u00a0<b>problema est\u00e9tico\u00a0<\/b>para muchos. Y la ciencia avanza dando algunas\u00a0<b>soluciones<\/b>, como los<b>\u00a0injertos de pelo\u00a0<\/b>que tienen buenos resultados. Sin embargo, hay un escal\u00f3n m\u00e1s ahora para quienes sufren\u00a0<b>alopecia.<\/b><\/p>\n<p class=\"paragraph\">Ahora cient\u00edficos de la<b>\u00a0Universidad Yokohama<\/b>, en<b>\u00a0Jap\u00f3n<\/b>, buscan obtener en el laboratorio una\u00a0<b>fuente inagotable de cabello. La novedad es que,<\/b>\u00a0por primera vez, se han obtenido<b>\u00a0fol\u00edculos pilosos<\/b>\u00a0maduros<b>\u00a0\u2018in vitro\u2019,<\/b>\u00a0un avance que despejar\u00eda uno de los principales problemas de los ya conocidos\u00a0<b>injertos de pelo.<\/b>\u00a0Con este avance se puede llegar a tener\u00a0<b>suficiente grosor y calidad<\/b>\u00a0para repoblar\u00a0<b>las cabezas calvas.\u00a0<\/b>La clave de la cuesti\u00f3n es que si no se tiene una buena zona donante de donde extraer pelo a pelo, el cabello que se va a injertar, el trasplante capilar fracasa.<\/p>\n<div class=\"inline ad-wrapper\">\n<div class=\"dfpAd display_inline_block ad_margin_wrapper\">\n<div id=\"america\/tendencias\/nota\/inline\" class=\"america\/tendencias\/nota\/inline arcad\" data-google-query-id=\"COiw3vKF-PoCFV0luQYdzq4AcQ\">\n<div id=\"google_ads_iframe_\/1058609\/america\/tendencias\/nota\/inline_0__container__\"><iframe id=\"google_ads_iframe_\/1058609\/america\/tendencias\/nota\/inline_0\" tabindex=\"0\" title=\"3rd party ad content\" role=\"region\" name=\"google_ads_iframe_\/1058609\/america\/tendencias\/nota\/inline_0\" width=\"640\" height=\"480\" frameborder=\"0\" marginwidth=\"0\" marginheight=\"0\" scrolling=\"no\" aria-label=\"Advertisement\" data-load-complete=\"true\" data-google-container-id=\"4\" data-mce-fragment=\"1\"><\/iframe><\/div>\n<\/div>\n<\/div>\n<\/div>\n<p class=\"paragraph\">Los investigadores de la universidad japonesa han demostrado que ese es un problema no tan complejo de sortear con<b>\u00a0la fabricaci\u00f3n \u2018in vitro\u2019<\/b>\u00a0de fol\u00edculos pilosos\u00a0<b>a partir de c\u00e9lulas de la piel de ratones<\/b>, seg\u00fan detallan en la revista<a href=\"https:\/\/www.science.org\/journal\/sciadv\" target=\"_blank\" rel=\"noopener\">\u00a0<b>Science Advances.<\/b><\/a><\/p>\n<div class=\"visual__image\">Cient\u00edficos de la Universidad Yokohama, en Jap\u00f3n, buscan obtener en el laboratorio una fuente inagotable de cabello. Lo han probado en roedores y conf\u00edan en los resultados para los humanos<\/div>\n<p class=\"paragraph\">Para ello, cultivaron las c\u00e9lulas en un tipo especial de gel que permiti\u00f3 reprogramar las c\u00e9lulas y crear los fol\u00edculos, es decir el cabello en su totalidad. Los fol\u00edculos pilosos<b>\u00a0crecieron durante un mes<\/b>, alcanzando hasta\u00a0<b>3 mil\u00edmetros de largo de pelo de roedor.<\/b><\/p>\n<div class=\"text-element\"><a href=\"https:\/\/www.infobae.com\/noticias\/2022\/10\/19\/caida-del-cabello-cuales-son-las-causas-como-prevenirlo-y-que-tratamientos-hay-para-combatirla\/\" target=\"_blank\" rel=\"noopener\"><i>Te puede interesar: Ca\u00edda del cabello: cu\u00e1les son las causas, c\u00f3mo prevenirlo y qu\u00e9 tratamientos hay para combatirla<\/i><\/a><\/div>\n<p class=\"paragraph\">La nueva estrategia que sigui\u00f3 el equipo de la Universidad de Yokoham<b>a permiti\u00f3 generar fol\u00edculos pilosos y tallos pilosos con una eficiencia total.\u00a0<\/b>De su estudio, surgieron cabellos de aproximadamente\u00a0<b>3 mm de longitud en 23 d\u00edas de cultivo<\/b>.<\/p>\n<h4 class=\"header\">Revolucionar el tratamiento de la alopecia<\/h4>\n<div class=\"visual__image\"><img loading=\"lazy\" decoding=\"async\" class=\"\" src=\"https:\/\/arc-anglerfish-arc2-prod-infobae.s3.amazonaws.com\/public\/L2OYNE7TFBCJBE4SDXPJSCGAXY\" sizes=\"auto, (min-width: 800px) 50vw, 90vw\" srcset=\"https:\/\/www.infobae.com\/new-resizer\/xykvlsrK5fcChqFumtnn0Qu-INw=\/420x236\/filters:format(webp):quality(85)\/arc-anglerfish-arc2-prod-infobae.s3.amazonaws.com\/public\/L2OYNE7TFBCJBE4SDXPJSCGAXY 420w,https:\/\/www.infobae.com\/new-resizer\/tSam1NIEzRvkSLbdupC4e3ZNEZM=\/768x432\/filters:format(webp):quality(85)\/arc-anglerfish-arc2-prod-infobae.s3.amazonaws.com\/public\/L2OYNE7TFBCJBE4SDXPJSCGAXY 768w,https:\/\/www.infobae.com\/new-resizer\/Dxbu6fFMOytQ1L1tPvNcbPtg4ZA=\/992x558\/filters:format(webp):quality(85)\/arc-anglerfish-arc2-prod-infobae.s3.amazonaws.com\/public\/L2OYNE7TFBCJBE4SDXPJSCGAXY 992w,https:\/\/www.infobae.com\/new-resizer\/MeLJWRLZ_Yq2L67eBXpmdMEYbOI=\/1200x675\/filters:format(webp):quality(85)\/arc-anglerfish-arc2-prod-infobae.s3.amazonaws.com\/public\/L2OYNE7TFBCJBE4SDXPJSCGAXY 1200w,https:\/\/www.infobae.com\/new-resizer\/KNG25eeVs9ZJqQzGV3IsiqB7ywI=\/1440x810\/filters:format(webp):quality(85)\/arc-anglerfish-arc2-prod-infobae.s3.amazonaws.com\/public\/L2OYNE7TFBCJBE4SDXPJSCGAXY 1440w\" alt=\"Otra ventaja de esta investigaci\u00f3n es que permitir\u00e1 hacer injertos que sean menos agresivos para la persona\" width=\"1170\" height=\"658\" \/>Otra ventaja de esta investigaci\u00f3n es que permitir\u00e1 hacer injertos que sean menos agresivos para la persona<\/div>\n<p class=\"paragraph\">Hasta el momento solo se ha hecho en ratones. Sin embargo los investigadores piensan que<b>\u00a0es muy posible reproducir el mismo resultado<\/b>\u00a0con cabello\u00a0<b>humano. \u201cEsto es un sue\u00f1o para cualquiera de los que nos dedicamos al trasplante capilar\u201d<\/b>, afirm\u00f3 el dermat\u00f3logo, Eduardo L\u00f3pez-Bran.<\/p>\n<p class=\"paragraph\">Aunque es consciente de que a\u00fan queda un largo camino hasta la cl\u00ednica, \u201cse abre la posibilidad de resolver las limitaciones del trasplante aut\u00f3logo de pelo\u201d, explic\u00f3. Otra ventaja es que permitir\u00e1 hacer injertos que sean menos agresivos para la persona. \u201cEliminar\u00edamos el proceso quir\u00fargico de extracci\u00f3n. Es f\u00e1cil que en un implante hagamos<b>\u00a06.000 incisiones<\/b>:<b>\u00a03.000 para extraer el pelo y otras tantas para injertarlas.<\/b>\u00a0Con esta f\u00f3rmula nos ahorrar\u00edamos la mitad\u201d, sostuvo L\u00f3pez-Bran.<\/p>\n<p class=\"paragraph\">No es la primera vez que la medicina regenerativa obra el \u2018milagro\u2019 de fabricar \u00f3rganos en el laboratorio a partir de c\u00e9lulas. A partir de la c\u00e9lulas adultas, se han fabricado corazones, pulmones, partes de un intestino y hasta minicerebros. Reproducir una estructura m\u00e1s sencilla, como parece el fol\u00edculo capilar, no se hab\u00eda logrado a\u00fan.<\/p>\n<div class=\"visual__image\"><img loading=\"lazy\" decoding=\"async\" class=\"\" src=\"https:\/\/cloudfront-us-east-1.images.arcpublishing.com\/infobae\/DLDTHSPV5ZE3HA5IXMF3QRHW4Q.jpg\" sizes=\"auto, (min-width: 800px) 50vw, 90vw\" srcset=\"https:\/\/www.infobae.com\/new-resizer\/0G9IzBgTYlOVTpWSo5Wp2sm_1fs=\/420x236\/filters:format(webp):quality(85)\/cloudfront-us-east-1.images.arcpublishing.com\/infobae\/DLDTHSPV5ZE3HA5IXMF3QRHW4Q.jpg 420w,https:\/\/www.infobae.com\/new-resizer\/31wHrdlyrqdPc8RVNLYrENtA4EA=\/768x432\/filters:format(webp):quality(85)\/cloudfront-us-east-1.images.arcpublishing.com\/infobae\/DLDTHSPV5ZE3HA5IXMF3QRHW4Q.jpg 768w,https:\/\/www.infobae.com\/new-resizer\/X6mTvIy9S86fxhcCWSQs3oW6iLc=\/992x558\/filters:format(webp):quality(85)\/cloudfront-us-east-1.images.arcpublishing.com\/infobae\/DLDTHSPV5ZE3HA5IXMF3QRHW4Q.jpg 992w,https:\/\/www.infobae.com\/new-resizer\/q5tSTVWqul0ZNqoJ--ZtgloFd5E=\/1200x675\/filters:format(webp):quality(85)\/cloudfront-us-east-1.images.arcpublishing.com\/infobae\/DLDTHSPV5ZE3HA5IXMF3QRHW4Q.jpg 1200w,https:\/\/www.infobae.com\/new-resizer\/_j8P07MlSSTwdabBxSUmHOa0eJc=\/1440x810\/filters:format(webp):quality(85)\/cloudfront-us-east-1.images.arcpublishing.com\/infobae\/DLDTHSPV5ZE3HA5IXMF3QRHW4Q.jpg 1440w\" alt=\"\u201cNuestro pr\u00f3ximo paso es usar c\u00e9lulas de origen humano y aplicar este conocimiento en el desarrollo de f\u00e1rmacos y la medicina regenerativa\u00bb, explic\u00f3 Junji Fukuda, profesor de la Facultad de ingenier\u00eda de la Universidad Nacional de Yokohama\n(iStock)\" width=\"1920\" height=\"1079\" \/>\u201cNuestro pr\u00f3ximo paso es usar c\u00e9lulas de origen humano y aplicar este conocimiento en el desarrollo de f\u00e1rmacos y la medicina regenerativa\u00bb, explic\u00f3 Junji Fukuda, profesor de la Facultad de ingenier\u00eda de la Universidad Nacional de Yokohama (iStock)<\/div>\n<p class=\"paragraph\">El fol\u00edculo piloso es una estructura muy compleja donde nace el pelo. Alojado en la dermis, permite el crecimiento del cabello, gracias entre otras, a la concentraci\u00f3n de c\u00e9lulas madre. En su formaci\u00f3n desde el estado embrionario se producen interacciones entre la capa m\u00e1s externa de la piel y el tejido conectivo, un di\u00e1logo complejo que no se hab\u00eda descifrado bien.<\/p>\n<div class=\"text-element\"><a href=\"https:\/\/www.infobae.com\/salud\/2022\/10\/11\/por-que-cae-el-pelo-despues-del-covid-y-que-hacer-para-evitarlo\/\" target=\"_blank\" rel=\"noopener\"><i>Te puede interesar: Por qu\u00e9 se cae el pelo despu\u00e9s del COVID y qu\u00e9 hacer para evitarlo<\/i><\/a><\/div>\n<p class=\"paragraph\">\u201cNuestro pr\u00f3ximo paso es usar c\u00e9lulas de origen humano y aplicar este conocimiento en el desarrollo de f\u00e1rmacos y la medicina regenerativa\u00bb, explic\u00f3 Junji Fukuda, profesor de la Facultad de ingenier\u00eda de la Universidad Nacional de Yokohama, en relaci\u00f3n a las nuevas investigaciones futuras que podr\u00edan, eventualmente, abrir nuevas v\u00edas de investigaci\u00f3n para el desarrollo de\u00a0<b>estrategias de tratamiento<\/b>\u00a0para los trastornos de p\u00e9rdida de cabello, como la alopecia androg\u00e9nica.<\/p>\n<h4 class=\"header\">Qu\u00e9 es la alopecia y qu\u00e9 t\u00e9cnicas hay para evitarla<\/h4>\n<div class=\"visual__image\"><img loading=\"lazy\" decoding=\"async\" class=\"\" src=\"https:\/\/cloudfront-us-east-1.images.arcpublishing.com\/infobae\/FJLEI5S4W5DC3GY5I6ZQ3LRJR4.jpg\" sizes=\"auto, (min-width: 800px) 50vw, 90vw\" srcset=\"https:\/\/www.infobae.com\/new-resizer\/teDkJVuafS2Rt6Kueg-6vqODoHE=\/420x236\/filters:format(webp):quality(85)\/cloudfront-us-east-1.images.arcpublishing.com\/infobae\/FJLEI5S4W5DC3GY5I6ZQ3LRJR4.jpg 420w,https:\/\/www.infobae.com\/new-resizer\/yAh9DdgtTIQHDnePqCXG5-oZJ_0=\/768x432\/filters:format(webp):quality(85)\/cloudfront-us-east-1.images.arcpublishing.com\/infobae\/FJLEI5S4W5DC3GY5I6ZQ3LRJR4.jpg 768w,https:\/\/www.infobae.com\/new-resizer\/KipBUuDfQzv7DH95jsB5QRNGQgg=\/992x558\/filters:format(webp):quality(85)\/cloudfront-us-east-1.images.arcpublishing.com\/infobae\/FJLEI5S4W5DC3GY5I6ZQ3LRJR4.jpg 992w,https:\/\/www.infobae.com\/new-resizer\/6SFoRoQBhs_fNGO-tqxJ8i5G488=\/1200x675\/filters:format(webp):quality(85)\/cloudfront-us-east-1.images.arcpublishing.com\/infobae\/FJLEI5S4W5DC3GY5I6ZQ3LRJR4.jpg 1200w,https:\/\/www.infobae.com\/new-resizer\/Kladk3grvek8N2LK_b6_j2FQIzE=\/1440x810\/filters:format(webp):quality(85)\/cloudfront-us-east-1.images.arcpublishing.com\/infobae\/FJLEI5S4W5DC3GY5I6ZQ3LRJR4.jpg 1440w\" alt=\"Si bien no sucede en la misma cantidad, la alopecia tambi\u00e9n es sufrida por las mujeres\" width=\"1920\" height=\"1080\" \/>Si bien no sucede en la misma cantidad, la alopecia tambi\u00e9n es sufrida por las mujeres<\/div>\n<p class=\"paragraph\">La\u00a0<b>m\u00e9dica dermat\u00f3loga Cecilia Navarro Tuculet,<\/b>\u00a0coordinadora de la secci\u00f3n\u00a0<b>Tricolog\u00eda del Hospital Italiano de Buenos Aires<\/b>, explic\u00f3\u00a0<a href=\"https:\/\/www.infobae.com\/salud\/2020\/03\/11\/que-es-la-alopecia-que-la-provoca-y-como-evitarla\/\" target=\"_blank\" rel=\"noopener\">en una nota reciente con\u00a0<b>Infobae<\/b><\/a><b>:<\/b>\u00a0\u201cExiste una ca\u00edda de cabello diaria normal y esperable.<b>\u00a0Todos los d\u00edas perdemos entre 25 y 70 pelos, ya que los fol\u00edculos que componen el cabello crecen y se renuevan cumpliendo ciclos asincr\u00f3nicos<\/b>\u201d.<\/p>\n<p class=\"paragraph\">Las<b>\u00a0alopecias<\/b>, es decir, falta de cabello, se pueden dividir en dos grandes grupos:<b>\u00a0las alopecias cicatrizales y las que no lo son, las m\u00e1s frecuentes.<\/b>\u00a0Navarro especific\u00f3: \u201cDe las cicatrizales s\u00f3lo mencionaremos que el pelo que se pierde, no se recupera y por esta raz\u00f3n por la cual es de vital importancia consultar a un especialista para un diagn\u00f3stico temprano y tratamiento adecuado\u201d.<\/p>\n<p class=\"paragraph\">Respecto a lo que provoca esta afecci\u00f3n, la dermat\u00f3loga se refiri\u00f3: \u201cSe puede nombrar una larga lista de causas de ca\u00edda del cabello. Las alopecias no cicatrizales m\u00e1s frecuentes son el efluvio tel\u00f3geno, que produce generalmente una\u00a0<b>p\u00e9rdida reversible, y la alopecia androgen\u00e9tica o calvicie com\u00fan, tanto masculina como femenina<\/b>\u201d.<\/p>\n<div class=\"visual__image\"><img loading=\"lazy\" decoding=\"async\" class=\"\" src=\"https:\/\/cloudfront-us-east-1.images.arcpublishing.com\/infobae\/6XDZ3J5F7RGDDJSSO43IXHJGPM.jpg\" sizes=\"auto, (min-width: 800px) 50vw, 90vw\" srcset=\"https:\/\/www.infobae.com\/new-resizer\/sF9lkBrfV09xGREefgq73fpPRGQ=\/420x236\/filters:format(webp):quality(85)\/cloudfront-us-east-1.images.arcpublishing.com\/infobae\/6XDZ3J5F7RGDDJSSO43IXHJGPM.jpg 420w,https:\/\/www.infobae.com\/new-resizer\/Cz-2K6BBNxRGTtjq8dMR85bHys8=\/768x432\/filters:format(webp):quality(85)\/cloudfront-us-east-1.images.arcpublishing.com\/infobae\/6XDZ3J5F7RGDDJSSO43IXHJGPM.jpg 768w,https:\/\/www.infobae.com\/new-resizer\/KDDFJkt-7uQ3FhgfQ88jcUENgkU=\/992x558\/filters:format(webp):quality(85)\/cloudfront-us-east-1.images.arcpublishing.com\/infobae\/6XDZ3J5F7RGDDJSSO43IXHJGPM.jpg 992w,https:\/\/www.infobae.com\/new-resizer\/xxRFQhCv4Vac5DALFJEL4kNz_1E=\/1200x675\/filters:format(webp):quality(85)\/cloudfront-us-east-1.images.arcpublishing.com\/infobae\/6XDZ3J5F7RGDDJSSO43IXHJGPM.jpg 1200w,https:\/\/www.infobae.com\/new-resizer\/xSiUPtKrLCWjx9PzMtR1o35BIec=\/1440x810\/filters:format(webp):quality(85)\/cloudfront-us-east-1.images.arcpublishing.com\/infobae\/6XDZ3J5F7RGDDJSSO43IXHJGPM.jpg 1440w\" alt=\"Las alopecias, es decir, falta de cabello, se pueden dividir en dos grandes grupos: las alopecias cicatrizales y las que no lo son, las m\u00e1s frecuentes\" width=\"1920\" height=\"1080\" \/>Las alopecias, es decir, falta de cabello, se pueden dividir en dos grandes grupos: las alopecias cicatrizales y las que no lo son, las m\u00e1s frecuentes<\/div>\n<p class=\"paragraph\"><b>\u00bfQu\u00e9 es el efluvio tel\u00f3genotel\u00f3geno?\u00a0<\/b>Es un aumento de la p\u00e9rdida de cabello en fase tel\u00f3gena y puede ser secundaria a una gran cantidad de factores desencadenantes que el m\u00e9dico debe pesquisar.\u00a0<b>Las causas m\u00e1s frecuentes son: alteraci\u00f3n de las hormonas tiroideas, falta de dep\u00f3sitos de hierro suficientes o anemia de otro origen, medicaci\u00f3n, cirug\u00edas, parto, situaciones de gran estr\u00e9s f\u00edsico o ps\u00edquico<\/b>, enfermedades febriles o traumatismos, p\u00e9rdida de peso, entre otras. En estos casos, la cantidad de pelo que se cae puede ser contundente, pero se recupera en 6 a 12 meses, siempre es ideal un chequeo m\u00e9dico para evaluar posibles deficiencias. Es una situaci\u00f3n reversible, que excepcionalmente puede volverse cr\u00f3nica.<\/p>\n<p class=\"paragraph\"><b>La alopecia androgen\u00e9tica o calvicie com\u00fan<\/b><\/p>\n<p class=\"paragraph\">Afecta alrededor del 50% de los hombres y entre el 10 y el 30% de las mujeres, en especial despu\u00e9s de los 50 a\u00f1os de edad, pudi\u00e9ndose presentar en gente joven en menor medida. Depende de factores hereditarios (pacientes gen\u00e9ticamente predispuestos) y hormonas masculinas (andr\u00f3genos). Su frecuencia e intensidad aumentan con la edad, constituye uno de los motivos m\u00e1s frecuentes de consulta m\u00e9dica y preocupa a pacientes de todas las edades, tanto varones como mujeres.<\/p>\n<h4 class=\"header\">\u00bfUna sustancia que controla la vida y la muerte de los fol\u00edculos pilosos?<\/h4>\n<div class=\"visual__image\"><img loading=\"lazy\" decoding=\"async\" class=\"\" src=\"https:\/\/cloudfront-us-east-1.images.arcpublishing.com\/infobae\/7VN3PHITU5B6HLRH4PGDKXKLYU.jpg\" sizes=\"auto, (min-width: 800px) 50vw, 90vw\" srcset=\"https:\/\/www.infobae.com\/new-resizer\/dMxc_l3ubkXz5Q3VMG1tE6breZs=\/420x280\/filters:format(webp):quality(85)\/cloudfront-us-east-1.images.arcpublishing.com\/infobae\/7VN3PHITU5B6HLRH4PGDKXKLYU.jpg 420w,https:\/\/www.infobae.com\/new-resizer\/MOX4JACH17hVuI1BZ49DK7te6R0=\/768x512\/filters:format(webp):quality(85)\/cloudfront-us-east-1.images.arcpublishing.com\/infobae\/7VN3PHITU5B6HLRH4PGDKXKLYU.jpg 768w,https:\/\/www.infobae.com\/new-resizer\/7XqfBOpPqvUlpwUWgvqONFj-Mik=\/992x661\/filters:format(webp):quality(85)\/cloudfront-us-east-1.images.arcpublishing.com\/infobae\/7VN3PHITU5B6HLRH4PGDKXKLYU.jpg 992w,https:\/\/www.infobae.com\/new-resizer\/9hJr4nZ9pafnOADuQZEuua96Ovs=\/1200x800\/filters:format(webp):quality(85)\/cloudfront-us-east-1.images.arcpublishing.com\/infobae\/7VN3PHITU5B6HLRH4PGDKXKLYU.jpg 1200w,https:\/\/www.infobae.com\/new-resizer\/xTubDnjkR64-5FKa44vYWQ9QRJo=\/1440x960\/filters:format(webp):quality(85)\/cloudfront-us-east-1.images.arcpublishing.com\/infobae\/7VN3PHITU5B6HLRH4PGDKXKLYU.jpg 1440w\" alt=\"Entre las recomendaciones est\u00e1 la de usar champ\u00fa suaves de uso frecuente, alternando con el champ\u00fa de tratamiento recomendado por el dermat\u00f3logo\" width=\"4256\" height=\"2832\" \/>Entre las recomendaciones est\u00e1 la de usar champ\u00fa suaves de uso frecuente, alternando con el champ\u00fa de tratamiento recomendado por el dermat\u00f3logo<\/div>\n<p class=\"paragraph\">La ciencia avanza por varias rutas de investigaciones\u00a0<b>Otro<\/b><a href=\"https:\/\/www.cell.com\/biophysj\/fulltext\/S0006-3495(22)00428-3\"><b>\u00a0reciente estudio<\/b><\/a><b>\u00a0parece haber hallado la cura para la calvicie.\u00a0<\/b>Seg\u00fan publicaron en el\u00a0<i>Biophysical Journal<\/i>, cient\u00edficos descubrieron que una sola sustancia qu\u00edmica es clave para controlar cu\u00e1ndo se dividen las c\u00e9lulas del fol\u00edculo piloso y cu\u00e1ndo mueren.<\/p>\n<p class=\"paragraph\">Los investigadores vieron, adem\u00e1s, que\u00a0<b>este avance no s\u00f3lo podr\u00eda conducir a un tratamiento eficaz de la calvicie,<\/b>\u00a0sino que, en \u00faltima instancia,<b>\u00a0acelerar\u00eda la cicatrizaci\u00f3n de heridas porque los fol\u00edculos son una fuente de c\u00e9lulas madre.<\/b><\/p>\n<p class=\"paragraph\"><b>\u201cLos fol\u00edculos pilosos (HF) son mini \u00f3rganos de la piel que experimentan un crecimiento c\u00edclico.\u00a0<\/b>Varias se\u00f1ales regulan conjuntamente las decisiones sobre el destino de las c\u00e9lulas HF -sostuvieron los investigadores en la publicaci\u00f3n de las conclusiones de su trabajo-. Resultados experimentales recientes sugieren que el factor de crecimiento transformante beta (TGF-b) exhibe un papel dual en la regulaci\u00f3n del destino de las c\u00e9lulas HF que puede ser anti o pro-apoptosis\u201d.<\/p>\n<div class=\"text-element\"><a href=\"https:\/\/www.infobae.com\/america\/mundo\/2022\/05\/13\/un-tribunal-ingles-dictamino-que-llamar-a-un-hombre-calvo-es-acoso-sexual\/\" target=\"_blank\" rel=\"noopener\"><i>Te puede interesar: Un tribunal ingl\u00e9s dictamin\u00f3 que llamar a un hombre \u201ccalvo\u201d es acoso sexual<\/i><\/a><\/div>\n<p class=\"paragraph\">Los cient\u00edficos descubrieron c\u00f3mo el TGF-beta, un tipo de prote\u00edna, controla el proceso mediante el cual las c\u00e9lulas de los fol\u00edculos pilosos, incluidas las c\u00e9lulas madre, se dividen y forman nuevas c\u00e9lulas, u orquestan su propia muerte, lo que eventualmente conduce a la muerte de todo el fol\u00edculo piloso.<\/p>\n<div class=\"visual__image\"><img loading=\"lazy\" decoding=\"async\" class=\"\" src=\"https:\/\/cloudfront-us-east-1.images.arcpublishing.com\/infobae\/2G7YOUON2RAKDIPCCEMXMS77MA.jpg\" sizes=\"auto, (min-width: 800px) 50vw, 90vw\" srcset=\"https:\/\/www.infobae.com\/new-resizer\/F6NR7BqGrbr6do9nNo3w71oQOyw=\/992x614\/filters:format(webp):quality(85)\/cloudfront-us-east-1.images.arcpublishing.com\/infobae\/2G7YOUON2RAKDIPCCEMXMS77MA.jpg 992w\" alt=\"Close up of a brush with loose hair in it on a pink background\" width=\"2159\" height=\"1388\" \/>Close up of a brush with loose hair in it on a pink background<\/div>\n<p class=\"paragraph\">Qixuan Wang es bi\u00f3logo matem\u00e1tico de la Universidad de California en Riverside y coautor del estudio y sostuvo: \u201cEn la ciencia ficci\u00f3n, cuando los personajes se curan r\u00e1pidamente de las heridas, la idea es que las c\u00e9lulas madre lo permitieron\u201d.<\/p>\n<p class=\"paragraph\">Y agreg\u00f3: \u201cTGF-beta tiene dos roles opuestos. Ayuda a activar algunas c\u00e9lulas del fol\u00edculo piloso para que produzcan nueva vida y, m\u00e1s tarde, ayuda a orquestar la apoptosis, el proceso de muerte celular\u201d, explic\u00f3 Wang.<\/p>\n<h4 class=\"header\">Claves para tener un pelo saludable<\/h4>\n<p class=\"paragraph\"><b>El lavado:<\/b>\u00a0puede realizarse a diario, incluso dos veces al d\u00eda, si por ejemplo la pr\u00e1ctica de deportes lo hace necesario. No se asuste, el cabello que no cay\u00f3 en un lavado caer\u00e1 todo junto en un lavado diferido.<\/p>\n<p class=\"paragraph\"><b>El champ\u00fa<\/b>: es recomendable el uso de champ\u00faes suaves de uso frecuente, alternando con el champ\u00fa de tratamiento recomendado por el dermat\u00f3logo.<\/p>\n<div class=\"visual__image\"><img loading=\"lazy\" decoding=\"async\" class=\"\" src=\"https:\/\/cloudfront-us-east-1.images.arcpublishing.com\/infobae\/JR3ZWLXSEJCOTAL33M7INZO6SU.jpg\" sizes=\"auto, (min-width: 800px) 50vw, 90vw\" srcset=\"https:\/\/www.infobae.com\/new-resizer\/0TD1MfmvBg5gHqGL6HjjFdHzWe8=\/420x236\/filters:format(webp):quality(85)\/cloudfront-us-east-1.images.arcpublishing.com\/infobae\/JR3ZWLXSEJCOTAL33M7INZO6SU.jpg 420w,https:\/\/www.infobae.com\/new-resizer\/PTcdmTrYx_SWpjPPKzpCr_3tCRQ=\/768x432\/filters:format(webp):quality(85)\/cloudfront-us-east-1.images.arcpublishing.com\/infobae\/JR3ZWLXSEJCOTAL33M7INZO6SU.jpg 768w,https:\/\/www.infobae.com\/new-resizer\/YKeN_jGsvc281qAGHyco-b_BWho=\/992x558\/filters:format(webp):quality(85)\/cloudfront-us-east-1.images.arcpublishing.com\/infobae\/JR3ZWLXSEJCOTAL33M7INZO6SU.jpg 992w,https:\/\/www.infobae.com\/new-resizer\/jR--4ndSdHo8WjZgbqT236vngy0=\/1200x675\/filters:format(webp):quality(85)\/cloudfront-us-east-1.images.arcpublishing.com\/infobae\/JR3ZWLXSEJCOTAL33M7INZO6SU.jpg 1200w,https:\/\/www.infobae.com\/new-resizer\/W9VJOUogmeENFl39mnsQs7v3iUY=\/1440x810\/filters:format(webp):quality(85)\/cloudfront-us-east-1.images.arcpublishing.com\/infobae\/JR3ZWLXSEJCOTAL33M7INZO6SU.jpg 1440w\" alt=\"Las almendras y la gelatina se recomienda su consumo ya que contienen amino\u00e1cidos esenciales para el crecimiento del cabello\" width=\"1920\" height=\"1080\" \/>Las almendras y la gelatina se recomienda su consumo ya que contienen amino\u00e1cidos esenciales para el crecimiento del cabello<\/div>\n<p class=\"paragraph\"><b>La tintura y el gel:<\/b>\u00a0los productos de uso externo (como la gomina, las tinturas, los acondicionadores, etc.) no intervienen en el proceso de atrofia del fol\u00edculo, por lo tanto no alteran el curso de crecimiento de pelo. Pero hay que evaluar si generan alg\u00fan tipo de reacci\u00f3n en el cuero cabelludo como caspa o enrojecimiento.<\/p>\n<p class=\"paragraph\"><b>Los peinados:<\/b>\u00a0si implican una tracci\u00f3n (pelo recogido, rayas muy marcadas y tirantes, etc.) pueden arrancar cabello pero cuando son excesivamente tirantes pueden da\u00f1ar irreversiblemente los fol\u00edculos implicados en el peinado.<\/p>\n<p class=\"paragraph\"><b>El largo del cabello:<\/b>\u00a0el hecho de tener el pelo corto o largo no afecta la ca\u00edda, tal vez el llevar el cabello largo generar\u00eda m\u00e1s peinado, m\u00e1s tracci\u00f3n y arranque de cabello, pero no deber\u00eda afectar la ca\u00edda en s\u00ed.<\/p>\n<p class=\"paragraph\"><b>Almendras y gelatina:<\/b>\u00a0se recomienda su consumo ya que contienen amino\u00e1cidos esenciales para el crecimiento del cabello.<\/p>\n<p class=\"paragraph\">\n<\/div>\n<\/article>\n<\/section>\n","protected":false},"excerpt":{"rendered":"<p>UN ESTUDIO. De la Universidad Yokohama de Jap\u00f3n, demostr\u00f3 que se pueden fabricar fol\u00edculos pilosos maduros de rat\u00f3n. Por qu\u00e9 ya no ser\u00eda necesario extirpar el cabello de una zona para reimplantarlo en otra y solo bastar\u00e1 con hacerlo crecer in vitro. Los detalles en la nota publicada por Infobae.com Para muchos hombres, quedarse pelados, [&hellip;]<\/p>\n","protected":false},"author":3,"featured_media":18300,"comment_status":"open","ping_status":"open","sticky":false,"template":"","format":"standard","meta":{"footnotes":"","jetpack_publicize_message":"","jetpack_publicize_feature_enabled":true,"jetpack_social_post_already_shared":false,"jetpack_social_options":{"image_generator_settings":{"template":"highway","default_image_id":0,"font":"","enabled":false},"version":2}},"categories":[14],"tags":[2088],"class_list":["post-18299","post","type-post","status-publish","format-standard","has-post-thumbnail","hentry","category-la-gente","tag-calvicie"],"jetpack_publicize_connections":[],"jetpack_featured_media_url":"https:\/\/revistaepocadigital.com.ar\/wp-content\/uploads\/2022\/10\/pelo.webp","jetpack_likes_enabled":true,"_links":{"self":[{"href":"https:\/\/revistaepocadigital.com.ar\/index.php?rest_route=\/wp\/v2\/posts\/18299","targetHints":{"allow":["GET"]}}],"collection":[{"href":"https:\/\/revistaepocadigital.com.ar\/index.php?rest_route=\/wp\/v2\/posts"}],"about":[{"href":"https:\/\/revistaepocadigital.com.ar\/index.php?rest_route=\/wp\/v2\/types\/post"}],"author":[{"embeddable":true,"href":"https:\/\/revistaepocadigital.com.ar\/index.php?rest_route=\/wp\/v2\/users\/3"}],"replies":[{"embeddable":true,"href":"https:\/\/revistaepocadigital.com.ar\/index.php?rest_route=%2Fwp%2Fv2%2Fcomments&post=18299"}],"version-history":[{"count":0,"href":"https:\/\/revistaepocadigital.com.ar\/index.php?rest_route=\/wp\/v2\/posts\/18299\/revisions"}],"wp:featuredmedia":[{"embeddable":true,"href":"https:\/\/revistaepocadigital.com.ar\/index.php?rest_route=\/wp\/v2\/media\/18300"}],"wp:attachment":[{"href":"https:\/\/revistaepocadigital.com.ar\/index.php?rest_route=%2Fwp%2Fv2%2Fmedia&parent=18299"}],"wp:term":[{"taxonomy":"category","embeddable":true,"href":"https:\/\/revistaepocadigital.com.ar\/index.php?rest_route=%2Fwp%2Fv2%2Fcategories&post=18299"},{"taxonomy":"post_tag","embeddable":true,"href":"https:\/\/revistaepocadigital.com.ar\/index.php?rest_route=%2Fwp%2Fv2%2Ftags&post=18299"}],"curies":[{"name":"wp","href":"https:\/\/api.w.org\/{rel}","templated":true}]}}