{"id":18310,"date":"2022-10-29T01:52:52","date_gmt":"2022-10-29T04:52:52","guid":{"rendered":"https:\/\/revistaepocadigital.com.ar\/?p=18310"},"modified":"2022-10-29T02:03:49","modified_gmt":"2022-10-29T05:03:49","slug":"luego-del-corte-se-reactivo-el-servicio-en-el-solar-de-capilla-y-la-arbolada","status":"publish","type":"post","link":"https:\/\/revistaepocadigital.com.ar\/?p=18310","title":{"rendered":"Luego del corte, se reactiv\u00f3 el servicio en EL SOLAR DE CAPILLA y LA ARBOLADA"},"content":{"rendered":"<p><strong>INFORME DE CEPRAL.<\/strong><!--more--><\/p>\n<div>\n<table class=\"yiv7433032692templateContainer\" border=\"0\" width=\"590\" cellspacing=\"0\" cellpadding=\"0\">\n<tbody>\n<tr>\n<td align=\"center\" width=\"100%\"><\/td>\n<\/tr>\n<tr>\n<td><strong>Usuarios de EL SOLAR DE CAPILLA y LA ARBOLADA<\/strong><\/p>\n<div><\/div>\n<p><strong>El <\/strong><strong>VIERNES 28\/10\/22, Cepral<\/strong> realizaba tareas de mantenimiento sobre la red en Media Tensi\u00f3n en la zona de la <strong>calle R\u00edo Sauce Grande del Barrio Los Pinos hacia el Barrio El Solar de Capilla.<\/strong><\/p>\n<p>Por esta raz\u00f3n, hab\u00eda un<strong> corte parcial del servicio el\u00e9ctrico de 12:00 a 13:30 hs. aproximadamente y afectaba a 110 usuarios de los barrios El Solar de Capilla, La Arbolada y callejones circundantes de la zona.<\/strong><\/p>\n<p>&nbsp;<\/td>\n<\/tr>\n<\/tbody>\n<\/table>\n<\/div>\n<div><\/div>\n<div style=\"text-align: center;\"><strong>oooooooooooooooooooooooooooooooooooooooo<\/strong><\/div>\n<div><\/div>\n<table class=\"yiv0248505608rnb-container\" border=\"0\" width=\"100%\" cellspacing=\"0\" cellpadding=\"0\" bgcolor=\"#441a7d\">\n<tbody>\n<tr>\n<td class=\"yiv0248505608rnb-container-padding\">\n<table class=\"yiv0248505608rnb-columns-container\" border=\"0\" cellspacing=\"0\" cellpadding=\"0\" align=\"center\">\n<tbody>\n<tr>\n<th class=\"yiv0248505608rnb-force-col\" align=\"center\">&lt;<\/p>\n<table class=\"yiv0248505608rnb-col-1\" border=\"0\" cellspacing=\"0\" cellpadding=\"0\" align=\"center\">\n<tbody>\n<tr>\n<td height=\"10\"><\/td>\n<\/tr>\n<tr>\n<td><span style=\"color: #ffffff;\">Servicio Telecomunicaciones<\/span><\/td>\n<\/tr>\n<tr>\n<td height=\"10\"><\/td>\n<\/tr>\n<\/tbody>\n<\/table>\n<\/th>\n<\/tr>\n<\/tbody>\n<\/table>\n<\/td>\n<\/tr>\n<\/tbody>\n<\/table>\n<p>&nbsp;<\/p>\n<p><strong>Usuarios del Barrio Parque Exaltaci\u00f3n:<\/strong><\/p>\n<p>&nbsp;<\/p>\n<p>CEPRAL inform\u00f3 que el martes 25 trabajaba para detectar la raz\u00f3n por la cual alrededor de las 15 horas se vio interrumpido el Servicio de Internet y Telefon\u00eda. Se hab\u00eda localizado los lugares donde la Fibra \u00d3ptica fue da\u00f1ada y en las primeras horas del mi\u00e9rcoles se realizaba el reemplazo del tramo correspondiente. Lamentaron desde la coopertiva, los<span style=\"font-family: inherit; font-size: inherit;\"> inconvenientes que se pudieron ocasionar.<\/span><\/p>\n<table class=\"yiv0248505608rnb-container\" border=\"0\" width=\"100%\" cellspacing=\"0\" cellpadding=\"0\" align=\"center\" bgcolor=\"#ffffff\">\n<tbody>\n<tr>\n<td align=\"center\" valign=\"top\">\n<table border=\"0\" cellspacing=\"0\" cellpadding=\"0\">\n<tbody>\n<tr>\n<td><\/td>\n<td height=\"10\"><\/td>\n<td><\/td>\n<td height=\"10\"><\/td>\n<\/tr>\n<\/tbody>\n<\/table>\n<\/td>\n<\/tr>\n<\/tbody>\n<\/table>\n","protected":false},"excerpt":{"rendered":"<p>INFORME DE CEPRAL.<\/p>\n","protected":false},"author":3,"featured_media":0,"comment_status":"open","ping_status":"open","sticky":false,"template":"","format":"standard","meta":{"footnotes":"","jetpack_publicize_message":"","jetpack_publicize_feature_enabled":true,"jetpack_social_post_already_shared":false,"jetpack_social_options":{"image_generator_settings":{"template":"highway","default_image_id":0,"font":"","enabled":false},"version":2}},"categories":[5],"tags":[29],"class_list":["post-18310","post","type-post","status-publish","format-standard","hentry","category-aqui-parada-robles","tag-cepral"],"jetpack_publicize_connections":[],"jetpack_featured_media_url":"","jetpack_likes_enabled":true,"_links":{"self":[{"href":"https:\/\/revistaepocadigital.com.ar\/index.php?rest_route=\/wp\/v2\/posts\/18310","targetHints":{"allow":["GET"]}}],"collection":[{"href":"https:\/\/revistaepocadigital.com.ar\/index.php?rest_route=\/wp\/v2\/posts"}],"about":[{"href":"https:\/\/revistaepocadigital.com.ar\/index.php?rest_route=\/wp\/v2\/types\/post"}],"author":[{"embeddable":true,"href":"https:\/\/revistaepocadigital.com.ar\/index.php?rest_route=\/wp\/v2\/users\/3"}],"replies":[{"embeddable":true,"href":"https:\/\/revistaepocadigital.com.ar\/index.php?rest_route=%2Fwp%2Fv2%2Fcomments&post=18310"}],"version-history":[{"count":0,"href":"https:\/\/revistaepocadigital.com.ar\/index.php?rest_route=\/wp\/v2\/posts\/18310\/revisions"}],"wp:attachment":[{"href":"https:\/\/revistaepocadigital.com.ar\/index.php?rest_route=%2Fwp%2Fv2%2Fmedia&parent=18310"}],"wp:term":[{"taxonomy":"category","embeddable":true,"href":"https:\/\/revistaepocadigital.com.ar\/index.php?rest_route=%2Fwp%2Fv2%2Fcategories&post=18310"},{"taxonomy":"post_tag","embeddable":true,"href":"https:\/\/revistaepocadigital.com.ar\/index.php?rest_route=%2Fwp%2Fv2%2Ftags&post=18310"}],"curies":[{"name":"wp","href":"https:\/\/api.w.org\/{rel}","templated":true}]}}