{"id":18312,"date":"2022-10-29T10:34:23","date_gmt":"2022-10-29T13:34:23","guid":{"rendered":"https:\/\/revistaepocadigital.com.ar\/?p=18312"},"modified":"2022-10-29T20:41:27","modified_gmt":"2022-10-29T23:41:27","slug":"se-definen-listas-para-las-internas-radicales","status":"publish","type":"post","link":"https:\/\/revistaepocadigital.com.ar\/?p=18312","title":{"rendered":"INTERNAS EN LA UCR.  LA LISTA 114 Y LA 123 SE VEN EN LAS URNAS"},"content":{"rendered":"<p>&nbsp;<\/p>\n<p>&nbsp;<\/p>\n<p>&nbsp;<\/p>\n<p><strong>SE VOTA EL 13 DE NOVIEMBRE. Actualizacion II.<\/strong><!--more--><\/p>\n<p>La Junta Electoral de la UCR provincial aprob\u00f3 la lista 123 y, si bien, esa aprobaci\u00f3n restaba a\u00fan por parte de la Junta Electoral local, el 13 de noviembre pr\u00f3ximo los radicales van a elecciones internas.<\/p>\n<p>La lista 114 encabezada por Jos\u00e9 Shmidt y la 123 con Ivan Gambra al frente. Sector interno este \u00faltimo considerado af\u00edn al kircherismo y al Frente de Todos.<\/p>\n<p>Desde el oficialismo del radicalismo exaltacrucense, pudo saber EPOCA, se ha cuestionado con dureza al Comit\u00e9 Provincia de la UCR<em>, &#8220;que viol\u00f3 resoluciones propias ya establecidas&#8221;. &#8220;Avalar la lista 123 &#8211;<\/em>cuestionaron-<em> ha sido un tema meramente pol\u00edtico, detr\u00e1s de esta situaci\u00f3n estuvo el apoderado de la lista Pablo Recavarren y el diputado por la 2\u00aa secci\u00f3n Julio Pascualin, quienes son muy amigos, a la vez que Recavarren es amigo del intendente Nanni&#8221;.<\/em> As\u00ed, el complejo panorama interno visto desde el oficialismo de la UCR.<\/p>\n<p>Restaba por definir el lugar donde se llevar\u00e1n a cabo las elecciones.<\/p>\n<p>&nbsp;<\/p>\n<p style=\"text-align: center;\">ooooooooooooooooooooooooooooooooooo<\/p>\n<p>&nbsp;<\/p>\n<p>Nota anterior.<\/p>\n<p><strong>UN COMUNICADO. Actualizaci\u00f3n I. <\/strong><!--more--><\/p>\n<p>Es la lista 114 encabezada por Jos\u00e9 Shmidt. La otra lista -123- fue rechazada, sin embargo fue presentada la apelaci\u00f3n. La Junta Electoral Provincial de la UCR, debe resolver.<\/p>\n<p>&nbsp;<\/p>\n<p><img loading=\"lazy\" decoding=\"async\" class=\"alignleft size-full wp-image-18326\" src=\"https:\/\/revistaepocadigital.com.ar\/wp-content\/uploads\/2022\/10\/UV.jpg\" alt=\"\" width=\"720\" height=\"955\" \/><\/p>\n<p>&nbsp;<\/p>\n<p>&nbsp;<\/p>\n<p><a href=\"https:\/\/revistaepocadigital.com.ar\/wp-content\/uploads\/2022\/10\/COMUNICADO-DE-LA-JUNTA-ELECTORAL-DISTRITAL-OFICIAL-1-1-1.pdf\">COMUNICADO DE LA JUNTA ELECTORAL DISTRITAL OFICIAL (1) (1)<\/a><\/p>\n<p>&nbsp;<\/p>\n<p>OOOOOOOOOOOOOOOOOOOOOOOOOOOOOOOOOOOOOOOOOOOOOOOOOOOOOOOO<\/p>\n<p>NOTA ANTERIOR.<\/p>\n<p>La Junta Electoral del radicalismo dar\u00eda a conocer la oficializaci\u00f3n de dos listas para las internas del 13 de noviembre.<\/p>\n<p>La lista 114 oficialista la encabezar\u00eda como candidato a presidente del partido, Jos\u00e9 Shmidt; candidata a vicepresidente Marina Ferreyra, candidato a secretario general Carlos Hermida y a tesorera Mirta Valdez entre los principales cargos.<\/p>\n<p>La lista 15 de la Juventud Radical del oficialismo la encabezar\u00e1 Sof\u00eda Monsalvo candidata a presidente, y como vice Tom\u00e1s Abrigo.<\/p>\n<p>La lista opositoria 123\u00a0 luego de objeciones surgidas desde la junta electoral, llevar\u00eda como candidato a presidente del Comit\u00e9, al Dr. Ivan Gambra<\/p>\n<p>&nbsp;<\/p>\n<p>INFORMACION EN DESARROLLO<\/p>\n","protected":false},"excerpt":{"rendered":"<p>&nbsp; &nbsp; &nbsp; SE VOTA EL 13 DE NOVIEMBRE. Actualizacion II.<\/p>\n","protected":false},"author":4,"featured_media":18352,"comment_status":"open","ping_status":"open","sticky":false,"template":"","format":"standard","meta":{"footnotes":"","jetpack_publicize_message":"","jetpack_publicize_feature_enabled":true,"jetpack_social_post_already_shared":false,"jetpack_social_options":{"image_generator_settings":{"template":"highway","default_image_id":0,"font":"","enabled":false},"version":2}},"categories":[17],"tags":[2092],"class_list":["post-18312","post","type-post","status-publish","format-standard","has-post-thumbnail","hentry","category-politica","tag-ucr-internas-2022"],"jetpack_publicize_connections":[],"jetpack_featured_media_url":"https:\/\/revistaepocadigital.com.ar\/wp-content\/uploads\/2022\/10\/Ucr_modern_logo-1.png","jetpack_likes_enabled":true,"_links":{"self":[{"href":"https:\/\/revistaepocadigital.com.ar\/index.php?rest_route=\/wp\/v2\/posts\/18312","targetHints":{"allow":["GET"]}}],"collection":[{"href":"https:\/\/revistaepocadigital.com.ar\/index.php?rest_route=\/wp\/v2\/posts"}],"about":[{"href":"https:\/\/revistaepocadigital.com.ar\/index.php?rest_route=\/wp\/v2\/types\/post"}],"author":[{"embeddable":true,"href":"https:\/\/revistaepocadigital.com.ar\/index.php?rest_route=\/wp\/v2\/users\/4"}],"replies":[{"embeddable":true,"href":"https:\/\/revistaepocadigital.com.ar\/index.php?rest_route=%2Fwp%2Fv2%2Fcomments&post=18312"}],"version-history":[{"count":0,"href":"https:\/\/revistaepocadigital.com.ar\/index.php?rest_route=\/wp\/v2\/posts\/18312\/revisions"}],"wp:featuredmedia":[{"embeddable":true,"href":"https:\/\/revistaepocadigital.com.ar\/index.php?rest_route=\/wp\/v2\/media\/18352"}],"wp:attachment":[{"href":"https:\/\/revistaepocadigital.com.ar\/index.php?rest_route=%2Fwp%2Fv2%2Fmedia&parent=18312"}],"wp:term":[{"taxonomy":"category","embeddable":true,"href":"https:\/\/revistaepocadigital.com.ar\/index.php?rest_route=%2Fwp%2Fv2%2Fcategories&post=18312"},{"taxonomy":"post_tag","embeddable":true,"href":"https:\/\/revistaepocadigital.com.ar\/index.php?rest_route=%2Fwp%2Fv2%2Ftags&post=18312"}],"curies":[{"name":"wp","href":"https:\/\/api.w.org\/{rel}","templated":true}]}}