{"id":1832,"date":"2019-03-08T00:52:27","date_gmt":"2019-03-08T03:52:27","guid":{"rendered":"https:\/\/revistaepocadigital.com.ar\/?p=1832"},"modified":"2019-03-11T13:30:46","modified_gmt":"2019-03-11T16:30:46","slug":"convocatoria-a-asamblea-general-ordinaria-de-la-cooperadora-del-instituto-estrada","status":"publish","type":"post","link":"https:\/\/revistaepocadigital.com.ar\/?p=1832","title":{"rendered":"Convocatoria a Asamblea General Ordinaria de la Cooperadora del Instituto Estrada"},"content":{"rendered":"<h1>ASOCIACION COOPERADORA DEL INSTITUTO JOSE MANUEL ESTRADA DE CAPILLA DEL SE\u00d1OR<\/h1>\n<p>-Mateo\u00a0 S. Casco 637, Capilla del Se\u00f1or-<\/p>\n<p>&nbsp;<\/p>\n<h3><strong>ASAMBLEA GENERAL ORDINARIA<\/strong><\/h3>\n<p>&nbsp;<\/p>\n<p>Ll\u00e1mase a Asamblea General Ordinaria para el 29 de Marzo de 2019, a las 20,30 horas, en primera convocatoria y 21 horas en segunda convocatoria, a realizarse en nuestra sede social de Mateo S. Casco 637 de Capilla del Se\u00f1or, a efectos de tratar el siguiente:<\/p>\n<h3>Orden del D\u00eda<\/h3>\n<ul>\n<li>Elecci\u00f3n de dos (2) Asamble\u00edstas para la firma del Acta.<\/li>\n<\/ul>\n<ul>\n<li>Lectura y Consideraci\u00f3n de la Memoria y Balance General, Cuadro de Perdidas y Ganancias e Informe de Comisi\u00f3n Revisora de Cuentas por el \u00c9jercicio finalizado el 31\/12\/2018.<\/li>\n<\/ul>\n<ul>\n<li>Designaci\u00f3n de Junta Escrutadora, compuesta por tres (3) miembros.<\/li>\n<\/ul>\n<ul>\n<li>Elecci\u00f3n de los siguientes cargos de la Comisi\u00f3n Directiva:<\/li>\n<\/ul>\n<p>Cinco (5) vocales titulares por dos (2) a\u00f1os.<\/p>\n<p>Dos (2) Vocales Suplentes por dos (2) a\u00f1os.<\/p>\n<p>5-\u00a0\u00a0 Elecci\u00f3n de la Comisi\u00f3n Revisora de Cuentas: 3 Revisores de Cuentas Titulares por un (1) a\u00f1o.<\/p>\n<p>Un Revisor de Cuentas Suplente por un (1) a\u00f1o.<\/p>\n<p>&nbsp;<\/p>\n<p>Para participar de la Asamblea los socios deber\u00e1n encontrarse dentro de las condiciones que marca el art. 35\u00ba de nuestro Estatuto.<\/p>\n<p>&nbsp;<\/p>\n<p>Griselda Malvicino\u00a0\u00a0\u00a0\u00a0\u00a0\u00a0\u00a0\u00a0\u00a0\u00a0\u00a0\u00a0\u00a0\u00a0\u00a0\u00a0\u00a0\u00a0\u00a0\u00a0\u00a0\u00a0 \u00a0\u00a0\u00a0\u00a0\u00a0\u00a0\u00a0\u00a0\u00a0\u00a0\u00a0\u00a0\u00a0\u00a0\u00a0\u00a0\u00a0\u00a0\u00a0\u00a0\u00a0\u00a0\u00a0\u00a0\u00a0\u00a0\u00a0\u00a0\u00a0\u00a0\u00a0\u00a0Mar\u00eda del Carmen Jatar<\/p>\n<p>Secretaria\u00a0\u00a0\u00a0\u00a0\u00a0\u00a0\u00a0\u00a0\u00a0\u00a0\u00a0\u00a0 \u00a0\u00a0\u00a0\u00a0\u00a0\u00a0\u00a0\u00a0\u00a0\u00a0\u00a0\u00a0\u00a0\u00a0\u00a0\u00a0\u00a0\u00a0\u00a0\u00a0\u00a0\u00a0\u00a0\u00a0\u00a0\u00a0\u00a0\u00a0\u00a0\u00a0\u00a0\u00a0\u00a0\u00a0\u00a0\u00a0\u00a0\u00a0\u00a0\u00a0\u00a0\u00a0\u00a0\u00a0\u00a0\u00a0\u00a0\u00a0\u00a0\u00a0\u00a0\u00a0\u00a0\u00a0\u00a0Presidente<\/p>\n","protected":false},"excerpt":{"rendered":"<p>ASOCIACION COOPERADORA DEL INSTITUTO JOSE MANUEL ESTRADA DE CAPILLA DEL SE\u00d1OR -Mateo\u00a0 S. Casco 637, Capilla del Se\u00f1or- &nbsp; ASAMBLEA GENERAL ORDINARIA &nbsp; Ll\u00e1mase a Asamblea General Ordinaria para el 29 de Marzo de 2019, a las 20,30 horas, en primera convocatoria y 21 horas en segunda convocatoria, a realizarse en nuestra sede social de [&hellip;]<\/p>\n","protected":false},"author":3,"featured_media":1835,"comment_status":"open","ping_status":"open","sticky":false,"template":"","format":"standard","meta":{"footnotes":"","jetpack_publicize_message":"","jetpack_publicize_feature_enabled":true,"jetpack_social_post_already_shared":false,"jetpack_social_options":{"image_generator_settings":{"template":"highway","default_image_id":0,"font":"","enabled":false},"version":2}},"categories":[11,13,14],"tags":[237,37,58],"class_list":["post-1832","post","type-post","status-publish","format-standard","has-post-thumbnail","hentry","category-entidades","category-interes-general","category-la-gente","tag-asamblea","tag-destacada","tag-instituto-estrada"],"jetpack_publicize_connections":[],"jetpack_featured_media_url":"https:\/\/revistaepocadigital.com.ar\/wp-content\/uploads\/2019\/03\/logo-inst.-estrada.jpg","jetpack_likes_enabled":true,"_links":{"self":[{"href":"https:\/\/revistaepocadigital.com.ar\/index.php?rest_route=\/wp\/v2\/posts\/1832","targetHints":{"allow":["GET"]}}],"collection":[{"href":"https:\/\/revistaepocadigital.com.ar\/index.php?rest_route=\/wp\/v2\/posts"}],"about":[{"href":"https:\/\/revistaepocadigital.com.ar\/index.php?rest_route=\/wp\/v2\/types\/post"}],"author":[{"embeddable":true,"href":"https:\/\/revistaepocadigital.com.ar\/index.php?rest_route=\/wp\/v2\/users\/3"}],"replies":[{"embeddable":true,"href":"https:\/\/revistaepocadigital.com.ar\/index.php?rest_route=%2Fwp%2Fv2%2Fcomments&post=1832"}],"version-history":[{"count":0,"href":"https:\/\/revistaepocadigital.com.ar\/index.php?rest_route=\/wp\/v2\/posts\/1832\/revisions"}],"wp:featuredmedia":[{"embeddable":true,"href":"https:\/\/revistaepocadigital.com.ar\/index.php?rest_route=\/wp\/v2\/media\/1835"}],"wp:attachment":[{"href":"https:\/\/revistaepocadigital.com.ar\/index.php?rest_route=%2Fwp%2Fv2%2Fmedia&parent=1832"}],"wp:term":[{"taxonomy":"category","embeddable":true,"href":"https:\/\/revistaepocadigital.com.ar\/index.php?rest_route=%2Fwp%2Fv2%2Fcategories&post=1832"},{"taxonomy":"post_tag","embeddable":true,"href":"https:\/\/revistaepocadigital.com.ar\/index.php?rest_route=%2Fwp%2Fv2%2Ftags&post=1832"}],"curies":[{"name":"wp","href":"https:\/\/api.w.org\/{rel}","templated":true}]}}