{"id":18357,"date":"2022-11-03T00:15:56","date_gmt":"2022-11-03T03:15:56","guid":{"rendered":"https:\/\/revistaepocadigital.com.ar\/?p=18357"},"modified":"2022-11-10T17:02:28","modified_gmt":"2022-11-10T20:02:28","slug":"corte-de-luz-en-colectora-ruta-8-entre-el-triunfo-y-lanceros-en-el-barrio-el-remanso","status":"publish","type":"post","link":"https:\/\/revistaepocadigital.com.ar\/?p=18357","title":{"rendered":"Corte de luz en el Barrio Jular\u00f3. HOY MARTES 8 DE NOVIEMBRE"},"content":{"rendered":"<p><b>\u00a0LO INFORM\u00d3 EL CONSEJO DE ADMINISTRACI\u00d3N DE CEPRAL<\/b><!--more--><\/p>\n<p>Personal de Cepral realiza tareas de mantenimiento sobre la red en Media Tensi\u00f3n, en la zona de la <strong>calle\u00a0 Pino y sus calles circundantes.<\/strong><\/p>\n<p>&nbsp;<\/p>\n<table class=\"yiv3094460102rnb-columns-container\" border=\"0\" width=\"100%\" cellspacing=\"0\" cellpadding=\"0\">\n<tbody>\n<tr>\n<th class=\"yiv3094460102rnb-force-col\" valign=\"top\">\n<table class=\"yiv3094460102rnb-col-1\" border=\"0\" width=\"100%\" cellspacing=\"0\" cellpadding=\"0\" align=\"left\">\n<tbody>\n<tr>\n<td>Por esta raz\u00f3n, se realiza un<strong> corte parcial del servicio el\u00e9ctrico que abarcar\u00e1 el horario de 08:00 a 10:00 hs. aproximadamente, y\u00a0afectar\u00e1 a 300 usuarios del Barrio Jular\u00f3.<\/strong><\/p>\n<p><strong>En caso de clima adverso, se reprogramar\u00e1n las tareas.<\/strong><\/p>\n<p><strong>&#8220;Disculpas por las molestias que se puedan ocasionar, pero es en pos de la mejora del servicio&#8221;, hicieron saber desde Cepral.<\/strong><\/p>\n<p>&nbsp;<\/td>\n<\/tr>\n<\/tbody>\n<\/table>\n<\/th>\n<\/tr>\n<\/tbody>\n<\/table>\n<p>&nbsp;<\/p>\n<div><\/div>\n","protected":false},"excerpt":{"rendered":"<p>\u00a0LO INFORM\u00d3 EL CONSEJO DE ADMINISTRACI\u00d3N DE CEPRAL<\/p>\n","protected":false},"author":3,"featured_media":18364,"comment_status":"open","ping_status":"open","sticky":false,"template":"","format":"standard","meta":{"footnotes":"","jetpack_publicize_message":"","jetpack_publicize_feature_enabled":true,"jetpack_social_post_already_shared":false,"jetpack_social_options":{"image_generator_settings":{"template":"highway","default_image_id":0,"font":"","enabled":false},"version":2}},"categories":[5],"tags":[1795,2101],"class_list":["post-18357","post","type-post","status-publish","format-standard","has-post-thumbnail","hentry","category-aqui-parada-robles","tag-corte-luz","tag-mantenimiento"],"jetpack_publicize_connections":[],"jetpack_featured_media_url":"https:\/\/revistaepocadigital.com.ar\/wp-content\/uploads\/2022\/11\/cepral-111.jpg","jetpack_likes_enabled":true,"_links":{"self":[{"href":"https:\/\/revistaepocadigital.com.ar\/index.php?rest_route=\/wp\/v2\/posts\/18357","targetHints":{"allow":["GET"]}}],"collection":[{"href":"https:\/\/revistaepocadigital.com.ar\/index.php?rest_route=\/wp\/v2\/posts"}],"about":[{"href":"https:\/\/revistaepocadigital.com.ar\/index.php?rest_route=\/wp\/v2\/types\/post"}],"author":[{"embeddable":true,"href":"https:\/\/revistaepocadigital.com.ar\/index.php?rest_route=\/wp\/v2\/users\/3"}],"replies":[{"embeddable":true,"href":"https:\/\/revistaepocadigital.com.ar\/index.php?rest_route=%2Fwp%2Fv2%2Fcomments&post=18357"}],"version-history":[{"count":0,"href":"https:\/\/revistaepocadigital.com.ar\/index.php?rest_route=\/wp\/v2\/posts\/18357\/revisions"}],"wp:featuredmedia":[{"embeddable":true,"href":"https:\/\/revistaepocadigital.com.ar\/index.php?rest_route=\/wp\/v2\/media\/18364"}],"wp:attachment":[{"href":"https:\/\/revistaepocadigital.com.ar\/index.php?rest_route=%2Fwp%2Fv2%2Fmedia&parent=18357"}],"wp:term":[{"taxonomy":"category","embeddable":true,"href":"https:\/\/revistaepocadigital.com.ar\/index.php?rest_route=%2Fwp%2Fv2%2Fcategories&post=18357"},{"taxonomy":"post_tag","embeddable":true,"href":"https:\/\/revistaepocadigital.com.ar\/index.php?rest_route=%2Fwp%2Fv2%2Ftags&post=18357"}],"curies":[{"name":"wp","href":"https:\/\/api.w.org\/{rel}","templated":true}]}}