{"id":1836,"date":"2019-03-06T09:46:31","date_gmt":"2019-03-06T12:46:31","guid":{"rendered":"https:\/\/revistaepocadigital.com.ar\/?p=1836"},"modified":"2019-03-06T09:46:31","modified_gmt":"2019-03-06T12:46:31","slug":"presta-atencion-anses-no-solicita-datos-personales-por-telefono","status":"publish","type":"post","link":"https:\/\/revistaepocadigital.com.ar\/?p=1836","title":{"rendered":"Prest\u00e1 atenci\u00f3n, ANSES no solicita datos personales por tel\u00e9fono"},"content":{"rendered":"<p><strong>ANTE DENUNCIAS.<\/strong><!--more--><\/p>\n<p>En diversos puntos del pa\u00eds sobre personas que llaman por tel\u00e9fono, en su mayor\u00eda a los adultos mayores, para solicitar informaci\u00f3n y datos personales, <strong>ANSES<\/strong> <strong>recuerda que no se comunica telef\u00f3nicamente<\/strong> para requerir datos de <strong>tarjetas de d\u00e9bito o claves bancarias de ning\u00fan tipo y en ning\u00fan caso<\/strong>.<\/p>\n<p>Adem\u00e1s, es importante aclarar que <strong>los tr\u00e1mites y consultas referidos a las prestaciones y programas de la Seguridad Social son absolutamente gratuitos y no necesitan de gestores externos<\/strong>.<\/p>\n<p>En tanto, <strong>\u00fanicamente en los casos que fuese necesario contar con un abogado<\/strong> (como, por ejemplo, para aceptar la propuesta de Reparaci\u00f3n Hist\u00f3rica), <strong>los empleados de ANSES se lo har\u00e1n saber al ciudadano <\/strong>de manera presencial en una oficina de atenci\u00f3n al p\u00fablico.<\/p>\n<p><strong>No existen grupos de pago para el 4 de febrero por el feriado correspondiente al carnaval.<\/strong><\/p>\n<p>Los calendarios de pagos de todas las prestaciones pueden consultarse en <u><a href=\"http:\/\/www.anses.gob.ar\">www.anses.gob.ar<\/a><\/u>, opci\u00f3n <em>Accesos R\u00e1pidos<\/em>.<\/p>\n<p><strong>\u00a0<\/strong><\/p>\n","protected":false},"excerpt":{"rendered":"<p>ANTE DENUNCIAS.<\/p>\n","protected":false},"author":3,"featured_media":0,"comment_status":"open","ping_status":"open","sticky":false,"template":"","format":"standard","meta":{"footnotes":"","jetpack_publicize_message":"","jetpack_publicize_feature_enabled":true,"jetpack_social_post_already_shared":false,"jetpack_social_options":{"image_generator_settings":{"template":"highway","default_image_id":0,"font":"","enabled":false},"version":2}},"categories":[81],"tags":[238],"class_list":["post-1836","post","type-post","status-publish","format-standard","hentry","category-anses","tag-anses-4-3-19"],"jetpack_publicize_connections":[],"jetpack_featured_media_url":"","jetpack_likes_enabled":true,"_links":{"self":[{"href":"https:\/\/revistaepocadigital.com.ar\/index.php?rest_route=\/wp\/v2\/posts\/1836","targetHints":{"allow":["GET"]}}],"collection":[{"href":"https:\/\/revistaepocadigital.com.ar\/index.php?rest_route=\/wp\/v2\/posts"}],"about":[{"href":"https:\/\/revistaepocadigital.com.ar\/index.php?rest_route=\/wp\/v2\/types\/post"}],"author":[{"embeddable":true,"href":"https:\/\/revistaepocadigital.com.ar\/index.php?rest_route=\/wp\/v2\/users\/3"}],"replies":[{"embeddable":true,"href":"https:\/\/revistaepocadigital.com.ar\/index.php?rest_route=%2Fwp%2Fv2%2Fcomments&post=1836"}],"version-history":[{"count":0,"href":"https:\/\/revistaepocadigital.com.ar\/index.php?rest_route=\/wp\/v2\/posts\/1836\/revisions"}],"wp:attachment":[{"href":"https:\/\/revistaepocadigital.com.ar\/index.php?rest_route=%2Fwp%2Fv2%2Fmedia&parent=1836"}],"wp:term":[{"taxonomy":"category","embeddable":true,"href":"https:\/\/revistaepocadigital.com.ar\/index.php?rest_route=%2Fwp%2Fv2%2Fcategories&post=1836"},{"taxonomy":"post_tag","embeddable":true,"href":"https:\/\/revistaepocadigital.com.ar\/index.php?rest_route=%2Fwp%2Fv2%2Ftags&post=1836"}],"curies":[{"name":"wp","href":"https:\/\/api.w.org\/{rel}","templated":true}]}}