{"id":18365,"date":"2022-11-01T02:03:09","date_gmt":"2022-11-01T05:03:09","guid":{"rendered":"https:\/\/revistaepocadigital.com.ar\/?p=18365"},"modified":"2022-11-01T02:04:30","modified_gmt":"2022-11-01T05:04:30","slug":"el-secretario-de-higiene-urbana-clarifica-sobre-la-obra-en-la-calle-balcarce-y-ameghino","status":"publish","type":"post","link":"https:\/\/revistaepocadigital.com.ar\/?p=18365","title":{"rendered":"El secretario de Higiene Urbana, clarifica sobre la obra en la calle Balcarce y Ameghino"},"content":{"rendered":"<p><strong>MAXIMILIANO GUTI\u00c9RREZ DA DETALLES.<\/strong><!--more--><\/p>\n<p>&nbsp;<\/p>\n<p>La obra emprendida en la principal calle de acceso a Capilla del Se\u00f1or supo disparar controversias apoyadas en vecinos que observaban como se retiraban arboles a\u00f1ejos, sin conocerse en forma fehaciente el emprendimiento. A modo de clarificar e informar sobre el proyecto en marcha, EPOCA habl\u00f3 con Maximiliano Guti\u00e9rrez, Secretario de Higiena Urbana del municipio de Exaltaci\u00f3n de la Cruz.<\/p>\n<p>\u00bfDe que se trata la obra sobre las calles Balcarce y luego Ameghino?, &#8220;bueno -dice Guti\u00e9rrez-, no se convertir\u00e1 en un paseo, dado que es el ingreso a Capilla del Se\u00f1or es otra obras de las inclu\u00eddas en el programa Fondos Insfraestructurales Municipales 2022 (FIM), establecido por el gobierno de la provincia de Buenos Aires.<\/p>\n<p>-\u00bfC\u00f3mo surgi\u00f3 el proyecto?<br \/>\n-Bueno fue en com\u00fan entre el intendente Diego Nanni, el gabinete municipal y nuestra secretar\u00eda de Higiene Urbana. Se ha apuntado a renovar la calle principal de ingreso a nuestro pueblo, buscando funcionalidad y una mejor est\u00e9tica que en adelante, continuar\u00e1 con el Circuito Accesible para que funcionen los pasos en altura.<\/p>\n<p>La obra en curso abarcar\u00e1 desde el mismo ingreso a Capilla del Se\u00f1or, en la calle Balcarce, luego convertida en Ameghino, extendi\u00e9ndose hasta la calle Pellegrini, en las inmediaciones del Hospital San Jos\u00e9. &#8220;Ser\u00e1n constru\u00eddos 3300 m2 de veredas nuevas, eso conlleva a reemplazar las veredas actuales con combinaci\u00f3n con el FIM 2019&#8221;, sostuvo Guti\u00e9rrez.<\/p>\n<p>Un dato importante, destac\u00f3 el funcionario en el marco de la obra emprendida, se vincula a que al colocar el hormig\u00f3n reforzado en las nuevas veredas de la primera cuadra de la calle Balcarce, as\u00ed como en el resto hasta Pellegrini, &#8220;son colocados nuevos ca\u00f1os de agua en reemplazo de los actuales que son a\u00f1ejos, los ca\u00f1os que se est\u00e1n instalando adem\u00e1s son saludables con el medio ambiente. Y tambi\u00e9n algo para tener en cuenta, adem\u00e1s conectamos en el mismo conducto subterr\u00e1neo, un tri-tubo mediante el cual se extienden conexiones para cable visi\u00f3n, internet, y de ese modo evitar el cableado a\u00e9reo que suele permitir ver cables a\u00e9reos colgando, inseguros y causantes de problemas&#8221;. &#8220;La prioridad de la obra, se basa en colocar las nuevas ca\u00f1er\u00edas de agua, para que el servicio tenga m\u00e1s calidad y mayor presi\u00f3n. La idea posterior, es ir cambiando ca\u00f1er\u00edas de agua en todo el radio c\u00e9ntrico de Capilla. A su vez antes de quitar \u00e1rboles extra\u00edbles, hubo gente que se preocup\u00f3, preguntando por que se sacaron \u00e1rboles,<br \/>\nacaso pensando que h\u00e1b\u00eda sido resuelto retirarlos para quitarlos, cometiendo una especie de sacrilegio y no cuidar el medio ambiente. Hubo algunos que por otro lado nos pidieron que retirasemos \u00e1rboles&#8221;.<\/p>\n<p>-\u00bfCu\u00e1nto tiempo demandar\u00e1 la obra?<br \/>\n-A ver, los trabajos en la primera cuadra que finaliza en la intersecci\u00f3n con la calle Jos\u00e9 Sosa, han sido los m\u00e1s complicados. El esquema de trabajo contempla la concreci\u00f3n de una cuadra con la iluminaci\u00f3n nueva colocada pero sin funcionar hasta la finalizar con los trabajos en la \u00faltima cuadra, luego de avanzar de cuadra en cuadra. Concluir\u00e1 entonces en la calle Pellegrini y la duraci\u00f3n ha sido estimada en nueve meses. Lo que m\u00e1s demora es la colocaci\u00f3n de las baldozas en las nuevas veredas.<\/p>\n<p>-\u00bfCu\u00e1l ser\u00e1 el aspecto est\u00e9tico que se ver\u00e1?<br \/>\n-Bueno, quedar\u00e1 como las cuadras c\u00e9ntricas de la calle Mitre y con plantas de naranjos plantados como una forma de remarcar el patrimonio cultural e hist\u00f3rico que nos identifica en Capilla del Se\u00f1or, y que es frecuente, sea resaltado por el turismo en aumento permanente que nos visita.<\/p>\n<p>-Al comenzar la obra y al notarse la quita de los arboles a\u00f1ejos en la primera cuadra de la calle Balcarce, hubo vecinos preocupados en cuanto a que pudiesen retirar los naranjos tan antiguos que caracterizan a la calle Balcarce \/ Ameghino.<br \/>\n-No, no, para nada. Esos \u00e1rboles tan caracter\u00edsticos, no se tocan. Al contrario, van a agregarse 180 m\u00e1s a plantar en todo trayecto hasta Pellegrini. Eso s\u00ed, una salvedad, el INTA y Senasa, nos han indicado que los naranjos pueden atraer plagas y pestes que si bien, no afectan a las personas, da\u00f1an a los \u00e1rboles. Por eso podr\u00edan plantarse arboles nuevos en tal caso, similares a los naranjos.<\/p>\n<p>&#8220;La idea permanente del municipio en cuanto a \u00e1rboles en el distrito, es no desforestar. En tal sentido puedo decir que en la primera cuadra de la calle Balcarce, en el comienzo de la entrada al pueblo, quitamos ocho plantas mientras que sumando las plantadas en otros sectores como por ejemplo, la calle San Mart\u00edn, hemos de agregar 200 \u00e1rboles nuevos&#8221;, sostuvo Guti\u00e9rrez.<\/p>\n<p>&nbsp;<\/p>\n<p><img loading=\"lazy\" decoding=\"async\" class=\"alignleft size-full wp-image-18368\" src=\"https:\/\/revistaepocadigital.com.ar\/wp-content\/uploads\/2022\/11\/GUTIERR-MA-X.jpg\" alt=\"\" width=\"576\" height=\"432\" srcset=\"https:\/\/revistaepocadigital.com.ar\/wp-content\/uploads\/2022\/11\/GUTIERR-MA-X.jpg 576w, https:\/\/revistaepocadigital.com.ar\/wp-content\/uploads\/2022\/11\/GUTIERR-MA-X-300x225.jpg 300w, https:\/\/revistaepocadigital.com.ar\/wp-content\/uploads\/2022\/11\/GUTIERR-MA-X-80x60.jpg 80w, https:\/\/revistaepocadigital.com.ar\/wp-content\/uploads\/2022\/11\/GUTIERR-MA-X-160x120.jpg 160w, https:\/\/revistaepocadigital.com.ar\/wp-content\/uploads\/2022\/11\/GUTIERR-MA-X-265x198.jpg 265w, https:\/\/revistaepocadigital.com.ar\/wp-content\/uploads\/2022\/11\/GUTIERR-MA-X-560x420.jpg 560w\" sizes=\"auto, (max-width: 576px) 100vw, 576px\" \/><\/p>\n<p>En cuanto a la iluminaci\u00f3n que colocaran a lo largo de las cuadras fijadas, &#8220;la idea -dijo Guti\u00e9rrez- es poner un sistema igual como el que funciona sobre la calle principal, Mitre, y sin retirar las luminarias actuales y caracter\u00edsticas. De esa forma los vecinos contar\u00e1n con m\u00e1s luces en el alumbrado p\u00fablico, sobre todos los detalles convers\u00e9 con vecinos. Cada obra ser\u00e1 finalizada con la colocaci\u00f3n de las farolas sobre las veredas en un lado y otro de la arter\u00eda, cuando todo se encuente finalizado, se har\u00e1 la conexi\u00f3n de luz.<\/p>\n<p>Tambi\u00e9n habl\u00f3 Guti\u00e9rrez sobre la repavimentaci\u00f3n del tramo de la calle San Mart\u00edn de Capilla del Se\u00f1or, desde el comienzo de la ruta hacia Z\u00e1rate, hasta la plazoleta frente a la estaci\u00f3nl del Ferrocarril Mitre. &#8220;La idea de esta obra y del proyecto, fue de la comuna y los fondos para financiarla, son provincicales. La mencionada primera cuadra en la que se trabaja, estimamos que quedar\u00eda lista para dentro de un mes.<\/p>\n","protected":false},"excerpt":{"rendered":"<p>MAXIMILIANO GUTI\u00c9RREZ DA DETALLES.<\/p>\n","protected":false},"author":4,"featured_media":18370,"comment_status":"open","ping_status":"open","sticky":false,"template":"","format":"standard","meta":{"footnotes":"","jetpack_publicize_message":"","jetpack_publicize_feature_enabled":true,"jetpack_social_post_already_shared":false,"jetpack_social_options":{"image_generator_settings":{"template":"highway","default_image_id":0,"font":"","enabled":false},"version":2}},"categories":[17],"tags":[2094,2095],"class_list":["post-18365","post","type-post","status-publish","format-standard","has-post-thumbnail","hentry","category-politica","tag-maxi-gutierrez","tag-obra-calle-balcarce"],"jetpack_publicize_connections":[],"jetpack_featured_media_url":"https:\/\/revistaepocadigital.com.ar\/wp-content\/uploads\/2022\/11\/GUTIERRE-MAX-1.jpg","jetpack_likes_enabled":true,"_links":{"self":[{"href":"https:\/\/revistaepocadigital.com.ar\/index.php?rest_route=\/wp\/v2\/posts\/18365","targetHints":{"allow":["GET"]}}],"collection":[{"href":"https:\/\/revistaepocadigital.com.ar\/index.php?rest_route=\/wp\/v2\/posts"}],"about":[{"href":"https:\/\/revistaepocadigital.com.ar\/index.php?rest_route=\/wp\/v2\/types\/post"}],"author":[{"embeddable":true,"href":"https:\/\/revistaepocadigital.com.ar\/index.php?rest_route=\/wp\/v2\/users\/4"}],"replies":[{"embeddable":true,"href":"https:\/\/revistaepocadigital.com.ar\/index.php?rest_route=%2Fwp%2Fv2%2Fcomments&post=18365"}],"version-history":[{"count":0,"href":"https:\/\/revistaepocadigital.com.ar\/index.php?rest_route=\/wp\/v2\/posts\/18365\/revisions"}],"wp:featuredmedia":[{"embeddable":true,"href":"https:\/\/revistaepocadigital.com.ar\/index.php?rest_route=\/wp\/v2\/media\/18370"}],"wp:attachment":[{"href":"https:\/\/revistaepocadigital.com.ar\/index.php?rest_route=%2Fwp%2Fv2%2Fmedia&parent=18365"}],"wp:term":[{"taxonomy":"category","embeddable":true,"href":"https:\/\/revistaepocadigital.com.ar\/index.php?rest_route=%2Fwp%2Fv2%2Fcategories&post=18365"},{"taxonomy":"post_tag","embeddable":true,"href":"https:\/\/revistaepocadigital.com.ar\/index.php?rest_route=%2Fwp%2Fv2%2Ftags&post=18365"}],"curies":[{"name":"wp","href":"https:\/\/api.w.org\/{rel}","templated":true}]}}