{"id":18373,"date":"2022-11-02T09:01:13","date_gmt":"2022-11-02T12:01:13","guid":{"rendered":"https:\/\/revistaepocadigital.com.ar\/?p=18373"},"modified":"2022-11-02T09:01:13","modified_gmt":"2022-11-02T12:01:13","slug":"el-gobernador-kicillof-esta-vez-vino-a-inaugurar-el-nuevo-jardin-de-infantes-en-arroyo-de-la-cruz","status":"publish","type":"post","link":"https:\/\/revistaepocadigital.com.ar\/?p=18373","title":{"rendered":"El gobernador Kicillof esta vez vino a inaugurar el nuevo jard\u00edn de infantes en Arroyo de la Cruz"},"content":{"rendered":"<div id=\"mail-app-container\" data-reactroot=\"\">\n<div class=\"pointer-mode H_6D6F\">\n<div class=\"D_F ek_BB H_6D6F aw_2941hk ba_10I1Qt az_oOItw ay_Z1nkUQx I_kt4zd\">\n<div id=\"app\" class=\"D_F ek_BB H_6D6F cZ1RN91d_n s_1HCsWR aw_Z22yhkg I_kt4zd az_DW ba_Z2gmOa3 ay_Z1cYiMT c2hBT4u_Zm6i39 cZTwBjO_Zdogtk\" tabindex=\"-1\" data-test-id=\"mail-app\">\n<div class=\"I_ZnwrMC D_F em_N o_h W_6D6F H_6D6F\" data-test-id=\"content-area\">\n<div class=\"D_F em_N o_h s_1HCsWR\" data-test-id=\"content-below-tabs\">\n<div id=\"mail-app-component-container\" class=\"D_F em_N ej_eUh o_h\">\n<div id=\"mail-app-component\" class=\"em_N gl_C I_ZkbNhI j_ZUs0f0 o_h p_R D_F s_e5X x_Z14vXdP\" data-yaft-module=\"norrin_main\" data-test-id=\"mail-app-component\">\n<div class=\"em_N gl_C o_h D_F p_R U_0\">\n<div class=\"D_F ek_BB p_a Z_0 L_0 R_0 T_0 B_0 cZ1RN91d_GG I_ZnwrMC\" data-test-id=\"message-group-view\">\n<div class=\"iz_A I_ZkbNhI em_0 Z_0\" role=\"main\" data-test-id=\"message-group-view-scroller\" aria-label=\"Vista de mensajes\">\n<div data-test-id=\"focus-group\" aria-label=\"Grupo de navegaci\u00f3n del teclado. Usa las flechas para navegar o el tabulador para pasar al siguiente grupo.\">\n<div class=\"p_R b_2w4lU5 I_ZkbNhI em_N it_689y X_fq7 N_6LEV iu_FJ is_Z2bg7IA iv_0 iv3_dRA cZdTOHS_28Otf4 j_ZUs0f0 message-view\" tabindex=\"40\" data-test-id=\"message-view\" data-test-expanded=\"true\" data-iskeynav=\"true\">\n<div data-test-id=\"message-body-container\">\n<div class=\"I_ZkbNhI D_FY W_6D6F\" data-test-id=\"message-view-body\">\n<div class=\"msg-body P_wpofO mq_AS\" data-test-id=\"message-view-body-content\">\n<div class=\"jb_0 X_6MGW N_6Fd5\">\n<div dir=\"ltr\"><strong>EL DEL 905, VER\u00d3NICA LETICIA DELAMER.<!--more--><\/strong><\/div>\n<div dir=\"ltr\"><\/div>\n<div dir=\"ltr\">\n<p>El gobernador de la provincia de Buenos Aires, Axel Kicillof, encabez\u00f3 el acto de inauguraci\u00f3n del nuevo edificio del Jard\u00edn de Infantes n\u00b0 905 &#8220;Ver\u00f3nica Leticia Delamer&#8221;, en Arroyo de la Cruz, Exaltaci\u00f3n de la Cruz. Fue en el marco del programa Escuelas a la Obra, que ya alcanz\u00f3 los 113 nuevos edificios escolares. Tambi\u00e9n estuvieron el ministro de Educaci\u00f3n de la Naci\u00f3n, Jaime Perczyk; el director general de Cultura y Educaci\u00f3n, Alberto Sileoni; el intendente Diego Nanni; la directora del jard\u00edn, Griselda S\u00e1nchez y tambi\u00e9n la diputada provincial Luc\u00eda Klug; el diputado Carlos Puglelli; el intendente de San Pedro, Ram\u00f3n Salazar; la secretaria municipal de Pol\u00edticas Educativas, Vanessa Russo.<\/p>\n<\/div>\n<p><img loading=\"lazy\" decoding=\"async\" class=\"alignleft size-full wp-image-18380\" src=\"https:\/\/revistaepocadigital.com.ar\/wp-content\/uploads\/2022\/11\/jardin-arro-cintas.jpg\" alt=\"\" width=\"512\" height=\"341\" srcset=\"https:\/\/revistaepocadigital.com.ar\/wp-content\/uploads\/2022\/11\/jardin-arro-cintas.jpg 512w, https:\/\/revistaepocadigital.com.ar\/wp-content\/uploads\/2022\/11\/jardin-arro-cintas-300x200.jpg 300w\" sizes=\"auto, (max-width: 512px) 100vw, 512px\" \/><\/p>\n<div dir=\"ltr\">\n<div dir=\"ltr\"><\/div>\n<\/div>\n<div dir=\"ltr\">\u201cEste jard\u00edn en Arroyo de la Cruz es un \u00e9xito y un logro de la comunidad que lucha y se organiza\u201d, expres\u00f3 Kicillof y agreg\u00f3: \u201cSin haberlo prometido, estamos inaugurando el edificio escolar n\u00famero 113 en la provincia de Buenos Aires\u201d.\u00a0En ese sentido, el gobernador se\u00f1al\u00f3 que \u201caqu\u00ed est\u00e1 todo el pueblo celebrando los logros que se han alcanzado, tanto con la inauguraci\u00f3n de este jard\u00edn como con otras obras en escuelas, rutas y hospitales\u201d. \u201cComo sucede con este nuevo edificio para la instituci\u00f3n, en Exaltaci\u00f3n de la Cruz es el Estado el que trabaja para que haya igualdad de oportunidades\u201d, resalt\u00f3.<\/div>\n<div dir=\"ltr\"><\/div>\n<div dir=\"ltr\">Asimismo, Perczyk afirm\u00f3: \u201cVamos a terminar la gesti\u00f3n con m\u00e1s de 300 jardines de infantes nuevos en todo el pa\u00eds, desde el norte hasta la Patagonia\u201d. Anticip\u00f3 que adem\u00e1s de la construcci\u00f3n de nuevos jardines \u201cdesde el 10 de noviembre van a llegar los libros a Exaltaci\u00f3n de la Cruz, dos libros para cada nena y cada nene de sala de 3, 4 y 5 para leer, para que les lean, para que lean a trav\u00e9s de otros, para decir y para escuchar, porque ese es el valor del nivel inicial\u201d.<\/div>\n<\/div>\n<\/div>\n<\/div>\n<\/div>\n<\/div>\n<\/div>\n<\/div>\n<div dir=\"ltr\"><img loading=\"lazy\" decoding=\"async\" class=\"alignleft size-full wp-image-18379\" src=\"https:\/\/revistaepocadigital.com.ar\/wp-content\/uploads\/2022\/11\/jardin-arro-nani.jpg\" alt=\"\" width=\"560\" height=\"315\" srcset=\"https:\/\/revistaepocadigital.com.ar\/wp-content\/uploads\/2022\/11\/jardin-arro-nani.jpg 560w, https:\/\/revistaepocadigital.com.ar\/wp-content\/uploads\/2022\/11\/jardin-arro-nani-300x169.jpg 300w\" sizes=\"auto, (max-width: 560px) 100vw, 560px\" \/><\/div>\n<div class=\"iz_A I_ZkbNhI em_0 Z_0\" role=\"main\" data-test-id=\"message-group-view-scroller\" aria-label=\"Vista de mensajes\">\n<div data-test-id=\"focus-group\" aria-label=\"Grupo de navegaci\u00f3n del teclado. Usa las flechas para navegar o el tabulador para pasar al siguiente grupo.\">\n<div class=\"p_R b_2w4lU5 I_ZkbNhI em_N it_689y X_fq7 N_6LEV iu_FJ is_Z2bg7IA iv_0 iv3_dRA cZdTOHS_28Otf4 j_ZUs0f0 message-view\" tabindex=\"40\" data-test-id=\"message-view\" data-test-expanded=\"true\" data-iskeynav=\"true\">\n<div data-test-id=\"message-body-container\">\n<div class=\"I_ZkbNhI D_FY W_6D6F\" data-test-id=\"message-view-body\">\n<div class=\"msg-body P_wpofO mq_AS\" data-test-id=\"message-view-body-content\">\n<div class=\"jb_0 X_6MGW N_6Fd5\">\n<div dir=\"ltr\"><\/div>\n<div dir=\"ltr\">Con una inversi\u00f3n de 40 millones de pesos, se construy\u00f3 el nuevo edificio del jard\u00edn en Arroyo de la Cruz, lo que le permitir\u00e1 contar con instalaciones propias tras haber utilizado las de la Escuela Primaria\u00a0 n\u00ba 14. Con tres aulas con sanitarios incorporados, cocina, SUM, patio de juegos y dependencias administrativas, brindar\u00e1 mejores condiciones a sus 12 docentes, 4 auxiliares y 84 alumnos, posibilitando adem\u00e1s el incremento de la matr\u00edcula.<\/div>\n<div dir=\"ltr\"><\/div>\n<div dir=\"ltr\">En tanto, Sileoni subray\u00f3 que \u201cpor una decisi\u00f3n del gobernador, el presupuesto educativo del a\u00f1o que viene ser\u00e1 un 130% mayor que el de este a\u00f1o. No es un discurso, es la realidad efectiva y lo que estamos haciendo para saldar todas las deudas con la educaci\u00f3n p\u00fablica bonaerense\u201d, indic\u00f3.<\/div>\n<\/div>\n<div dir=\"ltr\"><img loading=\"lazy\" decoding=\"async\" class=\"alignright size-full wp-image-18381\" src=\"https:\/\/revistaepocadigital.com.ar\/wp-content\/uploads\/2022\/11\/nanni-kici.jpg\" alt=\"\" width=\"512\" height=\"340\" srcset=\"https:\/\/revistaepocadigital.com.ar\/wp-content\/uploads\/2022\/11\/nanni-kici.jpg 512w, https:\/\/revistaepocadigital.com.ar\/wp-content\/uploads\/2022\/11\/nanni-kici-300x199.jpg 300w\" sizes=\"auto, (max-width: 512px) 100vw, 512px\" \/><\/div>\n<div class=\"jb_0 X_6MGW N_6Fd5\">\n<div dir=\"ltr\"><\/div>\n<div dir=\"ltr\">A trav\u00e9s de Escuelas a la Obra, la Provincia ya realiz\u00f3 44 intervenciones en los 51 edificios educativos de Exaltaci\u00f3n de la Cruz. Entre ellas, se encuentra la construcci\u00f3n de la nueva sede del Jard\u00edn de Infantes Rural y de Islas de Matr\u00edcula M\u00ednima (JIRIMM) N\u00b0 5, inaugurada en abril de este a\u00f1o. Adem\u00e1s, se trabaja en la finalizaci\u00f3n de la escuela primaria n\u00b0 4 en Parada Robles; y la ampliaci\u00f3n del jard\u00edn n\u00b0 902 en Los Cardales, donde tambi\u00e9n se cuenta con el proyecto de terminaci\u00f3n del edificio de la escuela secundaria n\u00b0 1. Asimismo, se prev\u00e9 la ampliaci\u00f3n de la primaria n\u00b0 14 de Arroyo de la Cruz y la refacci\u00f3n de la primaria de Chenaut.<\/div>\n<div dir=\"ltr\"><\/div>\n<div dir=\"ltr\">El intendente Nanni destac\u00f3 \u201cel trabajo mancomunado entre la Naci\u00f3n, la Provincia y el municipio para que estas obras se materialicen y podamos reconstruir toda la infraestructura educativa que no se supo cuidar anteriormente\u201d. \u201cSeguimos avanzando con el Centro de Desarrollo Infantil, las obras de la escuela 4 y la construcci\u00f3n de un espacio destinado a los estudios universitarios en nuestro distrito a trav\u00e9s del programa Puentes\u201d, a\u00f1adi\u00f3.<\/div>\n<\/div>\n<\/div>\n<\/div>\n<\/div>\n<\/div>\n<div dir=\"ltr\"><img loading=\"lazy\" decoding=\"async\" class=\"alignright size-full wp-image-18382\" src=\"https:\/\/revistaepocadigital.com.ar\/wp-content\/uploads\/2022\/11\/jardin-arro-aula.jpg\" alt=\"\" width=\"960\" height=\"639\" srcset=\"https:\/\/revistaepocadigital.com.ar\/wp-content\/uploads\/2022\/11\/jardin-arro-aula.jpg 960w, https:\/\/revistaepocadigital.com.ar\/wp-content\/uploads\/2022\/11\/jardin-arro-aula-300x200.jpg 300w, https:\/\/revistaepocadigital.com.ar\/wp-content\/uploads\/2022\/11\/jardin-arro-aula-768x511.jpg 768w, https:\/\/revistaepocadigital.com.ar\/wp-content\/uploads\/2022\/11\/jardin-arro-aula-696x463.jpg 696w, https:\/\/revistaepocadigital.com.ar\/wp-content\/uploads\/2022\/11\/jardin-arro-aula-631x420.jpg 631w\" sizes=\"auto, (max-width: 960px) 100vw, 960px\" \/><\/div>\n<div class=\"p_R b_2w4lU5 I_ZkbNhI em_N it_689y X_fq7 N_6LEV iu_FJ is_Z2bg7IA iv_0 iv3_dRA cZdTOHS_28Otf4 j_ZUs0f0 message-view\" tabindex=\"40\" data-test-id=\"message-view\" data-test-expanded=\"true\" data-iskeynav=\"true\">\n<div data-test-id=\"message-body-container\">\n<div class=\"I_ZkbNhI D_FY W_6D6F\" data-test-id=\"message-view-body\">\n<div class=\"msg-body P_wpofO mq_AS\" data-test-id=\"message-view-body-content\">\n<div class=\"jb_0 X_6MGW N_6Fd5\">\n<div dir=\"ltr\">\u201cAgradecemos las gestiones gubernamentales realizadas para que nuestra comunidad cuente con un edificio nuevo y una instituci\u00f3n presente para cuidar, guiar y ense\u00f1ar a las infancias a dar sus primeros pasos educativos para convertirse en ciudadanos de bien\u201d, expres\u00f3 la directora S\u00e1nchez, en tanto que valor\u00f3 que \u201cExaltaci\u00f3n de la Cruz suma un nuevo semillero, una usina, un crisol de la infancia, de protecci\u00f3n y educaci\u00f3n\u201d.<\/div>\n<div dir=\"ltr\"><\/div>\n<div dir=\"ltr\"><\/div>\n<p>&nbsp;<\/p>\n<\/div>\n<\/div>\n<div class=\"jb_0 X_6MGW N_6Fd5\">\n<div class=\"P_0 je_fq7\">\n<div class=\"W_3n93F p_R\" data-test-id=\"attachment-item\">\n<div class=\"I_18K0L5 k_w H_7yHc p_R o_h\" data-test-id=\"attachment-container\">\n<div class=\"D_F ab_C gl_C H_6D6F\"><\/div>\n<\/div>\n<div class=\"A_6Eb4 i_6FIA J_x D_F r_P\">\n<div class=\"en_0\">\n<div class=\"D_F u_e69\"><span class=\"G_e o_h\">VIDEO-2022-11-01-15-37-16<\/span>.mp4<\/div>\n<div class=\"u_dzD A_6DUj\">14.9MB<\/div>\n<\/div>\n<\/div>\n<\/div>\n<\/div>\n<\/div>\n<\/div>\n<div class=\"H_7jIs D_F ab_C Q_69H5 E_36RhU\" data-test-id=\"toolbar-hover-area\">\n<div class=\"D_F W_6D6F r_BN gl_C\" data-test-id=\"card-toolbar\">\n<div class=\"D_F ab_C en_0 b_Z14vXdP e_3mS2U I_ZkbNhI P_Z1otBpf\"><\/div>\n<\/div>\n<\/div>\n<\/div>\n<\/div>\n<\/div>\n<\/div>\n<\/div>\n<\/div>\n<\/div>\n<\/div>\n<\/div>\n<\/div>\n<\/div>\n<\/div>\n<\/div>\n<\/div>\n<p>&nbsp;<\/p>\n<div id=\"mobile-dialog\"><\/div>\n","protected":false},"excerpt":{"rendered":"<p>EL DEL 905, VER\u00d3NICA LETICIA DELAMER.<\/p>\n","protected":false},"author":3,"featured_media":18378,"comment_status":"open","ping_status":"open","sticky":false,"template":"","format":"standard","meta":{"footnotes":"","jetpack_publicize_message":"","jetpack_publicize_feature_enabled":true,"jetpack_social_post_already_shared":false,"jetpack_social_options":{"image_generator_settings":{"template":"highway","default_image_id":0,"font":"","enabled":false},"version":2}},"categories":[17],"tags":[2096,478],"class_list":["post-18373","post","type-post","status-publish","format-standard","has-post-thumbnail","hentry","category-politica","tag-jardin-infantes-arroyo-de-la-cruz","tag-kicillof"],"jetpack_publicize_connections":[],"jetpack_featured_media_url":"https:\/\/revistaepocadigital.com.ar\/wp-content\/uploads\/2022\/11\/Jardin-arro-1.jpg","jetpack_likes_enabled":true,"_links":{"self":[{"href":"https:\/\/revistaepocadigital.com.ar\/index.php?rest_route=\/wp\/v2\/posts\/18373","targetHints":{"allow":["GET"]}}],"collection":[{"href":"https:\/\/revistaepocadigital.com.ar\/index.php?rest_route=\/wp\/v2\/posts"}],"about":[{"href":"https:\/\/revistaepocadigital.com.ar\/index.php?rest_route=\/wp\/v2\/types\/post"}],"author":[{"embeddable":true,"href":"https:\/\/revistaepocadigital.com.ar\/index.php?rest_route=\/wp\/v2\/users\/3"}],"replies":[{"embeddable":true,"href":"https:\/\/revistaepocadigital.com.ar\/index.php?rest_route=%2Fwp%2Fv2%2Fcomments&post=18373"}],"version-history":[{"count":0,"href":"https:\/\/revistaepocadigital.com.ar\/index.php?rest_route=\/wp\/v2\/posts\/18373\/revisions"}],"wp:featuredmedia":[{"embeddable":true,"href":"https:\/\/revistaepocadigital.com.ar\/index.php?rest_route=\/wp\/v2\/media\/18378"}],"wp:attachment":[{"href":"https:\/\/revistaepocadigital.com.ar\/index.php?rest_route=%2Fwp%2Fv2%2Fmedia&parent=18373"}],"wp:term":[{"taxonomy":"category","embeddable":true,"href":"https:\/\/revistaepocadigital.com.ar\/index.php?rest_route=%2Fwp%2Fv2%2Fcategories&post=18373"},{"taxonomy":"post_tag","embeddable":true,"href":"https:\/\/revistaepocadigital.com.ar\/index.php?rest_route=%2Fwp%2Fv2%2Ftags&post=18373"}],"curies":[{"name":"wp","href":"https:\/\/api.w.org\/{rel}","templated":true}]}}