{"id":18409,"date":"2022-11-05T09:13:26","date_gmt":"2022-11-05T12:13:26","guid":{"rendered":"https:\/\/revistaepocadigital.com.ar\/?p=18409"},"modified":"2022-11-05T11:21:29","modified_gmt":"2022-11-05T14:21:29","slug":"la-muerte-de-un-procer-contemporaneo-de-exaltacion-de-la-cruz-andres-salgado","status":"publish","type":"post","link":"https:\/\/revistaepocadigital.com.ar\/?p=18409","title":{"rendered":"La muerte de un pr\u00f3cer contempor\u00e1neo de Exaltaci\u00f3n de la Cruz: Andr\u00e9s Salgado"},"content":{"rendered":"<div>\n<div class=\"x1jx94hy x8cjs6t x1ch86jh x80vd3b xckqwgs x1lq5wgf xgqcy7u x30kzoy x9jhf4c x13fuv20 xu3j5b3 x1q0q8m5 x26u7qi x178xt8z xm81vs4 xso031l xy80clv xq8finb x16n37ib\">\n<div class=\"\">\n<div class=\"x1y332i5\">\n<div class=\"\" dir=\"auto\">\n<div class=\"\" dir=\"auto\">\n<div class=\"x1iorvi4 x1pi30zi x1l90r2v x1swvt13\" data-ad-comet-preview=\"message\" data-ad-preview=\"message\">\n<div class=\"x78zum5 xdt5ytf xz62fqu x16ldp7u\">\n<div class=\"xu06os2 x1ok221b\">\n<div class=\"xdj266r x11i5rnm xat24cr x1mh8g0r x1vvkbs x126k92a\">\n<div dir=\"auto\"><strong>UN MENSAJE COMPARTIDO, AS\u00cd COMO LA TRISTEZA, ANTE EL FALLECIMIENTO DEL PROFESOR ANDR\u00c9S SALGADO. UN FORMIDABLE SER HUMANO QUE YA EN VIDA, HAB\u00cdA DEJADO UNA HUELLA IMBORRABLE Y SU ENORME EJEMPLO PLAGADO DE HUMILDAD Y SABIDUR\u00cdA.<!--more--><\/strong><\/div>\n<\/div>\n<div dir=\"auto\"><\/div>\n<div class=\"xdj266r x11i5rnm xat24cr x1mh8g0r x1vvkbs x126k92a\">\n<div dir=\"auto\"><em>Hoy despedimos al profe, vecino, inspirador, deportista, al gran Andr\u00e9s Salgado.<\/em><\/div>\n<\/div>\n<div class=\"x11i5rnm xat24cr x1mh8g0r x1vvkbs xtlvy1s x126k92a\">\n<div dir=\"auto\"><em>Por su trayectoria, elegimos su nombre para nuestro Complejo<\/em> (donde fue efectuado un minuto de silencio).<\/div>\n<\/div>\n<div class=\"x11i5rnm xat24cr x1mh8g0r x1vvkbs xtlvy1s x126k92a\">\n<div dir=\"auto\"><em>Gracias Andr\u00e9s, te vamos a extra\u00f1ar.<\/em><\/div>\n<div dir=\"auto\"><\/div>\n<\/div>\n<div class=\"x11i5rnm xat24cr x1mh8g0r x1vvkbs xtlvy1s x126k92a\">\n<div dir=\"auto\"><em>Compartimos un poco de su carrera deportiva:<\/em><\/div>\n<\/div>\n<div class=\"x11i5rnm xat24cr x1mh8g0r x1vvkbs xtlvy1s x126k92a\">\n<div dir=\"auto\"><em>Campe\u00f3n Nacional Libre de 400 metros con vallas en los a\u00f1os 1944 y 1945; tres veces sub campe\u00f3n (una en vallas y otras dos en posta 4 X 400 mts); campe\u00f3n de la provincia de Buenos Aires en 1947 en 800mts., y sub. campe\u00f3n en el Campeonato de Buenos Aires en el a\u00f1o 1948 en 400 mts y 400 mts con vallas.<\/em><\/div>\n<div dir=\"auto\"><\/div>\n<\/div>\n<div class=\"x11i5rnm xat24cr x1mh8g0r x1vvkbs xtlvy1s x126k92a\">\n<div dir=\"auto\"><em>Su carrera docente:<\/em><\/div>\n<\/div>\n<div class=\"x11i5rnm xat24cr x1mh8g0r x1vvkbs xtlvy1s x126k92a\">\n<div dir=\"auto\"><em>Preparador F\u00edsico del equipo de B\u00e1squet de la Sociedad Espa\u00f1ola en el a\u00f1o 1954, organiz\u00f3 carreras ya perteneciendo a esa instituci\u00f3n.<\/em><\/div>\n<\/div>\n<div class=\"x11i5rnm xat24cr x1mh8g0r x1vvkbs xtlvy1s x126k92a\">\n<div dir=\"auto\"><em>Creador de la primera rscuela de Atletismo en la Rep\u00fablica Argentina, el 9 de agosto de 1975 en las instalaciones del Club Honor y Patria.<\/em><\/div>\n<\/div>\n<div class=\"x11i5rnm xat24cr x1mh8g0r x1vvkbs xtlvy1s x126k92a\">\n<div dir=\"auto\"><em>Con el paso del tiempo Andr\u00e9s Salgado sigui\u00f3 abriendo nuevas escuelas de atletismo en lugares vecinos a Capilla del Se\u00f1or. En Diego Gaynor la escuela de atletismo \u201cDelfo Cabrera\u201d (campe\u00f3n ol\u00edmpico) con la ayuda del Se\u00f1or Jos\u00e9 Sarasti; en Parada Robles la Escuela \u201cEl \u00d1and\u00fa Criollo\u201d (en homenaje a Carlos Zabala, tambi\u00e9n campe\u00f3n ol\u00edmpico) con la colaboraci\u00f3n de Susana Balige, en Sol\u00eds con la colaboraci\u00f3n de Mabel Saulino y en Los Cardales, en el Club Raver, con la Colaboraci\u00f3n de Elina Migliaro.<\/em><\/div>\n<\/div>\n<div class=\"x11i5rnm xat24cr x1mh8g0r x1vvkbs xtlvy1s x126k92a\">\n<div dir=\"auto\"><em>A los dos meses de estar funcionando la Escuela de Atletismo en el Club Honor y Patria, la misma contaba con alrededor de 150 atletas de ambos sexos.<\/em><\/div>\n<\/div>\n<\/div>\n<\/div>\n<\/div>\n<\/div>\n<\/div>\n<\/div>\n<\/div>\n<\/div>\n<\/div>\n<p>&nbsp;<\/p>\n<p>(mensaje del municipio en la red social Facebook)<\/p>\n<div>\n<div class=\"x10wlt62 x6ikm8r x9jhf4c x30kzoy x13lgxp2 x168nmei\" data-visualcompletion=\"ignore-dynamic\">\n<div>\n<div>\n<div>\n<div class=\"x1n2onr6\">\n<div class=\"x6s0dn4 xi81zsa x78zum5 x6prxxf x13a6bvl xvq8zen xdj266r xktsk01 xat24cr x1d52u69 x889kno x4uap5 x1a8lsjc xkhd6sd xdppsyt\">\n<div class=\"x6s0dn4 x78zum5 x1iyjqo2 x6ikm8r x10wlt62\"><\/div>\n<\/div>\n<\/div>\n<\/div>\n<\/div>\n<\/div>\n<\/div>\n<\/div>\n<div class=\"\"><\/div>\n<div class=\"xnfveip\"><\/div>\n<div class=\"xnfveip\"><\/div>\n","protected":false},"excerpt":{"rendered":"<p>UN MENSAJE COMPARTIDO, AS\u00cd COMO LA TRISTEZA, ANTE EL FALLECIMIENTO DEL PROFESOR ANDR\u00c9S SALGADO. UN FORMIDABLE SER HUMANO QUE YA EN VIDA, HAB\u00cdA DEJADO UNA HUELLA IMBORRABLE Y SU ENORME EJEMPLO PLAGADO DE HUMILDAD Y SABIDUR\u00cdA.<\/p>\n","protected":false},"author":3,"featured_media":18413,"comment_status":"open","ping_status":"open","sticky":false,"template":"","format":"standard","meta":{"footnotes":"","jetpack_publicize_message":"","jetpack_publicize_feature_enabled":true,"jetpack_social_post_already_shared":false,"jetpack_social_options":{"image_generator_settings":{"template":"highway","default_image_id":0,"font":"","enabled":false},"version":2}},"categories":[13],"tags":[2098,37,405],"class_list":["post-18409","post","type-post","status-publish","format-standard","has-post-thumbnail","hentry","category-interes-general","tag-andres-salgado","tag-destacada","tag-fallecimiento"],"jetpack_publicize_connections":[],"jetpack_featured_media_url":"https:\/\/revistaepocadigital.com.ar\/wp-content\/uploads\/2022\/11\/salgado-a-1.jpg","jetpack_likes_enabled":true,"_links":{"self":[{"href":"https:\/\/revistaepocadigital.com.ar\/index.php?rest_route=\/wp\/v2\/posts\/18409","targetHints":{"allow":["GET"]}}],"collection":[{"href":"https:\/\/revistaepocadigital.com.ar\/index.php?rest_route=\/wp\/v2\/posts"}],"about":[{"href":"https:\/\/revistaepocadigital.com.ar\/index.php?rest_route=\/wp\/v2\/types\/post"}],"author":[{"embeddable":true,"href":"https:\/\/revistaepocadigital.com.ar\/index.php?rest_route=\/wp\/v2\/users\/3"}],"replies":[{"embeddable":true,"href":"https:\/\/revistaepocadigital.com.ar\/index.php?rest_route=%2Fwp%2Fv2%2Fcomments&post=18409"}],"version-history":[{"count":0,"href":"https:\/\/revistaepocadigital.com.ar\/index.php?rest_route=\/wp\/v2\/posts\/18409\/revisions"}],"wp:featuredmedia":[{"embeddable":true,"href":"https:\/\/revistaepocadigital.com.ar\/index.php?rest_route=\/wp\/v2\/media\/18413"}],"wp:attachment":[{"href":"https:\/\/revistaepocadigital.com.ar\/index.php?rest_route=%2Fwp%2Fv2%2Fmedia&parent=18409"}],"wp:term":[{"taxonomy":"category","embeddable":true,"href":"https:\/\/revistaepocadigital.com.ar\/index.php?rest_route=%2Fwp%2Fv2%2Fcategories&post=18409"},{"taxonomy":"post_tag","embeddable":true,"href":"https:\/\/revistaepocadigital.com.ar\/index.php?rest_route=%2Fwp%2Fv2%2Ftags&post=18409"}],"curies":[{"name":"wp","href":"https:\/\/api.w.org\/{rel}","templated":true}]}}