{"id":18416,"date":"2022-11-05T09:26:51","date_gmt":"2022-11-05T12:26:51","guid":{"rendered":"https:\/\/revistaepocadigital.com.ar\/?p=18416"},"modified":"2022-11-05T09:41:27","modified_gmt":"2022-11-05T12:41:27","slug":"en-el-marco-de-la-29o-fogata-de-los-cardales-el-centro-cultural-cardales-presenta-la-1o-feria-del-libro-infantil-y-juvenil","status":"publish","type":"post","link":"https:\/\/revistaepocadigital.com.ar\/?p=18416","title":{"rendered":"En el marco de la 29\u00ba FOGATA DE LOS CARDALES, el Centro Cultural Cardales presenta la 1\u00ba FERIA DEL LIBRO INFANTIL y JUVENIL."},"content":{"rendered":"<p><strong>HOY.<\/strong><!--more--><\/p>\n<div class=\"_aa06\" tabindex=\"0\" role=\"button\">\n<ul>\n<li class=\"_a9zj _a9zl _a9z5\">\n<div class=\"_a9zm\">\n<div class=\"_a9zn _a9zo\">\n<div class=\"_a9zr\">\n<div class=\"_a9zs\">\n<p><span class=\"_aacl _aaco _aacu _aacx _aad7 _aade\">OS CARDALES. En el Centro Cultural Cardales la\u00a0 1\u00aa FERIA DEL LIBRO INFANTIL y JUVENIL.<\/span><\/p>\n<p>\ud83d\udcd810 hs. Apertura Oficial con la narraci\u00f3n de &#8220;El Hechizo de Malacara&#8221; con Cristina Ponce, de su libro &#8220;Brujas y Embrujos&#8221;<\/p>\n<p>\ud83d\udcd911 hs. Narraci\u00f3n &#8220;Diabluras de diablo&#8221; de Alejandra Viacava por Yeste.<\/p>\n<p>\ud83d\udcd712 hs. Teatro de Papel &#8220;Kamishibai&#8221; con Laura Mazzoncini.<\/p>\n<p>\ud83d\udcd513 hs. Taller &#8220;F\u00e1brica de Personajes&#8221; con Jana Magliano y M\u00f3nica Weiss.<\/p>\n<p>\ud83d\udcd815 hs. Taller de ilustraci\u00f3n &#8220;Dibujar porque s\u00ed&#8221; con Paula Socolovsky y Pau Fr\u00e4nkel.<\/p>\n<p>\ud83d\udcd716 hs. Narraci\u00f3n &#8220;La torre loca&#8221; con Diego Miller.<\/p>\n<p>\ud83d\udcd917 hs. Charla &#8220;Editoriales Independientes&#8221; con Maryta Berenguer.<\/p>\n<p>\ud83d\udcd517:15 hs. Cierre musical UPA! Un poquito m\u00e1s all\u00e1 (en el escenario central)<\/p>\n<p>Actividades gratuitas para toda la familia: Encuentro con autores, firma de libros, talleres, escuelas de ilustraci\u00f3n, objetos ilustrados y m\u00e1s!<\/p>\n<\/div>\n<\/div>\n<\/div>\n<div class=\" _a9zo\">\n<div class=\"_aap6 _aap7 _aapa\"><\/div>\n<div class=\"_a9zr\">\n<div class=\"_ab8w _ab94 _ab99 _ab9f _ab9m _ab9p _abaj _abb- _abcm\">\n<div class=\"_aacl _aacn _aacu _aacy _aad6\">\n<p>&nbsp;<\/p>\n<\/div>\n<\/div>\n<\/div>\n<\/div>\n<\/div>\n<\/li>\n<\/ul>\n<\/div>\n","protected":false},"excerpt":{"rendered":"<p>HOY.<\/p>\n","protected":false},"author":3,"featured_media":18419,"comment_status":"open","ping_status":"open","sticky":false,"template":"","format":"standard","meta":{"footnotes":"","jetpack_publicize_message":"","jetpack_publicize_feature_enabled":true,"jetpack_social_post_already_shared":false,"jetpack_social_options":{"image_generator_settings":{"template":"highway","default_image_id":0,"font":"","enabled":false},"version":2}},"categories":[4],"tags":[],"class_list":["post-18416","post","type-post","status-publish","format-standard","has-post-thumbnail","hentry","category-aqui-los-cardales"],"jetpack_publicize_connections":[],"jetpack_featured_media_url":"https:\/\/revistaepocadigital.com.ar\/wp-content\/uploads\/2022\/11\/LIB.jpg","jetpack_likes_enabled":true,"_links":{"self":[{"href":"https:\/\/revistaepocadigital.com.ar\/index.php?rest_route=\/wp\/v2\/posts\/18416","targetHints":{"allow":["GET"]}}],"collection":[{"href":"https:\/\/revistaepocadigital.com.ar\/index.php?rest_route=\/wp\/v2\/posts"}],"about":[{"href":"https:\/\/revistaepocadigital.com.ar\/index.php?rest_route=\/wp\/v2\/types\/post"}],"author":[{"embeddable":true,"href":"https:\/\/revistaepocadigital.com.ar\/index.php?rest_route=\/wp\/v2\/users\/3"}],"replies":[{"embeddable":true,"href":"https:\/\/revistaepocadigital.com.ar\/index.php?rest_route=%2Fwp%2Fv2%2Fcomments&post=18416"}],"version-history":[{"count":0,"href":"https:\/\/revistaepocadigital.com.ar\/index.php?rest_route=\/wp\/v2\/posts\/18416\/revisions"}],"wp:featuredmedia":[{"embeddable":true,"href":"https:\/\/revistaepocadigital.com.ar\/index.php?rest_route=\/wp\/v2\/media\/18419"}],"wp:attachment":[{"href":"https:\/\/revistaepocadigital.com.ar\/index.php?rest_route=%2Fwp%2Fv2%2Fmedia&parent=18416"}],"wp:term":[{"taxonomy":"category","embeddable":true,"href":"https:\/\/revistaepocadigital.com.ar\/index.php?rest_route=%2Fwp%2Fv2%2Fcategories&post=18416"},{"taxonomy":"post_tag","embeddable":true,"href":"https:\/\/revistaepocadigital.com.ar\/index.php?rest_route=%2Fwp%2Fv2%2Ftags&post=18416"}],"curies":[{"name":"wp","href":"https:\/\/api.w.org\/{rel}","templated":true}]}}