{"id":18418,"date":"2022-11-11T00:05:59","date_gmt":"2022-11-11T03:05:59","guid":{"rendered":"https:\/\/revistaepocadigital.com.ar\/?p=18418"},"modified":"2022-11-11T00:05:59","modified_gmt":"2022-11-11T03:05:59","slug":"casas-para-exaltacrucenses","status":"publish","type":"post","link":"https:\/\/revistaepocadigital.com.ar\/?p=18418","title":{"rendered":"CASAS PARA EXALTACRUCENSES"},"content":{"rendered":"<div class=\"\" dir=\"auto\">\n<div id=\"jsc_c_xo\" class=\"x1iorvi4 x1pi30zi x1l90r2v x1swvt13\" data-ad-comet-preview=\"message\" data-ad-preview=\"message\">\n<div class=\"x78zum5 xdt5ytf xz62fqu x16ldp7u\">\n<div class=\"xu06os2 x1ok221b\">\n<div class=\"xdj266r x11i5rnm xat24cr x1mh8g0r x1vvkbs x126k92a\">\n<div dir=\"auto\"><strong>EN EL BARRIO ESPERANZA.<!--more--><\/strong><\/div>\n<div dir=\"auto\"><\/div>\n<div dir=\"auto\">En obras, las primeras 50 viviendas que, una vez cumplidos los pasos exigidos a los postulantes: inscripci\u00f3n (prorrogada), cumplimientos de requisitos, sorteos, podr\u00edan ser entregadas a sus beneficiarios alrededor de abril del a\u00f1o pr\u00f3ximp<\/div>\n<div dir=\"auto\"><\/div>\n<div dir=\"auto\">Hace poco el ministro Agust\u00edn Simone junto al intendente Nanni, y el administrador\u00a0 general del Instituto de la Vivienda, Diego Men\u00e9ndez, la secretaria de coordinaci\u00f3n Mar\u00eda Luz Bozzani, entre otros funcionarios,recorrieron las obras en marcha en Exaltaci\u00f3n de la Cruz. A las 50 en ejecuci\u00f3n, se sumar\u00e1n 52 m\u00e1s en el mismo Barrio Esperanza que, demandar\u00e1n una inversi\u00f3n provincial de m\u00e1s de 500 millones de pesos.<\/div>\n<div dir=\"auto\"><\/div>\n<div dir=\"auto\">Tambi\u00e9n dijo el intendente que para Los Cardales, se ha fijado otro proyecto habitacional en la zona aleda\u00f1o al nuevo hospital modular, que se encuentra en su \u00faltima fase de terminaci\u00f3n.<\/div>\n<\/div>\n<\/div>\n<div dir=\"auto\"><img loading=\"lazy\" decoding=\"async\" class=\"aligncenter size-medium wp-image-18568\" src=\"https:\/\/revistaepocadigital.com.ar\/wp-content\/uploads\/2022\/11\/casas-b-1-espe-300x201.jpg\" alt=\"\" width=\"300\" height=\"201\" srcset=\"https:\/\/revistaepocadigital.com.ar\/wp-content\/uploads\/2022\/11\/casas-b-1-espe-300x201.jpg 300w, https:\/\/revistaepocadigital.com.ar\/wp-content\/uploads\/2022\/11\/casas-b-1-espe-768x514.jpg 768w, https:\/\/revistaepocadigital.com.ar\/wp-content\/uploads\/2022\/11\/casas-b-1-espe-696x466.jpg 696w, https:\/\/revistaepocadigital.com.ar\/wp-content\/uploads\/2022\/11\/casas-b-1-espe-628x420.jpg 628w, https:\/\/revistaepocadigital.com.ar\/wp-content\/uploads\/2022\/11\/casas-b-1-espe.jpg 855w\" sizes=\"auto, (max-width: 300px) 100vw, 300px\" \/><\/div>\n<div class=\"xu06os2 x1ok221b\">\n<div class=\"xdj266r x11i5rnm xat24cr x1mh8g0r x1vvkbs x126k92a\">\n<div dir=\"auto\"><\/div>\n<div dir=\"auto\">Los funcionarios municipales, ante la requisitoria de EPOCA, enfatizaron que se han establecidos para asegurar que aquellos que obtengan las viviendas, sean efectivamente habitantes residentes en Exaltaci\u00f3n de la Cruz desde hace 10 a\u00f1os. Un punto fundamental a tener muy en cuenta para que quienes pasen a vivir en esas casas, por las que abonar\u00e1n mensualmente una cuota, sean verdaderamente vecinos del distrito. Ojo.<\/div>\n<\/div>\n<\/div>\n<\/div>\n<\/div>\n<\/div>\n<p>&nbsp;<\/p>\n","protected":false},"excerpt":{"rendered":"<p>EN EL BARRIO ESPERANZA.<\/p>\n","protected":false},"author":4,"featured_media":18567,"comment_status":"open","ping_status":"open","sticky":false,"template":"","format":"standard","meta":{"footnotes":"","jetpack_publicize_message":"","jetpack_publicize_feature_enabled":true,"jetpack_social_post_already_shared":false,"jetpack_social_options":{"image_generator_settings":{"template":"highway","default_image_id":0,"font":"","enabled":false},"version":2}},"categories":[13],"tags":[2114],"class_list":["post-18418","post","type-post","status-publish","format-standard","has-post-thumbnail","hentry","category-interes-general","tag-casas-barrio-esperanza"],"jetpack_publicize_connections":[],"jetpack_featured_media_url":"https:\/\/revistaepocadigital.com.ar\/wp-content\/uploads\/2022\/11\/casas-b-espe.jpg","jetpack_likes_enabled":true,"_links":{"self":[{"href":"https:\/\/revistaepocadigital.com.ar\/index.php?rest_route=\/wp\/v2\/posts\/18418","targetHints":{"allow":["GET"]}}],"collection":[{"href":"https:\/\/revistaepocadigital.com.ar\/index.php?rest_route=\/wp\/v2\/posts"}],"about":[{"href":"https:\/\/revistaepocadigital.com.ar\/index.php?rest_route=\/wp\/v2\/types\/post"}],"author":[{"embeddable":true,"href":"https:\/\/revistaepocadigital.com.ar\/index.php?rest_route=\/wp\/v2\/users\/4"}],"replies":[{"embeddable":true,"href":"https:\/\/revistaepocadigital.com.ar\/index.php?rest_route=%2Fwp%2Fv2%2Fcomments&post=18418"}],"version-history":[{"count":0,"href":"https:\/\/revistaepocadigital.com.ar\/index.php?rest_route=\/wp\/v2\/posts\/18418\/revisions"}],"wp:featuredmedia":[{"embeddable":true,"href":"https:\/\/revistaepocadigital.com.ar\/index.php?rest_route=\/wp\/v2\/media\/18567"}],"wp:attachment":[{"href":"https:\/\/revistaepocadigital.com.ar\/index.php?rest_route=%2Fwp%2Fv2%2Fmedia&parent=18418"}],"wp:term":[{"taxonomy":"category","embeddable":true,"href":"https:\/\/revistaepocadigital.com.ar\/index.php?rest_route=%2Fwp%2Fv2%2Fcategories&post=18418"},{"taxonomy":"post_tag","embeddable":true,"href":"https:\/\/revistaepocadigital.com.ar\/index.php?rest_route=%2Fwp%2Fv2%2Ftags&post=18418"}],"curies":[{"name":"wp","href":"https:\/\/api.w.org\/{rel}","templated":true}]}}