{"id":18479,"date":"2022-11-08T07:52:00","date_gmt":"2022-11-08T10:52:00","guid":{"rendered":"https:\/\/revistaepocadigital.com.ar\/?p=18479"},"modified":"2022-11-08T07:52:00","modified_gmt":"2022-11-08T10:52:00","slug":"el-exaltacrucense-fabian-scovenna-nuevo-director-de-la-comparsa-obahia-de-gualeguaychu","status":"publish","type":"post","link":"https:\/\/revistaepocadigital.com.ar\/?p=18479","title":{"rendered":"El exaltacrucense Fabi\u00e1n Scovenna, nuevo director de la comparsa O&#8217;BAHIA de Gualeguaych\u00fa"},"content":{"rendered":"<div class=\"msg-body P_wpofO mq_AS\" data-test-id=\"message-view-body-content\">\n<div class=\"jb_0 X_6MGW N_6Fd5\">\n<div id=\"yiv1004213429\">\n<div>\n<p><strong>O&#8217;BAHIA ROCK 2023 en el CARNAVAL DEL PA\u00cdS.<\/strong><\/p>\n<\/div>\n<div><\/div>\n<div>\n<p>Desde el mes de mayo \u00faltimo, el destacado realizador art\u00edstico Fabi\u00e1n Scovenna es el nuevo director de la comparsa O&#8217;BAHIA de Gualeguaych\u00fa, que junto a MAR\u00cd MAR\u00cd, KAMARR, ARA YEVI y PAPELITOS conforman las cinco comparsas m\u00e1s importantes del pa\u00eds, con m\u00e1s de 40 a\u00f1os de trayectoria, y las que componen el espect\u00e1culo de mayor envergadura a cielo abierto de nuestro pa\u00eds.<\/p>\n<\/div>\n<p><img loading=\"lazy\" decoding=\"async\" class=\"alignleft size-full wp-image-18482\" src=\"https:\/\/revistaepocadigital.com.ar\/wp-content\/uploads\/2022\/11\/o-ba-1.jpg\" alt=\"\" width=\"491\" height=\"736\" srcset=\"https:\/\/revistaepocadigital.com.ar\/wp-content\/uploads\/2022\/11\/o-ba-1.jpg 491w, https:\/\/revistaepocadigital.com.ar\/wp-content\/uploads\/2022\/11\/o-ba-1-200x300.jpg 200w, https:\/\/revistaepocadigital.com.ar\/wp-content\/uploads\/2022\/11\/o-ba-1-280x420.jpg 280w\" sizes=\"auto, (max-width: 491px) 100vw, 491px\" \/><\/p>\n<div>\n<p>Es sin dudas una gran experiencia para nuestro representante cultural local, que llevar\u00e1 a escena una comparsa de 220 integrantes en la pr\u00f3xima edici\u00f3n 2023, con un gran despliegue de vestuario, carrozas, maquillaje y puesta en escena.<\/p>\n<p>Todos los talleres se encuentran funcionando actualmente, aproximadamente 15 personas llevan adelante la propuesta y argumento de la comparsa del Club de Pescadores 2023: &#8220;O&#8217;BAHIA ROCK&#8221;. Una tem\u00e1tica que pone en la mira a Scovenna, no s\u00f3lo por el efecto que provoc\u00f3 entre los apasionados por el carnaval, sino adem\u00e1s que por la curiosidad por conocer en que va a consistir la primera puesta en escena de Fabi\u00e1n como director del carnaval en Gualeguaych\u00fa.<\/p>\n<p>La comparsa O&#8217;Bahia y las dem\u00e1s\u00a0 han venido anunciado cada semana los puestos destacados de cada rubro, as\u00ed como la m\u00fasica que ha de identificar a cada una.<\/p>\n<p><img loading=\"lazy\" decoding=\"async\" class=\"alignleft size-full wp-image-18483\" src=\"https:\/\/revistaepocadigital.com.ar\/wp-content\/uploads\/2022\/11\/o-ba.jpg\" alt=\"\" width=\"736\" height=\"491\" srcset=\"https:\/\/revistaepocadigital.com.ar\/wp-content\/uploads\/2022\/11\/o-ba.jpg 736w, https:\/\/revistaepocadigital.com.ar\/wp-content\/uploads\/2022\/11\/o-ba-300x200.jpg 300w, https:\/\/revistaepocadigital.com.ar\/wp-content\/uploads\/2022\/11\/o-ba-696x464.jpg 696w, https:\/\/revistaepocadigital.com.ar\/wp-content\/uploads\/2022\/11\/o-ba-630x420.jpg 630w\" sizes=\"auto, (max-width: 736px) 100vw, 736px\" \/><\/p>\n<p>&nbsp;<\/p>\n<p>&nbsp;<\/p>\n<p>&nbsp;<\/p>\n<p>&nbsp;<\/p>\n<p>&nbsp;<\/p>\n<p>&nbsp;<\/p>\n<p>Las fechas establecidas para la realizaci\u00f3n del Carnaval del Pa\u00eds 2023 son las siguientes:<\/p>\n<p>Enero: los d\u00edas 7, 14, 21 y 28.<br \/>\nFebrero: los d\u00edas 4, 11, 18, 19, 20 y 25.<\/p>\n<p>En otro orden, y como es tradici\u00f3n carnavalera, el d\u00eda viernes 24 de febrero se llevar\u00e1 a cabo la elecci\u00f3n de la Reina del Carnaval del Pa\u00eds.<\/p>\n<p>Los desfiles tienen lugar como es sabido, en el Cors\u00f3dromo de la ciudad entrerriana, con m\u00e1s de 500 metros de pasarela; y cuenta con una capacidad para 40 mil personas sentadas en tribunas, sillas y zonas Vip.<\/p>\n<p>Fabi\u00e1n Scovenna forma parte de los Carnavales desde el a\u00f1o 2003, desde aquella recordada presentaci\u00f3n de O&#8217;Bahia\u00a0 en los Carnavales de Capilla del Se\u00f1or, que tuvieron lugar sobre calle Carlos Pellegrini. Desde ese momento hasta la actualidad es integrante de la popular comparsa, y en su trayectoria obtuvo el primer puesto como portabanderas en los a\u00f1os 2012, 2016, 2018, 2020 y 2022.<\/p>\n<p>Repasemos que Scovenna tambi\u00e9n en 2006 y 2007, cre\u00f3 y dise\u00f1\u00f3 la excelente comparsa capillense TRIMANDAY, primera experiencia como dise\u00f1ador de una agrupaci\u00f3n carnavalera.<\/p>\n<\/div>\n<\/div>\n<\/div>\n<\/div>\n<p>&nbsp;<\/p>\n","protected":false},"excerpt":{"rendered":"<p>O&#8217;BAHIA ROCK 2023 en el CARNAVAL DEL PA\u00cdS. Desde el mes de mayo \u00faltimo, el destacado realizador art\u00edstico Fabi\u00e1n Scovenna es el nuevo director de la comparsa O&#8217;BAHIA de Gualeguaych\u00fa, que junto a MAR\u00cd MAR\u00cd, KAMARR, ARA YEVI y PAPELITOS conforman las cinco comparsas m\u00e1s importantes del pa\u00eds, con m\u00e1s de 40 a\u00f1os de trayectoria, [&hellip;]<\/p>\n","protected":false},"author":4,"featured_media":18481,"comment_status":"open","ping_status":"open","sticky":false,"template":"","format":"standard","meta":{"footnotes":"","jetpack_publicize_message":"","jetpack_publicize_feature_enabled":true,"jetpack_social_post_already_shared":false,"jetpack_social_options":{"image_generator_settings":{"template":"highway","default_image_id":0,"font":"","enabled":false},"version":2}},"categories":[12],"tags":[2105,83],"class_list":["post-18479","post","type-post","status-publish","format-standard","has-post-thumbnail","hentry","category-espectaculos","tag-obahia","tag-scovenna"],"jetpack_publicize_connections":[],"jetpack_featured_media_url":"https:\/\/revistaepocadigital.com.ar\/wp-content\/uploads\/2022\/11\/o-ba-0.jpg","jetpack_likes_enabled":true,"_links":{"self":[{"href":"https:\/\/revistaepocadigital.com.ar\/index.php?rest_route=\/wp\/v2\/posts\/18479","targetHints":{"allow":["GET"]}}],"collection":[{"href":"https:\/\/revistaepocadigital.com.ar\/index.php?rest_route=\/wp\/v2\/posts"}],"about":[{"href":"https:\/\/revistaepocadigital.com.ar\/index.php?rest_route=\/wp\/v2\/types\/post"}],"author":[{"embeddable":true,"href":"https:\/\/revistaepocadigital.com.ar\/index.php?rest_route=\/wp\/v2\/users\/4"}],"replies":[{"embeddable":true,"href":"https:\/\/revistaepocadigital.com.ar\/index.php?rest_route=%2Fwp%2Fv2%2Fcomments&post=18479"}],"version-history":[{"count":0,"href":"https:\/\/revistaepocadigital.com.ar\/index.php?rest_route=\/wp\/v2\/posts\/18479\/revisions"}],"wp:featuredmedia":[{"embeddable":true,"href":"https:\/\/revistaepocadigital.com.ar\/index.php?rest_route=\/wp\/v2\/media\/18481"}],"wp:attachment":[{"href":"https:\/\/revistaepocadigital.com.ar\/index.php?rest_route=%2Fwp%2Fv2%2Fmedia&parent=18479"}],"wp:term":[{"taxonomy":"category","embeddable":true,"href":"https:\/\/revistaepocadigital.com.ar\/index.php?rest_route=%2Fwp%2Fv2%2Fcategories&post=18479"},{"taxonomy":"post_tag","embeddable":true,"href":"https:\/\/revistaepocadigital.com.ar\/index.php?rest_route=%2Fwp%2Fv2%2Ftags&post=18479"}],"curies":[{"name":"wp","href":"https:\/\/api.w.org\/{rel}","templated":true}]}}