{"id":18502,"date":"2022-11-22T00:20:55","date_gmt":"2022-11-22T03:20:55","guid":{"rendered":"https:\/\/revistaepocadigital.com.ar\/?p=18502"},"modified":"2022-11-22T01:39:01","modified_gmt":"2022-11-22T04:39:01","slug":"18502-2","status":"publish","type":"post","link":"https:\/\/revistaepocadigital.com.ar\/?p=18502","title":{"rendered":"Cepral inform\u00f3"},"content":{"rendered":"<p><strong>EL INFORME.<\/strong><!--more--><br \/>\n<img decoding=\"async\" class=\"aligncenter\" src=\"https:\/\/41sau.img.a.d.sendibm1.com\/im\/2340286\/61d7dfa0b34b1472b2dbdc5e764896a0a393b3fa2d1884b19e8e8ad54242c335.jpg?e=ErWTdWyq59v4w41elKxAL0Z8JoOfteUcmLNBqc3RbGJlHVtXcYjr0yyxLYUveu_HOf5YZ6MhCY74lGLls4v5yMs42QPWzp8n3zAQ4bgVpMM5jLjFDbVOr-2u6GcVxGJwL5BgIWA1MymgmBHiSCpDIEreY1TxMInc7xWgKpEPs3lpCThFqMZN1-6Kbv4shrE47AGeWLXOVEH2qb81ahk0BxQEPGmfAh_cY1qIzA\" alt=\"\" border=\"0\" hspace=\"0\" data-inlineimagemanipulating=\"true\" \/><img decoding=\"async\" class=\"aligncenter\" src=\"https:\/\/41sau.img.a.d.sendibm1.com\/im\/2340286\/302bb557b2a28b2e5ee5c74019eb3e5e6f74e2db99d5b19fd415ca946e00ffbd.gif?e=dfclyK06GGDkjVhRbnek1iCqBykc1Jr68ihZG8VSqxgY7Q7WB0zJZKNGNDPdzQb-qMGGdsGYSgxpLGAEv3riwXjTou7BPTgweZiCJ-H7iEVJb2U77cM8ljaD2XejdIvlBXBEdUqDGtHN_49UThYIqoBwXwaIvvmAiemunvPaoumv2rjZ46JV5TVXjvLdUTWBVOnJ8ghWdUZVlh6FVO6owIb7XAD4J41ciX6Fvg\" alt=\"\" border=\"0\" hspace=\"0\" data-inlineimagemanipulating=\"true\" \/><\/p>\n<p><strong>\u00a1En Contacto!<\/strong><\/p>\n<div><strong>Estimados vecinos y usuarios:<\/strong><\/div>\n<div><\/div>\n<div>Les compartimos nuestras principales noticias:<\/div>\n<div><\/div>\n<div>\u00a0 \u00a0 \u00a0 \u00a0 \u00a0<strong>En el Sector Telecomunicaciones:<\/strong><\/div>\n<div><strong>\u00a0 \u00a0 \u00a0 \u00a0 \u00a0Avances en el Servicio Fibra \u00d3ptica en tu Hogar<\/strong>:<strong>\u00a0<\/strong><\/div>\n<ul>\n<li>Continuamos con las\u00a0\u00a0conexiones domiciliarias en\u00a0<strong>El Remanso 2\u00b0 y 6\u00b0 Series y Jular\u00f3 ,<\/strong> de acuerdo al plan de prioridades,<strong> conectamos a m\u00e1s del 60% de los inscriptos.<\/strong><\/li>\n<li>La obra que nos permitir\u00e1 brindarles<strong> los servicios de FTTH a los vecinos de las 1\u00b0, 3\u00b0 y 4\u00b0 Series del barrio El Remanso se encuentra en su etapa final, con el 90% del tendido de fibra \u00f3ptica antiroedor realizado y avanzando con la instalaci\u00f3n de los primeros abonados.<\/strong><\/li>\n<\/ul>\n<div><\/div>\n<div><strong>\u00a0 \u00a0 \u00a0 \u00a0 \u00a0 En el Sector El\u00e9ctrico:<\/strong><\/div>\n<ul>\n<li>En la pr\u00f3xima semana finalizaremos con la obra de Repotenciaci\u00f3n de la Red de Media Tensi\u00f3n para los barrios Los Pinos-Sakura.<\/li>\n<\/ul>\n<div><\/div>\n<div>\u00a0 \u00a0 \u00a0 \u00a0 \u00a0<strong>Presencia Institucional:<\/strong><\/div>\n<ul>\n<li>Estuvimos presente en la reuni\u00f3n con el OCEBA por el tema <strong>Segmentaci\u00f3n energ\u00e9tica<\/strong>. <strong>Es muy importante que los usuarios completen el formulario para que puedan seguir accediendo a los subsidios.<\/strong><\/li>\n<li>Participamos de la inauguraci\u00f3n del Jard\u00edn de Infantes 905 de Arroyo de la Cruz, que cont\u00f3 con la presencia del Gobernador de la Provincia de Buenos Aires, del Ministro de Educaci\u00f3n y de el Intendente de Exaltaci\u00f3n de la Cruz, entre otras autoridades.<\/li>\n<\/ul>\n<div>\u200b<\/div>\n<div><strong>\u00a0 \u00a0 \u00a0 \u00a0 \u00a0Tarifas de Telecomunicaciones:<\/strong><\/div>\n<ul>\n<li>Nuevas Tarifas para los Servicios de Telecomunicaciones entrar\u00e1n en vigencia a partir del 1\u00b0 de diciembre, seg\u00fan la Resoluci\u00f3n Nro. 1754\/2022, publicada el viernes 23 de septiembre en el Bolet\u00edn Oficial.<\/li>\n<\/ul>\n<div><\/div>\n<div><strong>\u00a0 \u00a0 \u00a0 \u00a0 \u00a0 \u00a0 \u00a0 \u00a0 \u00a0 \u00a0 \u00a0 \u00a0 \u00a0 \u00a0 \u00a0 \u00a0 \u00a0 \u00a0 \u00a0 \u00a0 \u00a0 \u00a0 \u00a0 Consejo de Administraci\u00f3n Cepral<br \/>\n<img decoding=\"async\" src=\"https:\/\/41sau.img.a.d.sendibm1.com\/im\/2340286\/7394240060181d8149e7bb2cf09af22f2ca17efadedf4dae19b86cbd452791de.jpg?e=NzXYm2ok7i8ierDlzk9Ho8bJc6KLMscTMOu-1SkuJ_k1Z5E-O1fn33oSo5W6Lo4wX3m-kmlntaQTbjqvetnj5vm1ZOPD8Bv5qCcjy--RFVjY-I4-R984Gb2J_ebaRXLAuYrqrcBjMjKXt_Nkdl8hFNV_U9G84dW0sh7iFVIFkny4260o6f02MK5XBAQWnxDZDlm2gq_oi0iiJNPdPcKrXf47ai70IKscLlNtUw\" alt=\"\" border=\"0\" hspace=\"0\" data-inlineimagemanipulating=\"true\" \/><\/strong><\/div>\n<p><img decoding=\"async\" src=\"https:\/\/41sau.img.a.d.sendibm1.com\/im\/2340286\/9fc74f11c6fe0d16f9a71ab0b324d74ebfcd77a85d68a4267b453b6dea8e3838.jpg?e=82AMC42bKPq9ykkUPBWRyoMU9iiYqqkn1d1NZbSV9sgeFb8-UAnUw_fUoCnaAIIYi_u_Fkz1DKBOnLZRO2Pf0-HSCU59uxAgrsL5cSnYekMQolc6bY2vFPWWQM5mAe3uSpf5HNZGgTREOkKzKxx82Sfac0woxNGYHn2QE0EN-pd-gGBiBbFHgDRJoL1lFIx8Z3a1INq-iLphJlXHyNzASq1YTDfoxMangpnSGg\" alt=\"\" border=\"0\" hspace=\"0\" data-inlineimagemanipulating=\"true\" \/><\/p>\n<div><strong>REUNI\u00d3N DEL OCEBA SEGMENTACION ENERGETICA<\/strong><\/div>\n<div><\/div>\n<div>El Jueves 3 de noviembre Cepral particip\u00f3 de una reuni\u00f3n en la Cooperativa Electrica de Luj\u00e1n en la que estuvieron presentes el Secretario de Energ\u00eda de la Pcia. de Buenos Aires, el Presidente y el Vicepresidente\u00a0 del OCEBA, el Presidente de la Cooperativa de Luj\u00e1n los Intendentes de Luj\u00e1n y Carmen de Areco.<\/div>\n<div><\/div>\n<div>El tema tratado es la <strong>preocupaci\u00f3n del Gobierno Nacional por la baja tasa de inscripci\u00f3n para poder mantener los subsidios en las tarifas energ\u00e9ticas.<\/strong><\/div>\n<div><\/div>\n<div>Con la facturaci\u00f3n de noviembre,<strong> ya se bajar\u00e1 un 20% del subsidio que cubre el Estado y para marzo de 2023 se aplicar\u00e1 el 100% de la quita del subsidio<\/strong>, lo que implicar\u00e1 que el valor de la factura sin subsidios podr\u00e1 significar casi la duplicaci\u00f3n del valor de lo que el usuario venia abonando.<\/div>\n<hr \/>\n<div><strong>SEGMENTACION TARIFARIA DEL<\/strong><\/div>\n<div><strong>SERVICIO EL\u00c9CTRICO<\/strong><\/div>\n<div>\n<div>\n<div>\n<div><strong>Recordamos a nuestros usuarios la importancia de completar el formulario para continuar accediendo a los subsidios de energ\u00eda el\u00e9ctrica.<\/strong><\/div>\n<div><\/div>\n<div><strong>Se mantine abierta la inscripci\u00f3n en el Registro de Acceso a los Subsidios a la Energ\u00eda (RASE) <u>para quienes no hayan iniciado el tr\u00e1mite y quieran mantener los subsidios a la energ\u00eda as\u00ed como para rectificar datos.<\/u><\/strong><\/div>\n<div><\/div>\n<div><strong>El tr\u00e1mite se podr\u00e1 realizar de la siguiente manera:<\/strong><\/div>\n<div><\/div>\n<div><strong>(I) Ingresando en<a href=\"https:\/\/41sau.r.a.d.sendibm1.com\/mk\/cl\/f\/np5LcmcO8HCfjWeweotiGTicaeYhSrhn6pPO-d1d9m1o_USurp3Wa-g-VqS90N1kBbmUBAEZhPc5RKvCwBqEdHSHShQLlJ-egd0v8A1o8gsZx63zsfrFDuIPxNSm4DYKtqunliKa7Ay40LwQxrUs55biae4YuV0sh8RAXlSB8mttIS0LkSB4GkzGqKcHg5kKuR8x2PYDVf5tvwGvaYnuFnFbUiE9eT7FVcVJ6c6nE1A\" target=\"_blank\" rel=\"noreferrer noopener\"> https:\/\/subsidios-energia.argentina.gob.ar<\/a> o desde la aplicaci\u00f3n Mi Argentina, o<\/strong><\/div>\n<div><\/div>\n<div><strong>(II) En la oficina de ANSES m\u00e1s cercana, para lo cual podr\u00e1 solicitar un turno por la p\u00e1gina web <a href=\"https:\/\/41sau.r.a.d.sendibm1.com\/mk\/cl\/f\/fwmmfgoZ-CR5iSMIn_lShlxuSaFSWLm2_n-TYkVRzRd2u85mGMnp4cF92PIBG-UROxcW2DQPBhRUkq9Dy4Cd_sc2j6JT9lH9qia3spwtZwcBblESHUKp3tX4woh7CI27jUlKf2ry8jAqlG5YcMeY5C7Ivv7jsFh1AbVizxb0RmPkexPdm3XURGOfufJg3AFDQ4l2F-BtSw\" target=\"_blank\" rel=\"noreferrer noopener\">http:\/\/www.anses.gov.ar turnos<\/a>\u00a0.<\/strong><\/div>\n<div><\/div>\n<div><strong>Por otra parte, remarcamos que si bien, de conformidad con lo establecido en la Resoluci\u00f3n N\u00ba 631\/2022 y Disposici\u00f3n SPE N\u00ba 3\/2022, los usuarios beneficiarios de Tarifa Social se encuentran incorporados al padr\u00f3n de beneficiarios del RASE como Nivel 2 (Menores Ingresos), aquellos usuarios que no se hayan inscripto en el RASE deber\u00e1n realizar la inscripci\u00f3n, a fin de mantener el subsidio a la energ\u00eda.<\/strong><\/div>\n<\/div>\n<\/div>\n<\/div>\n<div>\n<div>\n<div><\/div>\n<\/div>\n<\/div>\n<div><strong>\u00a0 \u00a0 \u00a0 \u00a0 \u00a0 \u00a0 \u00a0 \u00a0 \u00a0 \u00a0 \u00a0 \u00a0 \u00a0 \u00a0 \u00a0 \u00a0 \u00a0 \u00a0 \u00a0 \u00a0 \u00a0 \u00a0 \u00a0 Consejo de Administraci\u00f3n Cepral<\/strong><\/div>\n<div>\n<hr \/>\n<\/div>\n<div><strong>PARA UNA MEJOR ATENCI\u00d3N EN NUESTRA SEDE:<\/strong><\/div>\n<div>\n<p>\u00a1Recomendamos gestionar previamente un turno personalizado a trav\u00e9s de nuestra p\u00e1gina web o desde el chat de CepralBot!<\/p>\n<hr \/>\n<p><img decoding=\"async\" src=\"https:\/\/41sau.img.a.d.sendibm1.com\/im\/2340286\/f904fd3f7b7068f173f9167c132f89f25f12346a88e9bfb9f266bc7009aae7e4.jpg?e=CW0SXk9auMbKo7SkugkdIjf4n9o08TPHShEGXNfwpWajAHHt_3App5n40bnjgjyH4XgM7tPtPvcq6o39gn7mhQa0SNk5eq832FokbSpXcLKCuDUmAjHckK6hv_4GJCRtZJCzvDIdhRJLs4RXk5a3hrZSxEeXsOsY9mns-HbAcK5qXlnvbxYU9RGmneh_9yT0Gkyc6vdWFUCaElPp_v9VsDQI8tRozjtmw34xog\" alt=\"\" border=\"0\" hspace=\"0\" data-inlineimagemanipulating=\"true\" \/><\/p>\n<\/div>\n<div><strong><img loading=\"lazy\" decoding=\"async\" class=\"alignleft\" src=\"https:\/\/41sau.img.a.d.sendibm1.com\/im\/2340286\/b5cf108f768bf0303ab9b7ee4d56ab1c81c9640795418ab1fe4e89d10af823b2.jpg?e=9cC9L8TnI49-dhDPo41wos_JEew9J-fMssqgSEgoqS8XZm0pEKCnPoxcvlSj6C3bzKHuAZEXqlzaZLvHFfh-xFZDPPrUbnQpoiPdJnSSf5JBnfnmhCx9MfvMrQsusxe8MywxeCVkfCzEKJEifXCyPjJJ3RI92EKBYY599Kcl6jUSn0MYwb-3YcVAk1qK_-xcRCBbfPZzyPgrnGhonrpIEITM1NmDh--8rbef5A\" alt=\"\" width=\"132\" height=\"243\" border=\"0\" hspace=\"0\" data-inlineimagemanipulating=\"true\" \/>FIBRA \u00d3PTICA EN TU HOGAR PARA\u00a0 LOS VECINOS DE LAS SERIES\u00a0 2\u00b0 Y 6\u00b0 DE EL REMANSO Y JULAR\u00d3.<\/strong><\/div>\n<div>La obra de tendido de la red ya est\u00e1 finalizada .<\/div>\n<div><\/div>\n<div>Ya hemos conectado a 380 usuarios de la 2\u00b0 y6\u00b0 Series de El Remanso y Jular\u00f3 que est\u00e1n disfrutando del Servicio Fibra \u00d3ptica a Tu Hogar.<\/div>\n<div><\/div>\n<div>Estamos realizando un promedio de 8 altas diarias siguiendo la lista de prioridades.<\/div>\n<hr \/>\n<p>&nbsp;<\/p>\n<p><strong><img loading=\"lazy\" decoding=\"async\" class=\"alignright\" src=\"https:\/\/41sau.img.a.d.sendibm1.com\/im\/2340286\/051a5ffa879198327bc0b067bbb93899a22a337765e03439567585c18bf3d7af.jpg?e=0At2a3We77b937KsB8SbPP5hyYm1ClNDCpnEbNWQK8HpBzXW0Nm1IoxnkQRegYcf4KpeA8g7SFS4p7rowztqY3PiZ8E9YTi-hjCDYmtYNxA8ItlZ_jC9kPBjS3Xq83pBPD_ZNHXvvgQilBSG4-8r1uyuXDVjK7pyVoas-O5SG5rKC1-hTOkEMw9Ui8p-tLnUyQDM7wRzOsqkMzhtKURK1kKiUzKIIr6BFxiqsQ\" alt=\"\" width=\"227\" height=\"419\" border=\"0\" hspace=\"0\" data-inlineimagemanipulating=\"true\" \/>PROYECTO FIBRA \u00d3PTICA EN TU HOGAR PARA\u00a0 LOS VECINOS DE LAS SERIES\u00a0 1\u00b0, 3\u00b0 Y 4\u00b0 DE EL REMANSO.<br \/>\n<\/strong><\/p>\n<div>Ya llegamos al 90% de la obra de tendido de Fibra \u00d3ptica, para brindar el servicio de FTTH a las 1\u00b0, 3\u00b0 y 4\u00b0 Series de El Remanso.<\/div>\n<div><\/div>\n<div>Continuamos con las tareas de instalaci\u00f3n de cajas de distribuci\u00f3n en la segunda etapa de esta obra.<\/div>\n<div><\/div>\n<div>Conectamos a nuestros primeros 10 usuarios.<\/div>\n<div><\/div>\n<div>\n<p>Les agradecemos a todos los vecinos de los distintos barrios por confiar en nuestra Cooperativa mediante su aporte para poder llevar adelante estas obras que benefician a toda la comunidad.<\/p>\n<\/div>\n<hr \/>\n<p><img decoding=\"async\" src=\"https:\/\/41sau.img.a.d.sendibm1.com\/im\/2340286\/97d825c7732fec34beb46258572983ccbe99675420fec35590aa01706629b234.jpg?e=vgJkkzna_xdr06sI52Co4gqcSafpUnSfwCxPefMU6k0dxh_HBJQ6ECGnW4FzQ43uoQGD1m-F1sH2r7CvawlZ-mCugKi3dpiygRVwqs8BeQiD5Esx-sGAaKet9xvh89LisUv_mztJ3LOLoKvuCBoqeJUmWRjQWe8--B-XKI_b4YPLrxOqqhbGaCnml86vK5KWg1_9Edm7ORzFEh3W1HupOEYb-9NtK2LbPnM2mg\" alt=\"\" border=\"0\" hspace=\"0\" data-inlineimagemanipulating=\"true\" \/><\/p>\n<p style=\"text-align: center;\"><strong>PROYECTO: MEDIDORES DE TELEMETRIA<\/strong><\/p>\n<div>Dentro del esquema de renovaci\u00f3n tecnol\u00f3gica encarado por la Cooperativa, desde principios de junio de este a\u00f1o el equipo t\u00e9cnico del Sector El\u00e9ctrico viene trabajando en la implementaci\u00f3n de un proyecto de Medidores con Telemetr\u00eda.<br \/>\nEstos nuevos medidores est\u00e1n dise\u00f1ados para que mediante un software especial se pueda monitorear la tensi\u00f3n, la corriente y el consumo del usuario de manera inmediata desde la central de la cooperativa.<\/div>\n<div>Todav\u00eda nos encontramos en etapa de prueba. En un principio se comenz\u00f3 con barrios testigo como Indio Cu\u00e1 y Sakura y a la fecha ya tenemos algunos medidores en 10 de los barrios de nuestra concesi\u00f3n.<\/div>\n<div><strong>A ra\u00edz de la experiencia de Cepral, este Proyecto se hace Regional y<\/strong> por esta raz\u00f3n fuimos invitados a una capacitaci\u00f3n internacional sobre telemetr\u00eda que se llev\u00f3 a cabo en la sede Central de FACE Regional.<\/div>\n<div><strong>Esta tecnolog\u00eda nos permitir\u00e1 en un futuro ofrecer medidores de sistema prepago<\/strong>, en los que el usuario podr\u00e1 cargar un monto en pesos que se traduce en una cantidad de kilowatts, similar al servicio prepago de telefon\u00eda celular o TV por cable.<\/div>\n<div>Otra de los beneficios de estos medidores es que <strong>cuando detectan que el usuario tiene baja tensi\u00f3n autom\u00e1ticamente cortar\u00e1 el suministro el\u00e9ctrico evitando de esta manera desperfectos en el domicilio y protegiendo los electrodom\u00e9sticos del hogar<\/strong>.<\/div>\n<div>Permitir\u00e1 tambi\u00e9n tomar el estado de los medidores desde la propia central. A su vez el usuario podr\u00e1 saber cu\u00e1nto est\u00e1 consumiendo en tiempo real.<\/div>\n<div>La Cooperativa planifica poder hacer un cambio masivo implement\u00e1ndolo de manera paulatina en toda su \u00e1rea de concesi\u00f3n.<\/div>\n<div>\n<hr \/>\n<\/div>\n<div style=\"text-align: center;\"><strong>Obras de reestructuraci\u00f3n de Red en<br \/>\nMedia Tensi\u00f3n.<\/strong><\/div>\n<div>\n<hr \/>\n<\/div>\n<div>\n<p><strong><img loading=\"lazy\" decoding=\"async\" class=\"alignleft\" src=\"https:\/\/41sau.img.a.d.sendibm1.com\/im\/2340286\/7320bd46375288e997e6c1c7c47f4cb7e3e36762ffbf0a0ab510c8cc583a4bb3.jpg?e=jkzSiS15EykNdhoWanIJXWeH7cfU-uVEencvZmb6L5WcJOk-72Rxn63afdWB7uFbq5KSPeWc1OkxuQsfvCDHJVR0KjZZv8OR7ONbUGup7XRHWS-mcKrNVOLjZciyENU2WQjzX9NeEWT-J0C-qrdzw7F9aet0bq6G1-E08i7WufpWZl74u2928kOxSrcqfB1tDTKL6MojpYboP1tD5tQBtpOPFPqEfBqMUtXh2g\" alt=\"\" width=\"133\" height=\"196\" border=\"0\" hspace=\"0\" data-inlineimagemanipulating=\"true\" \/>OBRA DE REPOTENCIACI\u00d3N BARRIOS LOS PINOS-SAKURA<\/strong><\/p>\n<p>&nbsp;<\/p>\n<\/div>\n<div><strong>Cumpliendo con nuestra planificaci\u00f3n, estimamos poder finalizar con los trabajos de esta importante obra para finales de la pr\u00f3xima semana.<\/strong><\/div>\n<div><\/div>\n<div>Con ella se beneficiar\u00e1n los vecinos y usuarios de los barrios Los Pinos, Sakura y de sus \u00e1reas cercanas.<\/div>\n<div>\n<hr \/>\n<\/div>\n<div>\n<p><img decoding=\"async\" src=\"https:\/\/41sau.img.a.d.sendibm1.com\/im\/2340286\/f0736702830b1083b0d5b6647487e91c5e690f42c4331854e5b056eb688e2fef.jpg?e=Uv37avPO9Ah-XBW12YvaKlZ6GVXbXGvPAEunq0JUyJPkzv1ViFbmRLX96KfnTnNisiRZS2Wp9lS8QyhZn_xl2i5NOaOH3jQxouIipemhCoJT-njAC10ZVgjlyx7_3QePVl__-Xx5oLmO0SRbQEObfglnes1x9FVMvEnv_aPIc4FKBeg5m4HxqZg0QM8TfZiZeGESMy_QPJVH7ohxfBlKqRhgQ_6Y__v2u4_4ug\" alt=\"\" border=\"0\" hspace=\"0\" data-inlineimagemanipulating=\"true\" \/><\/p>\n<hr \/>\n<\/div>\n<div><img decoding=\"async\" src=\"https:\/\/41sau.img.a.d.sendibm1.com\/im\/2340286\/d2c87c1b38f2ca0213c518f69a1b774684f90af2c18db0e326a1bb36332926d1.jpg?e=BplTbWXuXRDLKw-PuiszP7uV15CXsjo2wxW1tFGo45dtr1G1nspRTT5CnXw_T38hXg9nXx4ogQaNR8Y6rfyjxd9WfRX0uooqzFpY8XhxyMRvHwjC-ssdRQkKeebGLHNUN2G7KRAfEqprTsovDxUZ7XdpJRfcEUbEFMg3fFFIY1_7MMg7AIdniQKD13qxEJPkxu0FEgeP7RTLn2kK78yWMQa3QSZQ7et-eO_gCQ\" alt=\"\" border=\"0\" hspace=\"0\" data-inlineimagemanipulating=\"true\" \/><\/div>\n<div>\n<div>El martes 1\u00b0 de noviembre Cepral partici\u00f3 del acto de inauguraci\u00f3n del edificio del Jard\u00edn de Infantes N\u00b0 905 &#8220;Ver\u00f3nica Leticia Delamer&#8221;, situado en Arroyo de la Cruz. Fue en el marco del programa Escuelas a la Obra, que ya alcanz\u00f3 los 113 nuevos edificios escolares.<\/div>\n<div><\/div>\n<div>\n<p>El gobernador de la provincia de Buenos Aires, Axel Kicillof, encabez\u00f3 junto al Ministro de Educaci\u00f3n de la Naci\u00f3n, Jaime Perczyk; el director general de Cultura y Educaci\u00f3n, Alberto Sileoni; el intendente local, Diego Nanni; y la directora de la instituci\u00f3n, Griselda S\u00e1nchez.<\/p>\n<hr \/>\n<p><img decoding=\"async\" src=\"https:\/\/41sau.img.a.d.sendibm1.com\/im\/2340286\/f904fd3f7b7068f173f9167c132f89f25f12346a88e9bfb9f266bc7009aae7e4.jpg?e=iFl2_JNY3rIKvlPiXNwcgQju4vfC_fzsZk05CCotus9_6oI1pZTR7TRAbcy_7PQ15lKxG2YWC0VVZV84MaJ1P_yzigGHG3cIuyYpzIWEPHtED0DdOLeb8nL3YNvkEVuxGIPblVPHgPdvYuk_4hhBDXyug0_3TURs0o3Nh8r7rT0jJSUODBWGRW6gLqWYmqDiYWtGO1PNrif41GbErXbcVcq-pvUiW1tEI_W5rA\" alt=\"\" border=\"0\" hspace=\"0\" data-inlineimagemanipulating=\"true\" \/><img decoding=\"async\" src=\"https:\/\/41sau.img.a.d.sendibm1.com\/im\/2340286\/a7acf7f596ece8aa7bd4937bb9160d3dad709fad2e9297fce73d205f23b5e1f6.jpg?e=dEJm7XV01QhOT9OUwaZSEABz7jZYvTow_HI8IDzNtb3eMZd2lDm7Ehv0C7Shg4WGjf9wfhh2wh-6FfvNe3USdUqMeb1tIwmo9pcyAxsOKas36AVtkG8oxfF0cb2tD1ELN-u5qoFwUUmGC-Xx4_gr5S4w1X3n8q6E1zMhxui3F7ys1aQTFLHkZirtEHEXfe37WYC5SNTe42TFF4hB59EEqH5J3Ph1sI2PIZ4sjQ\" alt=\"\" border=\"0\" hspace=\"0\" data-inlineimagemanipulating=\"true\" \/><img decoding=\"async\" src=\"https:\/\/41sau.img.a.d.sendibm1.com\/im\/2340286\/ff68697b0bacf433fedc7a67283b6a7e25e55c73925223e9b5544590836f94ed.jpg?e=dQGoJe2sjfKppAWM2gqyJlO3HSKjOiNyiUXYyjcXbg7ACQ6M41TXCQfjBc_TZzM1n9xHCWR9SfRhn6UO34XQdhUgsj8u4JEZt6scGLojS5AgLmRcV7Cxl4ZF4nnfLJGtw17lxgAM3iCkE_eV4360lTCSsldHuRIhl7h-t4j0DkjCfueoIQZ1kBe96ipNYPu2XgunEW-_6cToUYPewSGhDas-skpjD8rVIo_rXw\" alt=\"\" border=\"0\" hspace=\"0\" data-inlineimagemanipulating=\"true\" \/><\/p>\n<\/div>\n<\/div>\n<div><b><img loading=\"lazy\" decoding=\"async\" class=\"alignleft\" src=\"https:\/\/41sau.img.a.d.sendibm1.com\/im\/2340286\/349d1716e8bf1b20a18a1d9ec91e6eb447eb0c801cb7603c1635599853e995f8.jpg?e=RwlkQc1eHVBddGOZ_sv3-YGVABc8C410BkR8H0LVT16eXuMxKWo0x0D8NF1GAq88C5hlHk2YZiSlraONCwH6AAuV1v6czBDDE4mbj4YPd9eYC2dmd8prH4FpZjj2SuVJ9nIQmgDa90gm2mizDEmkD8N1e_FXT98kV2apAx1oY7yM87oTAF589_FWmDElBGM9bGLRv_PAoMyZGHE0-RFRs1AZLen09DLOWO--vw\" alt=\"\" width=\"236\" height=\"305\" border=\"0\" hspace=\"0\" data-inlineimagemanipulating=\"true\" data-id=\"1667593241463\" \/>Nueva Muestra CepralArte<\/b><\/div>\n<div>\n<div>Desde el viernes 28 de octubre se puede visitar la exposici\u00f3n fotogr\u00e1fica colectiva compuesta por:<\/div>\n<div><\/div>\n<div>&#8220;<strong>Abstracciones&#8221;<\/strong> de <strong>Selva Burgo<\/strong>\u00a0 artista visual y vecina de Barrio Parque Exaltaci\u00f3n.<\/div>\n<div><\/div>\n<div><strong>&#8220;Sintiendo esa Libertad&#8221;<\/strong> de <strong>David Toubes<\/strong>, fot\u00f3grafo de El Remanso.<\/div>\n<div><\/div>\n<div>Complementamdo la instalci\u00f3n del cuarto oscuro del foto\u00b4grafo y vecionode Jular\u00f3 Guillermo Garc\u00eda del R\u00edo.<\/div>\n<hr \/>\n<\/div>\n<div style=\"text-align: center;\"><strong>\u00a1Mantener libre de ramas las l\u00edneas de cableado previene accidentes que pueden da\u00f1ar a personas o electrodom\u00e9sticos y contribuye a una mejor calidad de servicio!<\/strong><\/div>\n<div>\n<hr \/>\n<\/div>\n<div><\/div>\n<div><img decoding=\"async\" src=\"https:\/\/41sau.img.a.d.sendibm1.com\/im\/2340286\/ed63366bed89d77a392fedb10f1cb29766958558e658d04db42a8b18bc9eded2.jpg?e=xBn8u0iyuGIn3Pokhig0rMb3d5xYwZPEapk_tlC0vdm8pN5tD2gN13YcRNTet-YNO0uk4UaJEKsQtaE9cR7iT3tqdWg0olLq-uWeIGzakQAmKNXfutXd2g0jCsw0ZS2xebxLNbyVZlwr64wBkkKu9BhlrTw-z4eC0ApVnyMO8EzeEXbhPJd_09Pm1c1D7TjdWv810sq8D6Ku_BEuj4gC1fRTcEvsDTK5v-ZD4A\" alt=\"\" border=\"0\" hspace=\"0\" data-inlineimagemanipulating=\"true\" \/><\/div>\n<p>&nbsp;<\/p>\n","protected":false},"excerpt":{"rendered":"<p>EL INFORME.<\/p>\n","protected":false},"author":3,"featured_media":16853,"comment_status":"open","ping_status":"open","sticky":false,"template":"","format":"standard","meta":{"footnotes":"","jetpack_publicize_message":"","jetpack_publicize_feature_enabled":true,"jetpack_social_post_already_shared":false,"jetpack_social_options":{"image_generator_settings":{"template":"highway","default_image_id":0,"font":"","enabled":false},"version":2}},"categories":[5],"tags":[2086],"class_list":["post-18502","post","type-post","status-publish","format-standard","has-post-thumbnail","hentry","category-aqui-parada-robles","tag-cepral-informe"],"jetpack_publicize_connections":[],"jetpack_featured_media_url":"https:\/\/revistaepocadigital.com.ar\/wp-content\/uploads\/2022\/07\/cepral-logo.png","jetpack_likes_enabled":true,"_links":{"self":[{"href":"https:\/\/revistaepocadigital.com.ar\/index.php?rest_route=\/wp\/v2\/posts\/18502","targetHints":{"allow":["GET"]}}],"collection":[{"href":"https:\/\/revistaepocadigital.com.ar\/index.php?rest_route=\/wp\/v2\/posts"}],"about":[{"href":"https:\/\/revistaepocadigital.com.ar\/index.php?rest_route=\/wp\/v2\/types\/post"}],"author":[{"embeddable":true,"href":"https:\/\/revistaepocadigital.com.ar\/index.php?rest_route=\/wp\/v2\/users\/3"}],"replies":[{"embeddable":true,"href":"https:\/\/revistaepocadigital.com.ar\/index.php?rest_route=%2Fwp%2Fv2%2Fcomments&post=18502"}],"version-history":[{"count":0,"href":"https:\/\/revistaepocadigital.com.ar\/index.php?rest_route=\/wp\/v2\/posts\/18502\/revisions"}],"wp:featuredmedia":[{"embeddable":true,"href":"https:\/\/revistaepocadigital.com.ar\/index.php?rest_route=\/wp\/v2\/media\/16853"}],"wp:attachment":[{"href":"https:\/\/revistaepocadigital.com.ar\/index.php?rest_route=%2Fwp%2Fv2%2Fmedia&parent=18502"}],"wp:term":[{"taxonomy":"category","embeddable":true,"href":"https:\/\/revistaepocadigital.com.ar\/index.php?rest_route=%2Fwp%2Fv2%2Fcategories&post=18502"},{"taxonomy":"post_tag","embeddable":true,"href":"https:\/\/revistaepocadigital.com.ar\/index.php?rest_route=%2Fwp%2Fv2%2Ftags&post=18502"}],"curies":[{"name":"wp","href":"https:\/\/api.w.org\/{rel}","templated":true}]}}