{"id":1851,"date":"2019-03-08T01:00:54","date_gmt":"2019-03-08T04:00:54","guid":{"rendered":"https:\/\/revistaepocadigital.com.ar\/?p=1851"},"modified":"2019-03-08T01:00:54","modified_gmt":"2019-03-08T04:00:54","slug":"arranque-del-concejo-deliberante-reflejo-del-ano-con-alto-voltaje-que-se-avecina","status":"publish","type":"post","link":"https:\/\/revistaepocadigital.com.ar\/?p=1851","title":{"rendered":"ARRANQUE DEL CONCEJO DELIBERANTE. REFLEJO DEL A\u00d1O CON ALTO VOLTAJE QUE SE AVECINA."},"content":{"rendered":"<p><strong>EL CRUCIAL A\u00d1O ELECTORAL.<\/strong><!--more--><\/p>\n<p>Ha comenzado a afrontarlo el pa\u00eds y por ende<strong> Exaltaci\u00f3n de la Cruz,<\/strong> con el futuro nada menos en juego ante la pugna electoral entre la actual administraci\u00f3n que acumula casi tres d\u00e9cadas en el poder y la oposici\u00f3n encabezada por Cambiemos, sum\u00e1ndose otras vertientes opositoras entre otras como el justicialismo que propugna la unidad, el Frente Renovador y la Coalici\u00f3n C\u00edvica-ARI, qued\u00f3 patentizado en la inauguraci\u00f3n.<\/p>\n<p>El <strong>clima vivido en el sal\u00f3n del HCD<\/strong> fue demostrativo que la <strong>carrera electoral hacia la intendencia ha comenzado,<\/strong> y los contendientes est\u00e1n dispuestos a apostar fuerte para conseguir el respaldo de la poblaci\u00f3n exaltacruce\u00f1a. As\u00ed fue que casi hubo asistencia perfecta entre funcionarios municipales, concejales, dirigentes pol\u00edticos, militantes, empleados de la comuna y vecinos.<\/p>\n<p>No faltaron mientras dirigi\u00f3 el intendente <strong>Adri\u00e1n S\u00e1nchez<\/strong> su mensaje inaugurando las sesiones ordinarias con el titular del cuerpo y considerado candidato a intendente por Cambiemos, <strong>Ra\u00fal Sancho<\/strong> a su lado, los <strong>reclamos de vecinos del distrito<\/strong> por problemas y falencias que padecen.<\/p>\n<figure id=\"attachment_1857\" aria-describedby=\"caption-attachment-1857\" style=\"width: 300px\" class=\"wp-caption alignleft\"><img loading=\"lazy\" decoding=\"async\" class=\"size-medium wp-image-1857\" src=\"https:\/\/revistaepocadigital.com.ar\/wp-content\/uploads\/2019\/03\/hcd-sanche.sancho19-300x225.jpg\" alt=\"\" width=\"300\" height=\"225\" srcset=\"https:\/\/revistaepocadigital.com.ar\/wp-content\/uploads\/2019\/03\/hcd-sanche.sancho19-300x225.jpg 300w, https:\/\/revistaepocadigital.com.ar\/wp-content\/uploads\/2019\/03\/hcd-sanche.sancho19-768x576.jpg 768w, https:\/\/revistaepocadigital.com.ar\/wp-content\/uploads\/2019\/03\/hcd-sanche.sancho19-80x60.jpg 80w, https:\/\/revistaepocadigital.com.ar\/wp-content\/uploads\/2019\/03\/hcd-sanche.sancho19-160x120.jpg 160w, https:\/\/revistaepocadigital.com.ar\/wp-content\/uploads\/2019\/03\/hcd-sanche.sancho19-265x198.jpg 265w, https:\/\/revistaepocadigital.com.ar\/wp-content\/uploads\/2019\/03\/hcd-sanche.sancho19-530x396.jpg 530w, https:\/\/revistaepocadigital.com.ar\/wp-content\/uploads\/2019\/03\/hcd-sanche.sancho19.jpg 960w, https:\/\/revistaepocadigital.com.ar\/wp-content\/uploads\/2019\/03\/hcd-sanche.sancho19-696x522.jpg 696w, https:\/\/revistaepocadigital.com.ar\/wp-content\/uploads\/2019\/03\/hcd-sanche.sancho19-560x420.jpg 560w\" sizes=\"auto, (max-width: 300px) 100vw, 300px\" \/><figcaption id=\"caption-attachment-1857\" class=\"wp-caption-text\">Faure (secretaria), S\u00e1nchez y Sancho en la apertura de sesiones.<\/figcaption><\/figure>\n<p>&nbsp;<\/p>\n<p>El mensaje del intendente prolongado y pormenorizado, aludi\u00f3 a menciones de concreciones de la administraci\u00f3n comunal y planes previstos para aplicar en distintas \u00e1reas, haciendo hincapi\u00e9 en el rubro de la salud p\u00fablica y el funcionamiento del <strong>Hospital San Jos\u00e9,<\/strong> considerado por la actual administraci\u00f3n como el gran eje de la gesti\u00f3n.<\/p>\n<p><strong>S\u00e1nchez<\/strong> efectu\u00f3 un racconto en su alocuci\u00f3n como hizo cada a\u00f1o precedente, pormenorizando todos los programas y las acciones de su gobierno llevadas a cabo el a\u00f1o \u00faltimo. Como qued\u00f3 dicho, la salud p\u00fablica y el hospital, son para la gesti\u00f3n municipal claves y uno de los puntos fuertes en los que se apoya de cara a las elecciones, en tal sentido el intendente des destac\u00f3 la puesta en funcionamiento del sector de Hemodinamia, y del Resonador. Tambi\u00e9n hubo un extenso pasaje referido a los programas culturales, y talleres que se imparten en las diferentes localidades. Sin embargo, poco se dijo sobre lo que se propone ejecutar su gesti\u00f3n en materia de <strong>obras p\u00fablicas<\/strong> en el \u00a0presente ejercicio. \u00a0Aludi\u00f3 a su vez Sanchez a la discriminaci\u00f3n que percibe, lleva a cabo el gobierno de la provincia al que dijo, reitera reclamos como por ejemplo, en materia de medios, moviles e implementos para la seguridad, sin encontras las respuestas esperadas.<\/p>\n<figure id=\"attachment_1858\" aria-describedby=\"caption-attachment-1858\" style=\"width: 640px\" class=\"wp-caption aligncenter\"><img loading=\"lazy\" decoding=\"async\" class=\"size-full wp-image-1858\" src=\"https:\/\/revistaepocadigital.com.ar\/wp-content\/uploads\/2019\/03\/reclamovecinos-hcd-19.jpg\" alt=\"\" width=\"640\" height=\"480\" srcset=\"https:\/\/revistaepocadigital.com.ar\/wp-content\/uploads\/2019\/03\/reclamovecinos-hcd-19.jpg 640w, https:\/\/revistaepocadigital.com.ar\/wp-content\/uploads\/2019\/03\/reclamovecinos-hcd-19-300x225.jpg 300w, https:\/\/revistaepocadigital.com.ar\/wp-content\/uploads\/2019\/03\/reclamovecinos-hcd-19-80x60.jpg 80w, https:\/\/revistaepocadigital.com.ar\/wp-content\/uploads\/2019\/03\/reclamovecinos-hcd-19-160x120.jpg 160w, https:\/\/revistaepocadigital.com.ar\/wp-content\/uploads\/2019\/03\/reclamovecinos-hcd-19-265x198.jpg 265w, https:\/\/revistaepocadigital.com.ar\/wp-content\/uploads\/2019\/03\/reclamovecinos-hcd-19-560x420.jpg 560w\" sizes=\"auto, (max-width: 640px) 100vw, 640px\" \/><figcaption id=\"caption-attachment-1858\" class=\"wp-caption-text\">Vecinos del distrito, hicieron notar sus reclamos.<\/figcaption><\/figure>\n<p><strong>Vecinos de diferentes barrios<\/strong> del <strong>Corredor de la ruta 8<\/strong>, le pusieron cierta tensi\u00f3n a la sesi\u00f3n, al manifestarse, al hacer \u201coir\u201d sus reclamos con carteles debido a la \u00a0falta de obras, al mal estado de las calles, carencia de luminarias, inseguridad, limpieza, entre otros reclamos. Los carteles en alto fueron matenidos durante toda la sesi\u00f3n, quiz\u00e1 resaltando uno que sostenido por una vecina, rezaba <em>\u201csomos invisibles\u201d<\/em>, a modo de pantentizar la falta de respuestas del municipio.<\/p>\n<p>Por otra parte, tambi\u00e9n padres y alumnos de la <strong>Escuela T\u00e9cnica<\/strong> ubicada en<strong> Parada Robles<\/strong>, reclamaron por la puesta en funcionamiento de un servicio de colecitvos que permita el traslado de los chicos desde <strong>Cardales y Capilla del Se\u00f1or<\/strong> hacia la escuela.<\/p>\n<p>M\u00e1s de los atendibles reclamos, y con simpatizantes de partidos pol\u00edticos y pol\u00edticos como <strong>Horacio Errazu y Alejandro Marcus<\/strong>, la sesi\u00f3n si bien por momentos con cierto clima inquieto, transcurri\u00f3 con normalidad y sin chicanas y cruces verbales como los reiterados el a\u00f1o pasado.<\/p>\n<p>El momento de mayor emoci\u00f3n se vivi\u00f3 al recordarse al submarinista<strong> Luis Niz<\/strong>, vecino de nuestro partido, integrante del <strong>submariano ARA San Juan,<\/strong> as\u00ed como a sus compa\u00f1eros. La concurrencia de pie, les brind\u00f3 el homenaje merecido a los h\u00e9rores desaparecidos en las aguas del Atl\u00e1ntico sur.<\/p>\n<p>El martes 12 de marzo, comenzaban las sesiones propiamente dichas, y el trabajo formal de los concejales, a los que se sum\u00f3 como titular <strong>Mart\u00edn Faure<\/strong> en reemplazo de <strong>Mar\u00eda Luz Bozzani,<\/strong> quien como es sabido pas\u00f3 a integrar el elenco del ejecutivo municipal.<\/p>\n<p>2019 promete <strong>complicaciones<\/strong> para el oficialismo local, la falta de recursos econ\u00f3micos persiste y complicar\u00e1 hacer frente a los distintos requerimientos, obras y servicios apuntados a los vecinos, lo que no sorprender\u00eda que los reclamos se reiteraran.<\/p>\n<p>Tambi\u00e9n para la oposici\u00f3n liderada por Cambiemos, el panorama no asoma exento de obst\u00e1culos, entre los que se deben apuntar los reiterados aumentos de tarifas resueltos por el gobierno nacional y el ordenamiento de las estrategias internas para afrontar las elecciones.<\/p>\n<p><strong>Meses duros<\/strong> como los que se han venido viviendo, aguardan al HCD, donde habr\u00e1 que ver el nivel y profundidad de los debates en el que no ser\u00e1 extra\u00f1o, se <strong>entrometa la campa\u00f1a electoral.<\/strong> Valdr\u00eda la pena recordar que las ideas y proyectos que fluyan en beneficio de los vecinos de <strong>Exaltaci\u00f3n de la Cruz<\/strong>, no se vean neutralizados por los intereses pol\u00edticos partidarios. Habr\u00e1 que desear que la campa\u00f1a electoral no se instale en el reciento del HCD y peor a\u00fan al momento de las votaciones de proyectos.<\/p>\n<p>&nbsp;<\/p>\n<p>Fotos: prensa municipalidad y revista Epoca.<\/p>\n<p>&nbsp;<\/p>\n","protected":false},"excerpt":{"rendered":"<p>EL CRUCIAL A\u00d1O ELECTORAL.<\/p>\n","protected":false},"author":4,"featured_media":1854,"comment_status":"open","ping_status":"open","sticky":false,"template":"","format":"standard","meta":{"footnotes":"","jetpack_publicize_message":"","jetpack_publicize_feature_enabled":true,"jetpack_social_post_already_shared":false,"jetpack_social_options":{"image_generator_settings":{"template":"highway","default_image_id":0,"font":"","enabled":false},"version":2}},"categories":[17],"tags":[93,37],"class_list":["post-1851","post","type-post","status-publish","format-standard","has-post-thumbnail","hentry","category-politica","tag-concejo-deliberante","tag-destacada"],"jetpack_publicize_connections":[],"jetpack_featured_media_url":"https:\/\/revistaepocadigital.com.ar\/wp-content\/uploads\/2019\/03\/sanche-sancho-hcd-muni19.jpg","jetpack_likes_enabled":true,"_links":{"self":[{"href":"https:\/\/revistaepocadigital.com.ar\/index.php?rest_route=\/wp\/v2\/posts\/1851","targetHints":{"allow":["GET"]}}],"collection":[{"href":"https:\/\/revistaepocadigital.com.ar\/index.php?rest_route=\/wp\/v2\/posts"}],"about":[{"href":"https:\/\/revistaepocadigital.com.ar\/index.php?rest_route=\/wp\/v2\/types\/post"}],"author":[{"embeddable":true,"href":"https:\/\/revistaepocadigital.com.ar\/index.php?rest_route=\/wp\/v2\/users\/4"}],"replies":[{"embeddable":true,"href":"https:\/\/revistaepocadigital.com.ar\/index.php?rest_route=%2Fwp%2Fv2%2Fcomments&post=1851"}],"version-history":[{"count":0,"href":"https:\/\/revistaepocadigital.com.ar\/index.php?rest_route=\/wp\/v2\/posts\/1851\/revisions"}],"wp:featuredmedia":[{"embeddable":true,"href":"https:\/\/revistaepocadigital.com.ar\/index.php?rest_route=\/wp\/v2\/media\/1854"}],"wp:attachment":[{"href":"https:\/\/revistaepocadigital.com.ar\/index.php?rest_route=%2Fwp%2Fv2%2Fmedia&parent=1851"}],"wp:term":[{"taxonomy":"category","embeddable":true,"href":"https:\/\/revistaepocadigital.com.ar\/index.php?rest_route=%2Fwp%2Fv2%2Fcategories&post=1851"},{"taxonomy":"post_tag","embeddable":true,"href":"https:\/\/revistaepocadigital.com.ar\/index.php?rest_route=%2Fwp%2Fv2%2Ftags&post=1851"}],"curies":[{"name":"wp","href":"https:\/\/api.w.org\/{rel}","templated":true}]}}