{"id":18546,"date":"2022-11-09T21:19:26","date_gmt":"2022-11-10T00:19:26","guid":{"rendered":"https:\/\/revistaepocadigital.com.ar\/?p=18546"},"modified":"2022-11-09T21:19:26","modified_gmt":"2022-11-10T00:19:26","slug":"despedida-de-ano-en-el-cento-de-jubilados-del-barrio-san-jose","status":"publish","type":"post","link":"https:\/\/revistaepocadigital.com.ar\/?p=18546","title":{"rendered":"Despedida de a\u00f1o en el Cento de Jubilados del Barrio San Jos\u00e9."},"content":{"rendered":"<p><strong>EL S\u00c1BADO 3 DE DICIEMBRE A LAS 9 DE LA NOCHE.<\/strong><!--more--><\/p>\n<p>Con una gran pe\u00f1a bailable, el pr\u00f3ximo s\u00e1bado 3 de diciembre en el Centro de Jubilados y Pensionados del Barrio San Jos\u00e9, despiden el a\u00f1o 2022.<\/p>\n<p>En dicho Centro que hace poco cambi\u00f3 de autoridades e inici\u00f3 una nueva etapa, en su sede de la calle Venezuela 1007 en Parada Orlando, Exaltaci\u00f3n de la Cruz, habr\u00e1 buena m\u00fasica para pasar un grato momento con todos los ritmos,\u00a0 artistas invitados y \u00a0servicio de cantina.<\/p>\n<p>Adem\u00e1s se colabora con la Casa del Joven del municipio, \u201clos esperamos para divertirnos junto a nuestro adultos mayores, \u00bfte lo vas a perder?\u201d, comentaron desde la entidad.<\/p>\n","protected":false},"excerpt":{"rendered":"<p>EL S\u00c1BADO 3 DE DICIEMBRE A LAS 9 DE LA NOCHE.<\/p>\n","protected":false},"author":3,"featured_media":18548,"comment_status":"open","ping_status":"open","sticky":false,"template":"","format":"standard","meta":{"footnotes":"","jetpack_publicize_message":"","jetpack_publicize_feature_enabled":true,"jetpack_social_post_already_shared":false,"jetpack_social_options":{"image_generator_settings":{"template":"highway","default_image_id":0,"font":"","enabled":false},"version":2}},"categories":[6],"tags":[2112],"class_list":["post-18546","post","type-post","status-publish","format-standard","has-post-thumbnail","hentry","category-barrios","tag-jubilados-barrio-san-jose"],"jetpack_publicize_connections":[],"jetpack_featured_media_url":"https:\/\/revistaepocadigital.com.ar\/wp-content\/uploads\/2022\/11\/jubil-san-jose.jpg","jetpack_likes_enabled":true,"_links":{"self":[{"href":"https:\/\/revistaepocadigital.com.ar\/index.php?rest_route=\/wp\/v2\/posts\/18546","targetHints":{"allow":["GET"]}}],"collection":[{"href":"https:\/\/revistaepocadigital.com.ar\/index.php?rest_route=\/wp\/v2\/posts"}],"about":[{"href":"https:\/\/revistaepocadigital.com.ar\/index.php?rest_route=\/wp\/v2\/types\/post"}],"author":[{"embeddable":true,"href":"https:\/\/revistaepocadigital.com.ar\/index.php?rest_route=\/wp\/v2\/users\/3"}],"replies":[{"embeddable":true,"href":"https:\/\/revistaepocadigital.com.ar\/index.php?rest_route=%2Fwp%2Fv2%2Fcomments&post=18546"}],"version-history":[{"count":0,"href":"https:\/\/revistaepocadigital.com.ar\/index.php?rest_route=\/wp\/v2\/posts\/18546\/revisions"}],"wp:featuredmedia":[{"embeddable":true,"href":"https:\/\/revistaepocadigital.com.ar\/index.php?rest_route=\/wp\/v2\/media\/18548"}],"wp:attachment":[{"href":"https:\/\/revistaepocadigital.com.ar\/index.php?rest_route=%2Fwp%2Fv2%2Fmedia&parent=18546"}],"wp:term":[{"taxonomy":"category","embeddable":true,"href":"https:\/\/revistaepocadigital.com.ar\/index.php?rest_route=%2Fwp%2Fv2%2Fcategories&post=18546"},{"taxonomy":"post_tag","embeddable":true,"href":"https:\/\/revistaepocadigital.com.ar\/index.php?rest_route=%2Fwp%2Fv2%2Ftags&post=18546"}],"curies":[{"name":"wp","href":"https:\/\/api.w.org\/{rel}","templated":true}]}}