{"id":18558,"date":"2022-11-10T18:11:17","date_gmt":"2022-11-10T21:11:17","guid":{"rendered":"https:\/\/revistaepocadigital.com.ar\/?p=18558"},"modified":"2022-11-10T18:16:32","modified_gmt":"2022-11-10T21:16:32","slug":"internas-radicales-marcelo-aner-dispara-presentaron-la-lista-123-confeccionada-como-en-2021-en-altas-esferas-municipales","status":"publish","type":"post","link":"https:\/\/revistaepocadigital.com.ar\/?p=18558","title":{"rendered":"INTERNAS RADICALES. Marcelo Aner dispara: &#8220;Presentaron la Lista 123, confeccionada como en 2021 en altas esferas municipales&#8221;"},"content":{"rendered":"<div class=\"I_ZkbNhI D_FY W_6D6F\" data-test-id=\"message-view-body\">\n<div class=\"msg-body P_wpofO mq_AS\" data-test-id=\"message-view-body-content\">\n<div class=\"jb_0 X_6MGW N_6Fd5\">\n<div id=\"yiv8868088823\">\n<p><strong>ANTE LAS ELECCIONES INTERNAS EN EL RADICALISMO EXALTACRUCE\u00d1O, ENVUELTAS EN UN CLIMA DE TENSI\u00d3N. EPOCA LE SOLICIT\u00d3 LA OPINI\u00d3N A LEANDRO MARCELO ANER. APELLIDO LIGADO A LA UCR DESDE HACE D\u00c9CADAS, ES UNO DE LOS HIJOS DEL FALLECIDO EX INTENDENTE ADALBERTO ANER.<\/strong><!--more--><\/p>\n<p>&nbsp;<\/p>\n<p class=\"yiv8868088823s2\">En febrero pr\u00f3ximo cumplo 50 a\u00f1os como afiliado radical. El d\u00eda que cumpl\u00ed 18 a\u00f1os, hice tres cosas memorables para m\u00ed: a la ma\u00f1ana fui a la municipalidad a tramitar el carnet de conductor, a la tardecita sal\u00ed con un grupo de la juventud radical brocha en mano a blanquear con cal paredes para la propaganda pol\u00edtica que se avecinaba (elecciones del 11 de marzo de 1973), y de noche cuando volvimos al Comit\u00e9, me esperaban con una torta para festejar mi cumplea\u00f1os, y ah\u00ed firme la ficha de afiliaci\u00f3n a la UCR.<\/p>\n<p class=\"yiv8868088823s2\">En todos estos a\u00f1os vi muchas cosas: grandes aciertos, errores, discusiones v\u00e1lidas otras no tanto. Este domingo (13-11) se llevar\u00e1n a cabo las elecciones internas para renovar las autoridades de la Casa Radical. A nadie escapa las dificultades de todo tipo que sufre nuestro pa\u00eds; econ\u00f3micas, pol\u00edticas y sobre todo institucionales.<\/p>\n<p class=\"yiv8868088823s2\">Es por esto \u00faltimo que me he sumado para estas elecciones internas a la Lista 114 que lleva al correligionario Jos\u00e9 Mar\u00eda Shmidt como presidente del Comit\u00e9 de la UCR de Exaltaci\u00f3n de la Cruz, para seguir aportando a nuestra alianza en Juntos, y apostar a un cambio de gobierno nacional, provincial y fundamentalmente municipal.-<\/p>\n<p class=\"yiv8868088823s2\">Lamentablemente el radicalismo local, sufri\u00f3 luego de las \u00faltimas elecciones generales, una traici\u00f3n brutal y artera de la concejal electa por el radicalismo Ver\u00f3nica Ludwig Dreier. La concejal se vendi\u00f3 al gobierno municipal, permiti\u00e9ndole al oficialismo retener la presidencia del Concejo Deliberante. Esa traici\u00f3n, le ha provocado a nuestro centenario partido una herida enorme que llevar\u00e1 a\u00f1os en superar.<\/p>\n<p class=\"yiv8868088823s2\">Hoy con la misma tenacidad que viene demostrando desde hace 32 a\u00f1os el gobierno municipal, a su enorme maquinaria electoral y no conforme con sus propias fuerzas se ha entrometido en las internas de otros partidos, con el \u00fanico fin de asegurar su status quo, el que maneja desde hace tantas d\u00e9cadas.<\/p>\n<p class=\"yiv8868088823s2\">En esta oportunidad presentaron la Lista 123, confeccionada como en 2021 en altas esferas municipales. En dicha lista abundan punteros pol\u00edticos del municipio, y cuenta con el propio apoyo del intendente Nanni. \u00a0Todo esto para romper a JUNTOS, y asegurarse concejales adeptos a la familia kKirchnerista, como la ahora concejal oficialista Ludwig Dreier.<\/p>\n<p class=\"yiv8868088823s2\">Reitero ac\u00e1 un pasaje del tan importante fallo muy reciente de la Corte Suprema de Justicia de la Naci\u00f3n, sobre las maniobras fraudulentas de Cristina Kirchner en el Senado de la Naci\u00f3n:<\/p>\n<p class=\"yiv8868088823s2\"><em>\u201cLa realizaci\u00f3n de acciones que, con apariencia de legalidad, procuran la instrumentaci\u00f3n de un artificio o artima\u00f1a para simular un hecho falso o disimular uno verdadero con \u00e1nimo de obtener un r\u00e9dito o beneficio ileg\u00edtimo, recibe un enf\u00e1tico reproche en m\u00faltiples normas del ordenamiento jur\u00eddico argentino&#8221;.<\/em><\/p>\n<p class=\"yiv8868088823s2\"><em>&#8220;Tal reproche se acent\u00faa cuando el ardid o la manipulaci\u00f3n, procura lesionar la exigencia de representaci\u00f3n, aspecto de suma trascendencia para la forma de gobierno representativa adoptada por el texto constitucional argentino y, en definitiva, su ideario democr\u00e1tico\u201d,<\/em> advirti\u00f3 la Corte Suprema.<\/p>\n<p class=\"yiv8868088823s2\">Por todo esto que acabo de mencionar, convoco a los correligionarios afiliados, para que este domingo 13 de noviembre voten la Lista interna 114, representante de los intereses irrenunciables de radicalismo de Exaltaci\u00f3n de la Cruz.<\/p>\n<p class=\"yiv8868088823s2\"><strong><em><img loading=\"lazy\" decoding=\"async\" class=\"alignleft size-full wp-image-18562\" src=\"https:\/\/revistaepocadigital.com.ar\/wp-content\/uploads\/2022\/11\/aner-marcelo.jpg\" alt=\"\" width=\"192\" height=\"219\" \/>\u00a0Por Leandro Marcelo Aner.<\/em><\/strong><\/p>\n<\/div>\n<\/div>\n<\/div>\n<\/div>\n<p>&nbsp;<\/p>\n<p>&nbsp;<\/p>\n","protected":false},"excerpt":{"rendered":"<p>ANTE LAS ELECCIONES INTERNAS EN EL RADICALISMO EXALTACRUCE\u00d1O, ENVUELTAS EN UN CLIMA DE TENSI\u00d3N. EPOCA LE SOLICIT\u00d3 LA OPINI\u00d3N A LEANDRO MARCELO ANER. APELLIDO LIGADO A LA UCR DESDE HACE D\u00c9CADAS, ES UNO DE LOS HIJOS DEL FALLECIDO EX INTENDENTE ADALBERTO ANER.<\/p>\n","protected":false},"author":3,"featured_media":18565,"comment_status":"open","ping_status":"open","sticky":false,"template":"","format":"standard","meta":{"footnotes":"","jetpack_publicize_message":"","jetpack_publicize_feature_enabled":true,"jetpack_social_post_already_shared":false,"jetpack_social_options":{"image_generator_settings":{"template":"highway","default_image_id":0,"font":"","enabled":false},"version":2}},"categories":[17],"tags":[2113,1260],"class_list":["post-18558","post","type-post","status-publish","format-standard","has-post-thumbnail","hentry","category-politica","tag-columna-opinion-aner","tag-internas-ucr"],"jetpack_publicize_connections":[],"jetpack_featured_media_url":"https:\/\/revistaepocadigital.com.ar\/wp-content\/uploads\/2022\/11\/aner-mar-1.jpg","jetpack_likes_enabled":true,"_links":{"self":[{"href":"https:\/\/revistaepocadigital.com.ar\/index.php?rest_route=\/wp\/v2\/posts\/18558","targetHints":{"allow":["GET"]}}],"collection":[{"href":"https:\/\/revistaepocadigital.com.ar\/index.php?rest_route=\/wp\/v2\/posts"}],"about":[{"href":"https:\/\/revistaepocadigital.com.ar\/index.php?rest_route=\/wp\/v2\/types\/post"}],"author":[{"embeddable":true,"href":"https:\/\/revistaepocadigital.com.ar\/index.php?rest_route=\/wp\/v2\/users\/3"}],"replies":[{"embeddable":true,"href":"https:\/\/revistaepocadigital.com.ar\/index.php?rest_route=%2Fwp%2Fv2%2Fcomments&post=18558"}],"version-history":[{"count":0,"href":"https:\/\/revistaepocadigital.com.ar\/index.php?rest_route=\/wp\/v2\/posts\/18558\/revisions"}],"wp:featuredmedia":[{"embeddable":true,"href":"https:\/\/revistaepocadigital.com.ar\/index.php?rest_route=\/wp\/v2\/media\/18565"}],"wp:attachment":[{"href":"https:\/\/revistaepocadigital.com.ar\/index.php?rest_route=%2Fwp%2Fv2%2Fmedia&parent=18558"}],"wp:term":[{"taxonomy":"category","embeddable":true,"href":"https:\/\/revistaepocadigital.com.ar\/index.php?rest_route=%2Fwp%2Fv2%2Fcategories&post=18558"},{"taxonomy":"post_tag","embeddable":true,"href":"https:\/\/revistaepocadigital.com.ar\/index.php?rest_route=%2Fwp%2Fv2%2Ftags&post=18558"}],"curies":[{"name":"wp","href":"https:\/\/api.w.org\/{rel}","templated":true}]}}